{"id":16331,"date":"2021-04-05T00:38:00","date_gmt":"2021-04-04T22:38:00","guid":{"rendered":"https:\/\/borncity.com\/senioren\/?p=16331"},"modified":"2024-05-19T19:58:23","modified_gmt":"2024-05-19T17:58:23","slug":"braucht-es-bergamo-fr-einen-harten-lockdown","status":"publish","type":"post","link":"https:\/\/borncity.eu\/senioren\/2021\/04\/05\/braucht-es-bergamo-fr-einen-harten-lockdown\/","title":{"rendered":"Braucht es Bergamo f&uuml;r einen harten Lockdown?"},"content":{"rendered":"<p><img loading=\"lazy\" decoding=\"async\" style=\"float: left; margin: 0px 10px 0px 0px; display: inline;\" title=\"Gesundheit\" src=\"https:\/\/www.borncity.com\/blog\/wp-content\/uploads\/2016\/06\/Gesundheit-2.jpg\" alt=\"Gesundheit\" width=\"60\" height=\"56\" border=\"0\" \/>Notfallmediziner schlagen seit Wochen Alarm, weil Politik und \u00d6ffentlichkeit nicht auf die steigenden COVID-19-Infektionen reagiert. \"Wir rennen sehenden Auges ins Verderben\", sagt der Pr\u00e4sident der Deutschen Interdisziplin\u00e4ren Vereinigung f\u00fcr Intensiv- und Notfallmedizin (DIVI), Professor Gernot Marx, Direktor der Klinik f\u00fcr Operative Intensivmedizin und Intermediate Care am Universit\u00e4tsklinikum Aachen. \u201eWir m\u00fcssen von den hohen Zahlen runter! Jetzt. Augenblicklich.\"<\/p>\n<p><!--more--><\/p>\n<p>Bei den Medizinern liegen mit Sicherheit nicht irgendwelche Nerven blank, denn Intensivmediziner sind Menschen, die in Situationen, in denen es um Leben und Tod geht, ruhig bleiben. Aber so langsam regt sich bei ihnen absolutes Unverst\u00e4ndnis. Und die Stimmen werden lauter, um politisch geh\u00f6rt zu werden. So sind die obigen Aussagen von Professor Gernot Marx zu verstehen. Und weiter:<\/p>\n<blockquote><p>Nur weil die Bev\u00f6lkerung des Lockdowns m\u00fcde ist, k\u00f6nnen wir nicht bei Inzidenzen von 125, einem R-Wert von 1,2 und exponentiell steigenden COVID-19-Patieten auf den Intensivstationen dar\u00fcber nachdenken, wie sich weitere Lockerungen durchsetzen lassen. Zwei oder drei Wochen harten Lockdown \u2013 das l\u00e4sst sich ab Montag \u00fcber die Osterferien gut realisieren. Das wird zahlreiche Menschenleben retten und noch viel mehr vor lebenslangen Langzeitfolgen durch COVID bewahren. Portugal hat es vorgemacht. Erst harter Stopp. Und dann \u00f6ffnen. Das hat super geklappt.<\/p><\/blockquote>\n<p>Deutschland braucht kein Bergamo oder Szenarien wie in New York mit Patienten auf dem Fu\u00dfboden, die sich zu zweit ein Beatmungsger\u00e4t teilen m\u00fcssen.<\/p>\n<h2>Intensivbetten: Es wird eng<\/h2>\n<p>Um die Kapazit\u00e4ten der Intensivstationen genau im Blick zu haben, wurde bereits im vergangenen Fr\u00fchjahr gemeinsam mit dem RKI das DIVI-Intensivregister aufgebaut. Die Zahlen sprechen eine klare Sprache:<\/p>\n<ul>\n<li>Derzeit sind noch 1.644 Betten f\u00fcr COVID-19-Patienten in ganz Deutschland frei.<\/li>\n<li>Seit dem 10. M\u00e4rz ist die Zahl dieser Patienten von 2.727 auf 3.448 (zum 28. M\u00e4rz 20221) hochgeschnellt.<\/li>\n<\/ul>\n<p>\"Diese Zahl wird die kommenden zweieinhalb Wochen weiter exponentiell wachsen, egal was wir jetzt tun\", wei\u00df Professor Christian Karagiannidis, med.-wiss. Leiter des DIVI-Intensivregisters und Leiter des ECMO-Zentrums der Lungenklinik K\u00f6ln-Merheim. \u201eBei mehr als 5.000 COVID-19-Patienten wird es wirklich langsam kritisch. Das hei\u00dft, es muss JETZT etwas passieren.\"<\/p>\n<h3>Die Bev\u00f6lkerung hat gar nicht mitbekommen, wie knapp es war!<\/h3>\n<p>Auch sein Kollege, Professor Steffen Weber-Carstens, med.-wiss. Leiter des DIVI-Intensivregisters und Mitglied der erweiterten Klinikleitung der Klinik f\u00fcr operative Intensivmedizin an der Charit\u00e9 Berlin, gibt zu bedenken:<\/p>\n<blockquote><p>Die Bev\u00f6lkerung hat zwischen Weihnachten und Anfang Januar, wo wir fast 6.000 COVID-Patienten versorgt haben, gar nicht mitbekommen, wie knapp es war. Zahlreiche Menschen wurden hier aus dem Osten oder der Mitte Deutschlands nach Norden geflogen. Ein Kraftakt, den wir geschafft haben \u2013 aber drei Monate sp\u00e4ter nicht gleich noch einmal brauchen.<\/p><\/blockquote>\n<p>Diese Woche hatte Weber-Carstens bereits die ersten Anfragen f\u00fcr \u00fcberregionale Verlegungen auf dem Tisch. \u201eTh\u00fcringen sieht gerade gar nicht gut aus!\"<\/p>\n<h3>Wir steuern auf bis zu 6.800 COVID-19-Patienten auf Intensiv zu<\/h3>\n<p>Es gibt das DIVI-Prognosemodell, dass Karagiannidis und Weber-Carstens in den letzten Monaten gemeinsam mit dem Mathematiker Professor Andreas Schuppert, Leiter des Instituts f\u00fcr Computational Biomedicine an der RWTH Aachen, aufgebaut haben.<\/p>\n<p><a href=\"https:\/\/i.imgur.com\/rZwVwEv.png\" target=\"_blank\" rel=\"noopener\"><img loading=\"lazy\" decoding=\"async\" title=\"DIVI-Prognosemodell\" src=\"https:\/\/i.imgur.com\/rZwVwEv.png\" alt=\"DIVI-Prognosemodell\" width=\"629\" height=\"445\" \/><\/a><br \/>\nDIVI-Prognosemodell, <a href=\"https:\/\/i.imgur.com\/rZwVwEv.png\" target=\"_blank\" rel=\"noopener\">Zum Vergr\u00f6\u00dfern klicken<\/a><\/p>\n<p>In obiger Grafik ist deutlich zu sehen, wie die Verl\u00e4ufe bei zu sp\u00e4ten Reaktionen ausgehen. Das Modell zeigt den Intensivmedizinern sehr deutlich, dass es Zeit wird die Stimme noch lauter zu erheben. Karagiannidis dazu:<\/p>\n<blockquote><p>Wir kommen an einem harten Lockdown f\u00fcr etwa zwei, drei Wochen gar nicht vorbei. Die Frage ist nur, wann dieser ausgel\u00f6st wird. Unser Modell zeigt m\u00f6gliche Verl\u00e4ufe. Bis auf mehr als 4.500 Patienten werden wir auf jeden Fall wieder hochgehen. Das ist unvermeidbar.<\/p>\n<p>Wird dann ein harter Lockdown beschlossen, schaffen wir es knapp \u00fcber 5.000 die Kurve wieder zu senken. Warten wir noch l\u00e4nger, und stoppen erst bei einer Inzidenz von 300 Ende April oder Anfang Mai, werden wir mehr als 6.000 Menschen mit COVID-19 auf Intensiv stehen. Ob wir das packen, wage ich zu bezweifeln.<\/p><\/blockquote>\n<p>Die Intensivmediziner dazu:\u00a0 Und nein, dies sei keine Schwarzmalerei. Harter Lockdown \u00fcber Ostern \u2013 weil die Zeit dr\u00e4ngt. DIVI-Pr\u00e4sident Marx appelliert deshalb eindringlich an Politik und Bev\u00f6lkerung:<\/p>\n<blockquote><p>Keiner will einen harten Lockdown. Wir alle w\u00fcnschen uns unser altes Leben zur\u00fcck. Aber wir sind gerade in der wohl kritischsten und entscheidendsten Phase der Pandemie. Harter Lockdown \u00fcber die Osterferien \u2013 weil uns die britische Mutation keine andere Wahl l\u00e4sst. Und dann k\u00f6nnen wir bei deutlich niedrigeren Inzidenzen mit Schnelltests, PCR-Tests, Impfungen und Apps wieder \u00f6ffentliches Leben zulassen.<\/p><\/blockquote>\n<p>Jeder Patient, der nicht auf die Intensivstation m\u00fcsse, sei die Anstrengung wert, wei\u00df Marx mit Blick in die Klinik. \u201eUnsere Patienten sind gezeichnet f\u00fcrs Leben. Und wie es den zahlreichen Long-COVID-Patienten gehen wird, ist noch absolut nicht absehbar.\" Ein Z\u00f6gern sei jetzt nicht zu verzeihen!<\/p>\n<h2>Covidioten und Ministerpr\u00e4sidenten<\/h2>\n<p>Nun haben wir eine gewisse Menge an Covidioten, die ohne Masken gegen Corona-Beschr\u00e4nkungen demonstrieren . Und wir haben eine vergleichbare Klientel unter unseren Ministerpr\u00e4sidenten, die wider bessere wissenschaftliche Erkenntnisse nicht handeln und im Gegenteil, die im M\u00e4rz 2021 in der Runde mit Bundeskanzlerin Merkel gefasste Beschl\u00fcsse zu harten Ma\u00dfnahmen bei bestimmten Inzidenzgrenzwerten ignorieren, \u00fcber \u00d6ffnungen fabulieren und sehenden Auges das Land auf das obige Szenario zusteuern.<\/p>\n<h2>Jeder hat es selbst in der Hand<\/h2>\n<p>Daher: Reduzieren sie zu Ostern und m\u00f6glichst danach die pers\u00f6nlichen Kontakte auf ein Minium. Befolgen Sie die <a href=\"https:\/\/web.archive.org\/web\/20211014060708\/https:\/\/www.infektionsschutz.de\/coronavirus\/alltag-in-zeiten-von-corona.html\" target=\"_blank\" rel=\"noopener\">AHA-Regeln<\/a> (Abstand halten &#8211; Hygiene beachten &#8211; im Alltag Maske tragen). Helfen Sie mit, die Kontrolle \u00fcber SARS-CoV-2 zur\u00fcck zu gewinnen. Jeder hat es in der Hand, seinen Teil dazu beizutragen.<\/p>\n","protected":false},"excerpt":{"rendered":"<p>Notfallmediziner schlagen seit Wochen Alarm, weil Politik und \u00d6ffentlichkeit nicht auf die steigenden COVID-19-Infektionen reagiert. \"Wir rennen sehenden Auges ins Verderben\", sagt der Pr\u00e4sident der Deutschen Interdisziplin\u00e4ren Vereinigung f\u00fcr Intensiv- und Notfallmedizin (DIVI), Professor Gernot Marx, Direktor der Klinik f\u00fcr &hellip; <a href=\"https:\/\/borncity.eu\/senioren\/2021\/04\/05\/braucht-es-bergamo-fr-einen-harten-lockdown\/\">Weiterlesen <span class=\"meta-nav\">&rarr;<\/span><\/a><\/p>\n","protected":false},"author":1,"featured_media":0,"comment_status":"open","ping_status":"closed","sticky":false,"template":"","format":"standard","meta":{"footnotes":""},"categories":[32],"tags":[83],"class_list":["post-16331","post","type-post","status-publish","format-standard","hentry","category-gesundheit","tag-gesundheit"],"_links":{"self":[{"href":"https:\/\/borncity.eu\/senioren\/wp-json\/wp\/v2\/posts\/16331","targetHints":{"allow":["GET"]}}],"collection":[{"href":"https:\/\/borncity.eu\/senioren\/wp-json\/wp\/v2\/posts"}],"about":[{"href":"https:\/\/borncity.eu\/senioren\/wp-json\/wp\/v2\/types\/post"}],"author":[{"embeddable":true,"href":"https:\/\/borncity.eu\/senioren\/wp-json\/wp\/v2\/users\/1"}],"replies":[{"embeddable":true,"href":"https:\/\/borncity.eu\/senioren\/wp-json\/wp\/v2\/comments?post=16331"}],"version-history":[{"count":1,"href":"https:\/\/borncity.eu\/senioren\/wp-json\/wp\/v2\/posts\/16331\/revisions"}],"predecessor-version":[{"id":24849,"href":"https:\/\/borncity.eu\/senioren\/wp-json\/wp\/v2\/posts\/16331\/revisions\/24849"}],"wp:attachment":[{"href":"https:\/\/borncity.eu\/senioren\/wp-json\/wp\/v2\/media?parent=16331"}],"wp:term":[{"taxonomy":"category","embeddable":true,"href":"https:\/\/borncity.eu\/senioren\/wp-json\/wp\/v2\/categories?post=16331"},{"taxonomy":"post_tag","embeddable":true,"href":"https:\/\/borncity.eu\/senioren\/wp-json\/wp\/v2\/tags?post=16331"}],"curies":[{"name":"wp","href":"https:\/\/api.w.org\/{rel}","templated":true}]}}