{"id":1648,"date":"2016-09-29T03:09:00","date_gmt":"2016-09-29T01:09:00","guid":{"rendered":"http:\/\/borncity.com\/senioren\/?p=1648"},"modified":"2021-08-29T08:22:56","modified_gmt":"2021-08-29T06:22:56","slug":"sonne-bei-antibiotika-einnahme-meiden","status":"publish","type":"post","link":"https:\/\/borncity.eu\/senioren\/2016\/09\/29\/sonne-bei-antibiotika-einnahme-meiden\/","title":{"rendered":"Sonne bei Antibiotika-Einnahme meiden!"},"content":{"rendered":"<p><img loading=\"lazy\" decoding=\"async\" title=\"Gesundheit\" style=\"float: left; margin: 0px 10px 0px 0px; display: inline\" border=\"0\" alt=\"Gesundheit\" src=\"https:\/\/www.borncity.com\/blog\/wp-content\/uploads\/2016\/06\/Gesundheit-2.jpg\" width=\"60\" align=\"left\" height=\"56\">Die Einnahme mancher Arzneimittel vertr\u00e4gt sich nicht mit einem Sonnenbad. Insbesondere wer Antibiotika einnimmt, sollte sich besser im Schatten aufhalten, r\u00e4t Uwe Arlt, Vorstandsmitglied des Hessischen Apothekerverbandes.<\/p>\n<p><!--more--><\/p>\n<p>Der Sommer ist zwar vorbei, aber auch im Sp\u00e4therbst gibt es noch die langen Sonnentage. Und der n\u00e4chste Sommer kommt bestimmt. Genau wie die n\u00e4chste Infektion samt Antibiotika-Gabe. Und dann kann es zu Problemen kommen. Selbst ein kurzer Aufenthalt in der Sonne kann w\u00e4hrend einer Antibiotika-Therapie Hautausschl\u00e4ge oder Pigmentst\u00f6rungen zur Folge haben. Insbesondere einige Antibiotika, die zur Behandlung von Akne, gegen akute Atemwegserkrankungen oder Blasenentz\u00fcndungen verordnet werden, k\u00f6nnen solche Symptome ausl\u00f6sen. <\/p>\n<p><img decoding=\"async\" src=\"https:\/\/web.archive.org\/web\/20200523045114\/https:\/\/n64.imgup.net\/Pillenf356.jpg\"> pixabay.com, CCO<\/p>\n<p>\u201eDie Einnahme der Antibiotika darf dann aber nicht unterbrochen werden\", warnt Arlt. \u201eDies kann zu Resistenzen f\u00fchren. Bei der n\u00e4chsten Erkrankung helfen die Antibiotika dann nicht mehr.\" <\/p>\n<p>Vorsicht gilt auch bei dauerhaft eingenommenen Mitteln zur Empf\u00e4ngnisverh\u00fctung oder bei vermeintlich harmlosen Arzneimitteln, die in der Selbstmedikation erh\u00e4ltlich sind. So k\u00f6nnen sowohl manche Anti-Baby-Pillen als auch das stimmungsaufhellende Johanniskraut zu dunklen Flecken auf der Haut f\u00fchren, die der Sonne ausgesetzt wird.  <\/p>\n<p>\u201eWer sich unsicher ist, sollte seinen Apotheker fragen\", r\u00e4t Arlt und empfiehlt allen, die aus beruflichen oder pers\u00f6nlichen Gr\u00fcnden die Sonne nicht meiden k\u00f6nnen, einen Sonnenblocker mit LSF 50 zu verwenden.<\/p>\n","protected":false},"excerpt":{"rendered":"<p>Die Einnahme mancher Arzneimittel vertr\u00e4gt sich nicht mit einem Sonnenbad. Insbesondere wer Antibiotika einnimmt, sollte sich besser im Schatten aufhalten, r\u00e4t Uwe Arlt, Vorstandsmitglied des Hessischen Apothekerverbandes.<\/p>\n","protected":false},"author":1,"featured_media":0,"comment_status":"open","ping_status":"open","sticky":false,"template":"","format":"standard","meta":{"footnotes":""},"categories":[32],"tags":[83],"class_list":["post-1648","post","type-post","status-publish","format-standard","hentry","category-gesundheit","tag-gesundheit"],"_links":{"self":[{"href":"https:\/\/borncity.eu\/senioren\/wp-json\/wp\/v2\/posts\/1648","targetHints":{"allow":["GET"]}}],"collection":[{"href":"https:\/\/borncity.eu\/senioren\/wp-json\/wp\/v2\/posts"}],"about":[{"href":"https:\/\/borncity.eu\/senioren\/wp-json\/wp\/v2\/types\/post"}],"author":[{"embeddable":true,"href":"https:\/\/borncity.eu\/senioren\/wp-json\/wp\/v2\/users\/1"}],"replies":[{"embeddable":true,"href":"https:\/\/borncity.eu\/senioren\/wp-json\/wp\/v2\/comments?post=1648"}],"version-history":[{"count":0,"href":"https:\/\/borncity.eu\/senioren\/wp-json\/wp\/v2\/posts\/1648\/revisions"}],"wp:attachment":[{"href":"https:\/\/borncity.eu\/senioren\/wp-json\/wp\/v2\/media?parent=1648"}],"wp:term":[{"taxonomy":"category","embeddable":true,"href":"https:\/\/borncity.eu\/senioren\/wp-json\/wp\/v2\/categories?post=1648"},{"taxonomy":"post_tag","embeddable":true,"href":"https:\/\/borncity.eu\/senioren\/wp-json\/wp\/v2\/tags?post=1648"}],"curies":[{"name":"wp","href":"https:\/\/api.w.org\/{rel}","templated":true}]}}