{"id":16675,"date":"2021-05-13T08:26:35","date_gmt":"2021-05-13T06:26:35","guid":{"rendered":"https:\/\/borncity.com\/senioren\/?p=16675"},"modified":"2021-05-13T08:28:01","modified_gmt":"2021-05-13T06:28:01","slug":"vatertag-2021-mai-nebel-ber-dem-taunus","status":"publish","type":"post","link":"https:\/\/borncity.eu\/senioren\/2021\/05\/13\/vatertag-2021-mai-nebel-ber-dem-taunus\/","title":{"rendered":"Vatertag 2021: Mai-Nebel &uuml;ber dem Taunus"},"content":{"rendered":"<p><img loading=\"lazy\" decoding=\"async\" title=\"Mai-Nebel 13.5.2021\" style=\"float: left; margin: 0px 10px 0px 0px; display: inline\" alt=\"Mai-Nebel 13.5.2021\" src=\"https:\/\/i.imgur.com\/Fg6rW24.png\" width=\"196\" align=\"left\" height=\"147\">Es verspricht am heutigen <a href=\"https:\/\/de.wikipedia.org\/wiki\/Christi_Himmelfahrt\" target=\"_blank\" rel=\"noopener\">Christi Himmelfahrt<\/a>-Feiertag (besser als Vatertag bekannt), trotz des 13.5. (obwohl kein Freitag) ein sch\u00f6ner Mai-Tag zu werden. Als ich so gegen 7:30 Uhr durch unser Dorf zum ge\u00f6ffneten B\u00e4ckerladen lief, konnte ich die Ruhe auf den Stra\u00dfen genie\u00dfen. Kein Auto fuhr, kein Mensch schien auf der Stra\u00dfe, absolute Stille &#8211; Deutschland d\u00e4mmert dem Vatertag entgegen, ging es mir durch den Kopf.<\/p>\n<p><!--more--><\/p>\n<p>Da der alte Ortskern unseres Stadtteils (oder Dorfes, wie die Alteingesessenen sagen) in einer Tallage liegt, musste ich von den \"H\u00f6hen des Hangs\" absteigen, an denen mein Haus liegt. Und dann er\u00f6ffnete sich mir folgender Ausblick auf en Taunuskamm mit dem kleinen Feldberg &#8211; dessen Turm ist neben der Baumkrone in der unteren Bildmitte zu erkennen. Im Vordergrund war die gesamte Landschaft bis zu den Taunush\u00e4ngen in einen feinen Nebel geh\u00fcllt &#8211; es hatte gestern geregnet. <\/p>\n<p><img decoding=\"async\" title=\"Mai-Nebel 13.5.2021\" alt=\"Mai-Nebel 13.5.2021\" src=\"https:\/\/i.imgur.com\/Fg6rW24.png\"><br \/>Mai-Nebel 13.5.2021<\/p>\n<p>So etwas kenne ich eigentlich nur vom November, und so musste ich direkt ein Foto schie\u00dfen und die Stille genie\u00dfen. Beim B\u00e4ckerladen war es dann vorbei, mit 'kein Mensch auf der Stra\u00dfe\" &#8211; denn es gab eine gr\u00f6\u00dfere Schlange vor dem Eingang. Der gr\u00f6\u00dfte Teil der Wartenden (gendergerecht m\u00fcsste ich jetzt die Wartendinnenden schreiben &#8211; aber den Mist lasse ich, da es die geschriebenen Texte und die&nbsp; Sprache ziemlich verhunzt, wie ich festgestellt habe) war wohl Frauen, die schon Br\u00f6tchen f\u00fcr die Familie einkaufen wollten.&nbsp; Mal schauen, was der Feiertag noch so bringt &#8211; allen Blog-Leserinnen und -Lesern w\u00fcnsche ich einen sch\u00f6nen Feiertag &#8211; und achtet auf Abstand sowie Masken. <\/p>\n<p><strong>\u00c4hnliche Artikel:<\/strong><br \/><a href=\"https:\/\/borncity.eu\/senioren\/2020\/08\/15\/samstag-morgen-im-august-nebel-und-november-blues\/\">Samstag-Morgen im August: Nebel und November-Blues?<\/a><br \/><a href=\"https:\/\/borncity.eu\/senioren\/2019\/12\/21\/morgennebel-im-dezember-2019\/\">Morgennebel im Dezember (2019)<\/a><br \/><a href=\"https:\/\/borncity.eu\/senioren\/2019\/10\/28\/samstagmorgen-nebel-im-sptherbst\/\">Samstagmorgen: Nebel im Sp\u00e4therbst<\/a><br \/><a href=\"https:\/\/borncity.eu\/senioren\/2018\/01\/27\/januar-2018-morgen-nebel-und-sonne\/\">Januar 2018: Morgen, Nebel und Sonne<\/a><br \/><a href=\"https:\/\/borncity.eu\/senioren\/2016\/12\/12\/dezember-nebel-reif-und-klte\/\">Dezember-Nebel: Reif und K\u00e4lte<\/a><br \/><a href=\"https:\/\/borncity.eu\/senioren\/2016\/11\/07\/novembermorgen-mit-nebel\/\">Novembermorgen mit Nebel<\/a><br \/><a href=\"https:\/\/borncity.eu\/senioren\/2015\/12\/20\/wintermorgen-mit-nebel\/\">Wintermorgen mit Nebel<\/a><\/p>\n","protected":false},"excerpt":{"rendered":"<p>Es verspricht am heutigen Christi Himmelfahrt-Feiertag (besser als Vatertag bekannt), trotz des 13.5. (obwohl kein Freitag) ein sch\u00f6ner Mai-Tag zu werden. Als ich so gegen 7:30 Uhr durch unser Dorf zum ge\u00f6ffneten B\u00e4ckerladen lief, konnte ich die Ruhe auf den &hellip; <a href=\"https:\/\/borncity.eu\/senioren\/2021\/05\/13\/vatertag-2021-mai-nebel-ber-dem-taunus\/\">Weiterlesen <span class=\"meta-nav\">&rarr;<\/span><\/a><\/p>\n","protected":false},"author":1,"featured_media":0,"comment_status":"open","ping_status":"","sticky":false,"template":"","format":"standard","meta":{"footnotes":""},"categories":[18,13],"tags":[19,119],"class_list":["post-16675","post","type-post","status-publish","format-standard","hentry","category-foto","category-natur","tag-foto","tag-natur"],"_links":{"self":[{"href":"https:\/\/borncity.eu\/senioren\/wp-json\/wp\/v2\/posts\/16675","targetHints":{"allow":["GET"]}}],"collection":[{"href":"https:\/\/borncity.eu\/senioren\/wp-json\/wp\/v2\/posts"}],"about":[{"href":"https:\/\/borncity.eu\/senioren\/wp-json\/wp\/v2\/types\/post"}],"author":[{"embeddable":true,"href":"https:\/\/borncity.eu\/senioren\/wp-json\/wp\/v2\/users\/1"}],"replies":[{"embeddable":true,"href":"https:\/\/borncity.eu\/senioren\/wp-json\/wp\/v2\/comments?post=16675"}],"version-history":[{"count":0,"href":"https:\/\/borncity.eu\/senioren\/wp-json\/wp\/v2\/posts\/16675\/revisions"}],"wp:attachment":[{"href":"https:\/\/borncity.eu\/senioren\/wp-json\/wp\/v2\/media?parent=16675"}],"wp:term":[{"taxonomy":"category","embeddable":true,"href":"https:\/\/borncity.eu\/senioren\/wp-json\/wp\/v2\/categories?post=16675"},{"taxonomy":"post_tag","embeddable":true,"href":"https:\/\/borncity.eu\/senioren\/wp-json\/wp\/v2\/tags?post=16675"}],"curies":[{"name":"wp","href":"https:\/\/api.w.org\/{rel}","templated":true}]}}