{"id":17048,"date":"2021-06-21T14:44:47","date_gmt":"2021-06-21T12:44:47","guid":{"rendered":"https:\/\/borncity.com\/senioren\/?p=17048"},"modified":"2021-06-21T14:45:46","modified_gmt":"2021-06-21T12:45:46","slug":"sommersonnenwende-lngster-tag-des-jahres","status":"publish","type":"post","link":"https:\/\/borncity.eu\/senioren\/2021\/06\/21\/sommersonnenwende-lngster-tag-des-jahres\/","title":{"rendered":"Sommersonnenwende &#8230; l&auml;ngster Tag des Jahres"},"content":{"rendered":"<p>Der 21. Juni ist der Tag der Sommersonnenwende, wir haben den l\u00e4ngsten Tag des Jahres vor uns &#8211; wie nachfolgender <a href=\"https:\/\/twitter.com\/dw_wissenschaft\/status\/1406884644738547719\" target=\"_blank\" rel=\"noopener\">Tweet<\/a> zeigt. Die Sommersonnenwende fand <a href=\"https:\/\/de.wikipedia.org\/wiki\/Sonnenwende\" target=\"_blank\" rel=\"noopener\">heute Morgen um 5:32 Uhr<\/a> (MESZ) statt, weil die Sonne senkrecht \u00fcber dem n\u00f6rdlichen Wendekreis stand. <\/p>\n<p><!--more--><\/p>\n<p>Habe ich aber nicht mitbekommen, weil ich da noch geschlafen habe. Nach den extrem hei\u00df\/schw\u00fclen N\u00e4chten hatte es nach einem Schauer die Nacht etwas abgek\u00fchlt, endlich wieder schlafen k\u00f6nnen &#8230;<\/p>\n<p><a href=\"https:\/\/twitter.com\/dw_wissenschaft\/status\/1406884644738547719\" target=\"_blank\" rel=\"noopener\"><img decoding=\"async\" title=\"Sommersonnenwende\" alt=\"Sommersonnenwende\" src=\"https:\/\/i.imgur.com\/B8W3zSQ.png\"><\/a><\/p>\n<p>F\u00fcr Fans von Stonehenge war heute fr\u00fch ein besonderer Moment und heute Abend um 21:25 Uhr britischer Zeit ist Sonnenuntergang. <\/p>\n<p><a href=\"https:\/\/twitter.com\/ST0NEHENGE\/status\/1406804495208701952\" target=\"_blank\" rel=\"noopener\"><img decoding=\"async\" title=\"Stonehenge \" alt=\"Stonehenge \" src=\"https:\/\/i.imgur.com\/Hy78cMT.png\"><\/a><\/p>\n<p>Momentan ist eine Reise dort hin aber wegen des Coronavirus und der dort herrschenden Delta-Variante keine so gute Idee. Wie dem auch immer sei: Euch einen sch\u00f6nen, l\u00e4ngsten Tag des Jahres. Und als musikalische Untermalung der Verweis auf Poruska Poranya (<a href=\"https:\/\/borncity.eu\/senioren\/2019\/03\/31\/musik-zum-sonntag-poruska-poranya-%d0%bf%d0%be%d1%80%d1%83%d1%88%d0%ba%d0%b0-%d0%bf%d0%be%d1%80%d0%b0%d0%bd%d1%8f\/\">Musik zum Sonntag: Poruska Poranya (\u041f\u043e\u0440\u0443\u0448\u043a\u0430-\u043f\u043e\u0440\u0430\u043d\u044f)<\/a>).<\/p>\n","protected":false},"excerpt":{"rendered":"<p>Der 21. Juni ist der Tag der Sommersonnenwende, wir haben den l\u00e4ngsten Tag des Jahres vor uns &#8211; wie nachfolgender Tweet zeigt. Die Sommersonnenwende fand heute Morgen um 5:32 Uhr (MESZ) statt, weil die Sonne senkrecht \u00fcber dem n\u00f6rdlichen Wendekreis &hellip; <a href=\"https:\/\/borncity.eu\/senioren\/2021\/06\/21\/sommersonnenwende-lngster-tag-des-jahres\/\">Weiterlesen <span class=\"meta-nav\">&rarr;<\/span><\/a><\/p>\n","protected":false},"author":1,"featured_media":0,"comment_status":"open","ping_status":"","sticky":false,"template":"","format":"standard","meta":{"footnotes":""},"categories":[13],"tags":[168],"class_list":["post-17048","post","type-post","status-publish","format-standard","hentry","category-natur","tag-allgemein"],"_links":{"self":[{"href":"https:\/\/borncity.eu\/senioren\/wp-json\/wp\/v2\/posts\/17048","targetHints":{"allow":["GET"]}}],"collection":[{"href":"https:\/\/borncity.eu\/senioren\/wp-json\/wp\/v2\/posts"}],"about":[{"href":"https:\/\/borncity.eu\/senioren\/wp-json\/wp\/v2\/types\/post"}],"author":[{"embeddable":true,"href":"https:\/\/borncity.eu\/senioren\/wp-json\/wp\/v2\/users\/1"}],"replies":[{"embeddable":true,"href":"https:\/\/borncity.eu\/senioren\/wp-json\/wp\/v2\/comments?post=17048"}],"version-history":[{"count":0,"href":"https:\/\/borncity.eu\/senioren\/wp-json\/wp\/v2\/posts\/17048\/revisions"}],"wp:attachment":[{"href":"https:\/\/borncity.eu\/senioren\/wp-json\/wp\/v2\/media?parent=17048"}],"wp:term":[{"taxonomy":"category","embeddable":true,"href":"https:\/\/borncity.eu\/senioren\/wp-json\/wp\/v2\/categories?post=17048"},{"taxonomy":"post_tag","embeddable":true,"href":"https:\/\/borncity.eu\/senioren\/wp-json\/wp\/v2\/tags?post=17048"}],"curies":[{"name":"wp","href":"https:\/\/api.w.org\/{rel}","templated":true}]}}