{"id":17236,"date":"2021-07-17T00:15:00","date_gmt":"2021-07-16T22:15:00","guid":{"rendered":"https:\/\/borncity.com\/senioren\/?p=17236"},"modified":"2022-05-06T23:40:30","modified_gmt":"2022-05-06T21:40:30","slug":"deutsches-rentensystem-unter-druck","status":"publish","type":"post","link":"https:\/\/borncity.eu\/senioren\/2021\/07\/17\/deutsches-rentensystem-unter-druck\/","title":{"rendered":"Deutsches Rentensystem unter Druck"},"content":{"rendered":"<p><img decoding=\"async\" style=\"float: left; margin: 0px 10px 0px 0px; display: inline;\" src=\"https:\/\/www.borncity.com\/blog\/wp-content\/uploads\/2021\/04\/Euros-klein.jpg\" alt=\"\" align=\"left\" \/>Es sieht nicht sonderlich gut f\u00fcr das Rentensystem aus, das das System aus Beitragszahlern und Rentenbeziehern seit Anfang der 1960er Jahre doch arg aus dem Gleichgewicht gekommen ist. Anfang der 1960er Jahre kamen auf einen Altersrentner sechs aktiv versicherte Erwerbspersonen. Von einem Verh\u00e4ltnis 1:6 kann man heute nur noch tr\u00e4umen, kommen heute auf einen Rentner doch nur noch zwei Beitragszahler.<\/p>\n<p><!--more--><\/p>\n<p>Jetzt schickt sich unsere Generation der sogenannten Babyboomber, also die geburtenstarken Jahrg\u00e4nge der Zeit von 1955 bis 1965, an, in Rente zu gehen. Statista hat sich das Ganze Thema auf Basis von Daten des <a href=\"https:\/\/www.demografie-portal.de\/DE\/Fakten\/altersrentner-beitragszahler.html\" target=\"_blank\" rel=\"noopener\">Bundesinstituts f\u00fcr Bev\u00f6lkerungsforschung<\/a> mal genauer angesehen und das Ganze in einer Grafik, die in nachfolgendem <a href=\"https:\/\/twitter.com\/statista_com\/status\/1415233440295837702\" target=\"_blank\" rel=\"noopener\">Tweet<\/a> eingebunden ist, dargestellt.<\/p>\n<p><a href=\"https:\/\/twitter.com\/statista_com\/status\/1415233440295837702\" target=\"_blank\" rel=\"noopener\"><img decoding=\"async\" title=\"Statistik zum deutschen Rentensystem\" src=\"https:\/\/i.imgur.com\/h6yxaew.png\" alt=\"Statistik zum deutschen Rentensystem\" \/><\/a><\/p>\n<p>Statista <a href=\"https:\/\/de.statista.com\/infografik\/25320\/verhaeltnis-von-altersrentnern-zu-beitragszahlern-in-der-gesetzlichen-rentenversicherung\/\" target=\"_blank\" rel=\"noopener\">schreibt hier<\/a>, dass laut Quelle die Zahl der Beitragszahler im Trend kontinuierlich zugenommen hat und es 2019 mit 39,1 Millionen aktiv Versicherten so viele Beitragszahler gab wie nie zuvor. Gleichzeitig ist aber die Zahl der Rentenempf\u00e4nger noch st\u00e4rker gewachsen und betrug 2019 rund 18,4 Millionen Altersrentner. Der demografische Wandel ist in Deutschland also in vollem Gang. Wie stark die deutsche Bev\u00f6lkerung altert, zeigt <a href=\"https:\/\/de.statista.com\/infografik\/19053\/altersaufbau-der-deutschen-bevoelkerung\/\" target=\"_blank\" rel=\"noopener\">diese Statista-Grafik<\/a> auf Basis der Bev\u00f6lkerungsprognose des Statistischen Bundesamtes.<\/p>\n<p>Das bedeutet, dass der Staat mehr Steuereinnahmen in die Rentenkassen einspeisen, oder Renten k\u00fcrzen und\/oder das Renteneintrittsalter heraufsetzen muss. Auch wenn ich den M\u00fcttern unter den jetzigen Rentnerinnen es pers\u00f6nlich g\u00f6nnen w\u00fcrde &#8211; aber die Aufstockungspl\u00e4ne der CSU im Wahlkampf 2021, die einen vollen Punkt f\u00fcr die Kindererziehungszeiten auf die M\u00fctterrente anrechnen wollen, bedeutet eine zus\u00e4tzliche Belastung der Rentenkasse, die durch Steuern ausgeglichen werden m\u00fcsste.<\/p>\n<p><strong>\u00c4hnliche Artikel:<\/strong><br \/>\n<a href=\"https:\/\/borncity.eu\/senioren\/2020\/08\/07\/erhhung-des-renteneintrittsalters-einwurf-von-bernd-rrupp\/\">Erh\u00f6hung des Renteneintrittsalters \u2013 Einwurf von Bernd R\u00fcrupp<\/a><br \/>\n<a href=\"https:\/\/borncity.eu\/senioren\/2017\/10\/12\/die-rente-ist-sicher-vorsorgeatlas-deutschland-2017\/\">Die Rente ist sicher \u2013 Vorsorgeatlas Deutschland 2017<\/a><br \/>\n<a href=\"https:\/\/borncity.eu\/senioren\/2017\/01\/05\/tipp-online-rechner-fr-rentenhhe-und-beginn\/\">Tipp: Online-Rechner f\u00fcr Rentenh\u00f6he und \u2013beginn<\/a><br \/>\n<a href=\"https:\/\/borncity.eu\/senioren\/2021\/06\/24\/erwerbsttigkeit-im-rentenalter-seit-10-jahren-verdoppelt\/\">Erwerbst\u00e4tigkeit im Rentenalter seit 10 Jahren verdoppelt<\/a><br \/>\n<a href=\"https:\/\/borncity.eu\/senioren\/2021\/05\/31\/urteil-des-bundesfinanzhofs-zur-doppelbesteuerung-von-renten\/\">Urteil des Bundesfinanzhofs zur Doppelbesteuerung von Renten<\/a><br \/>\n<a href=\"https:\/\/borncity.eu\/senioren\/2020\/08\/07\/erhhung-des-renteneintrittsalters-einwurf-von-bernd-rrupp\/\">Erh\u00f6hung des Renteneintrittsalters \u2013 Einwurf von Bernd R\u00fcrupp<\/a><br \/>\n<a href=\"https:\/\/borncity.eu\/senioren\/2020\/04\/11\/coronakrise-44-590-euro-hinzuverdienstgrenze-bei-rente\/\">Coronakrise: 44.590 Euro Hinzuverdienstgrenze bei Rente<\/a><br \/>\n<a href=\"https:\/\/borncity.eu\/senioren\/2020\/02\/21\/tipp-mehr-rente-durch-ein-ehrenamt\/\">Tipp: Mehr Rente durch ein Ehrenamt?<\/a><br \/>\n<a href=\"https:\/\/borncity.eu\/senioren\/2020\/01\/13\/versorgungsausgleich-krzung-der-witwenrente-aufgehoben\/\">Versorgungsausgleich: K\u00fcrzung der Witwenrente aufgehoben<\/a><br \/>\n<a href=\"https:\/\/borncity.eu\/senioren\/2018\/06\/11\/urteil-zum-versorgungsausgleich-nach-tod-des-begnstigten\/\">Urteil zum Versorgungsausgleich nach Tod des Beg\u00fcnstigten<\/a><br \/>\n<a href=\"https:\/\/borncity.eu\/senioren\/2019\/09\/24\/mit-der-rente-im-ausland-was-man-wissen-muss\/\">Mit der Rente im Ausland, was man wissen muss<\/a><br \/>\n<a href=\"https:\/\/borncity.eu\/senioren\/2019\/10\/25\/bsg-urteil-zu-kinderbonus-bei-der-rente-fr-arbeitende-mtter\/\">BSG-Urteil zu Kinderbonus bei der Rente f\u00fcr arbeitende M\u00fctter<\/a><br \/>\n<a href=\"https:\/\/borncity.eu\/senioren\/2018\/11\/09\/gekrzte-mtterrente-und-die-rentenerhhung-2019\/\">Gek\u00fcrzte M\u00fctterrente und die Rentenerh\u00f6hung 2019<\/a><br \/>\n<a href=\"https:\/\/borncity.eu\/senioren\/2018\/10\/19\/pflegende-angehrige-tipps-fr-mehr-rente\/\">Pflegende Angeh\u00f6rige: Tipps f\u00fcr mehr Rente<\/a><br \/>\n<a href=\"https:\/\/borncity.eu\/senioren\/2018\/10\/01\/rente-mit-63-und-anrechnung-von-arbeitslosenzeiten\/\">Urteil: Anrechnung von Arbeitslosenzeiten bei Rente mit 63<\/a><br \/>\n<a href=\"https:\/\/borncity.eu\/senioren\/?p=1713\">Tipp: Die Rentenberatung der Deutsche Rentenversicherung<\/a><br \/>\n<a href=\"https:\/\/borncity.eu\/senioren\/?p=1718\">Steuererkl\u00e4rung f\u00fcr Rentner: Ausf\u00fcllhilfe anfordern<\/a><br \/>\n<a href=\"https:\/\/borncity.eu\/senioren\/?p=1724\">Rentenantr\u00e4ge bei der Deutsche Rentenversicherung anfordern<\/a><br \/>\n<a href=\"https:\/\/borncity.eu\/senioren\/?p=1728\">Tipp: Erg\u00e4nzende Informationen f\u00fcr Rentner bei der DRV<\/a><br \/>\n<a href=\"https:\/\/borncity.eu\/senioren\/2016\/10\/13\/rentenantrge-bei-der-deutsche-rentenversicherung-anfordern\/\">Rentenantr\u00e4ge bei der Deutsche Rentenversicherung anfordern<\/a><br \/>\n<a href=\"https:\/\/borncity.eu\/senioren\/2017\/08\/25\/fachkrftemangel-durch-frhe-rente\/\">Fachkr\u00e4ftemangel durch fr\u00fche Rente?<\/a><br \/>\n<a href=\"https:\/\/borncity.eu\/senioren\/2017\/12\/07\/100-jahr-und-noch-nix-mit-rente\/\">100 Jahre alt und noch nix mit Rente<\/a><\/p>\n","protected":false},"excerpt":{"rendered":"<p>Es sieht nicht sonderlich gut f\u00fcr das Rentensystem aus, das das System aus Beitragszahlern und Rentenbeziehern seit Anfang der 1960er Jahre doch arg aus dem Gleichgewicht gekommen ist. Anfang der 1960er Jahre kamen auf einen Altersrentner sechs aktiv versicherte Erwerbspersonen. &hellip; <a href=\"https:\/\/borncity.eu\/senioren\/2021\/07\/17\/deutsches-rentensystem-unter-druck\/\">Weiterlesen <span class=\"meta-nav\">&rarr;<\/span><\/a><\/p>\n","protected":false},"author":1,"featured_media":0,"comment_status":"open","ping_status":"closed","sticky":false,"template":"","format":"standard","meta":{"footnotes":""},"categories":[1],"tags":[324],"class_list":["post-17236","post","type-post","status-publish","format-standard","hentry","category-allgemein","tag-rente"],"_links":{"self":[{"href":"https:\/\/borncity.eu\/senioren\/wp-json\/wp\/v2\/posts\/17236","targetHints":{"allow":["GET"]}}],"collection":[{"href":"https:\/\/borncity.eu\/senioren\/wp-json\/wp\/v2\/posts"}],"about":[{"href":"https:\/\/borncity.eu\/senioren\/wp-json\/wp\/v2\/types\/post"}],"author":[{"embeddable":true,"href":"https:\/\/borncity.eu\/senioren\/wp-json\/wp\/v2\/users\/1"}],"replies":[{"embeddable":true,"href":"https:\/\/borncity.eu\/senioren\/wp-json\/wp\/v2\/comments?post=17236"}],"version-history":[{"count":0,"href":"https:\/\/borncity.eu\/senioren\/wp-json\/wp\/v2\/posts\/17236\/revisions"}],"wp:attachment":[{"href":"https:\/\/borncity.eu\/senioren\/wp-json\/wp\/v2\/media?parent=17236"}],"wp:term":[{"taxonomy":"category","embeddable":true,"href":"https:\/\/borncity.eu\/senioren\/wp-json\/wp\/v2\/categories?post=17236"},{"taxonomy":"post_tag","embeddable":true,"href":"https:\/\/borncity.eu\/senioren\/wp-json\/wp\/v2\/tags?post=17236"}],"curies":[{"name":"wp","href":"https:\/\/api.w.org\/{rel}","templated":true}]}}