{"id":17254,"date":"2021-07-16T00:18:00","date_gmt":"2021-07-15T22:18:00","guid":{"rendered":"https:\/\/borncity.com\/senioren\/?p=17254"},"modified":"2021-08-29T08:22:11","modified_gmt":"2021-08-29T06:22:11","slug":"klatschmohn-varianten-sommer-2021","status":"publish","type":"post","link":"https:\/\/borncity.eu\/senioren\/2021\/07\/16\/klatschmohn-varianten-sommer-2021\/","title":{"rendered":"Klatschmohn-Varianten (Sommer 2021)"},"content":{"rendered":"<p><img decoding=\"async\" style=\"margin: 0px 10px 0px 0px;\" title=\"Klatschmohn Juni 2021\" src=\"https:\/\/i.imgur.com\/DWKrQrn.png\" alt=\"Klatschmohn Juni 2021\" align=\"left\" \/>Seit Ende Mai und auch im Juni bis hinein in den Juli bl\u00fcht bei uns der Klatschmohn, sowohl im eigenen Garten, als auch in den Nachbarg\u00e4rten sowie auf den Getreidefeldern. Ich hatte ja vor gut einer Woche bereits einige Impressionen von bl\u00fchendem Klatschmohn aus meiner Nachbarschaft im Blog-Beitrag <a href=\"https:\/\/borncity.eu\/senioren\/2021\/07\/07\/klatschmohn-impressionen-sommer-2021\/\">Klatschmohn-Impressionen Sommer 2021<\/a> vorgestellt. Normalerweise kenne ich es so, dass die Mohnbl\u00fcten hellrot sind. Bereits 2020 musste ich lernen, dass es auch dunkelrote, rosa oder wei\u00dfe Klatschmohnbl\u00fcten gibt (siehe <a href=\"https:\/\/borncity.eu\/senioren\/?p=13213\">Foto-Projekt: Bl\u00fchender Ackerrandstreifen<\/a> \u2013 Teil II).<\/p>\n<p><!--more--><\/p>\n<p><img loading=\"lazy\" decoding=\"async\" src=\"https:\/\/vg04.met.vgwort.de\/na\/ee999b69c2694fa38174ead5923d5f40\" alt=\"\" width=\"1\" height=\"1\" \/>Selbst violett bl\u00fchenden Klatschmohn gibt es, wie ich <a href=\"https:\/\/www.keimzeit-saatgut.de\/mohn-dark-violet.html\" target=\"_blank\" rel=\"noopener\">hier<\/a> und <a href=\"https:\/\/web.archive.org\/web\/20210614063705\/https:\/\/samen-schenker.de\/shop\/lila-mohn\/\" target=\"_blank\" rel=\"noopener\">hier<\/a> gesehen habe. Im Garten meiner Schwiegertochter bin ich bei einem Besuch Anfang Juni auf gelblich bl\u00fchende Blumen gesto\u00dfen, die ich irgendwie als Mohn eingestuft h\u00e4tte. Bei einer Recherche habe ich dann gesehen, dass diese als <a href=\"https:\/\/www.gartenratgeber.net\/pflanzen\/goldmohn.html\" target=\"_blank\" rel=\"noopener\">Goldmohn<\/a> oder Kalifornischer Mohn bezeichnet werden.<\/p>\n<p><img decoding=\"async\" title=\"Goldmohn (3.6.2021)\" src=\"https:\/\/i.imgur.com\/dWx6rYm.png\" alt=\"Goldmohn (3.6.2021)\" \/><br \/>\nGoldmohn (3.6.2021)<\/p>\n<p>Dann entstand die Idee, eine Fotosession mit verschiedenen Klatschmohnbl\u00fcten zu machen. Denn bei meinen Spazierg\u00e4ngen und Ausfl\u00fcgen habe ich vom oben erw\u00e4hnten Ackerrandstreifen, wo 2021 eine andere Samenmischung ausges\u00e4ht wurde, Fotos von Klatschmohn-Bl\u00fcten in verschiedenen Farben gemacht &#8211; quasi als Erg\u00e4nzung zum ersten Beitrag vor einer Woche.<\/p>\n<p>Ja, und nachfolgend sind zwei Klatschmohn-Bl\u00fcten in einem kr\u00e4ftigen, dunklen Rot, die ich auf einem Ackerrandstreifen steht gefunden habe. Das Rot ist schon eindeutig dunkler als das Hellrot der Eingangs und zum Abschluss gezeigten Bl\u00fcten.<\/p>\n<p><img decoding=\"async\" title=\"Dunkelroter Klatschmohn (29-6.2021)\" src=\"https:\/\/i.imgur.com\/mqrhH1Z.png\" alt=\"Dunkelroter Klatschmohn (29-6.2021)\" \/><br \/>\nDunkelroter Klatschmohn (29-6.2021)<\/p>\n<p>Die zart Rosa mit wei\u00dfen Anteilen bl\u00fchenden Klatschmohnpflanzen, wie in nachfolgendem Foto gezeigt, habe ich auf dem bereits erw\u00e4hnten Ackerrandstreifen in der N\u00e4he meines Wohnorts im Taunus aufgenommen.<\/p>\n<p><img decoding=\"async\" title=\"Rosa Klatschmohn (29.6.2021)\" src=\"https:\/\/i.imgur.com\/UDHHnsL.png\" alt=\"Rosa Klatschmohn (29.6.2021)\" \/><br \/>\nRosa Klatschmohn (29.6.2021)<\/p>\n<p>Die nachfolgenden Exemplare weisen nochmals eine andere Zeichnung auf &#8211; die Natur ist immer noch der gr\u00f6\u00dfte K\u00fcnstler, der die Pflanzen mit ihren Genen zaubern l\u00e4sst.<\/p>\n<p><img decoding=\"async\" title=\"Rosa-wei\u00dfer Klatschmohn (29.6.2021)\" src=\"https:\/\/i.imgur.com\/Li6Mh5z.png\" alt=\"Rosa-wei\u00dfer Klatschmohn (29.6.2021)\" \/><br \/>\nRosa-wei\u00dfer Klatschmohn (29.6.2021)<\/p>\n<p>Einige Meter weiter bin ich dann auf diese drei Grazien gesto\u00dfen, die eine Bl\u00fcte in dunklem Rot, die beiden anderen Wei\u00df bis hin in ein helles Rot.<\/p>\n<p><img decoding=\"async\" title=\"Hellrot-wei\u00dfer Klatschmohn (29.6.2021)\" src=\"https:\/\/i.imgur.com\/CZkq3zc.png\" alt=\"Hellrot-wei\u00dfer Klatschmohn (29.6.2021)\" \/><br \/>\nHellrot-wei\u00dfer Klatschmohn (29.6.2021)<\/p>\n<p>Dann h\u00e4tte ich noch die beiden nachfolgend, lachsfarben bl\u00fchenden Exemplare vom Ackerrandstreifen im Angebot. Die Sorte hat schon was, oder?<\/p>\n<p><img decoding=\"async\" title=\"Lachsfarbener Klatschmohn (29.6.2021)\" src=\"https:\/\/i.imgur.com\/fKskbiH.png\" alt=\"Lachsfarbener Klatschmohn (29.6.2021)\" \/><br \/>\nLachsfarbener Klatschmohn (29.6.2021)<\/p>\n<p>Aber auch die in einem weiteren Rosa bl\u00fchende Mohnblume aus nachfolgendem Foto hat schon ihren besonderen Reiz. Im Hintergrund ist Klatschmohn, der in der \u00fcblichen hellroten Farbe bl\u00fcht, zu erkennen.<\/p>\n<p><img decoding=\"async\" title=\"Rosa Klatschmohn (29.6.2021)\" src=\"https:\/\/i.imgur.com\/Kj95drI.png\" alt=\"Rosa Klatschmohn (29.6.2021)\" \/><br \/>\nRosa Klatschmohn (29.6.2021)<\/p>\n<p>Aber da geht noch viel mehr. Hier einfach eine Sequenz verschiedenfarbig bl\u00fchender Klatschmohnbl\u00fcten aus dem Ackerrandstreifen.<\/p>\n<p><img decoding=\"async\" title=\"Klatschmohn Roas-Wei\u00df (29.6.2021)\" src=\"https:\/\/i.imgur.com\/dnrE2jE.png\" alt=\"Klatschmohn Roas-Wei\u00df (29.6.2021)\" \/><br \/>\nKlatschmohn Roas-Wei\u00df (29.6.2021)<\/p>\n<p><img decoding=\"async\" title=\"Klatschmohn Roas-Wei\u00df (29.6.2021)\" src=\"https:\/\/i.imgur.com\/RuuVkRm.png\" alt=\"Klatschmohn Roas-Wei\u00df (29.6.2021)\" \/><br \/>\nKlatschmohn Roas-Wei\u00df (29.6.2021)<\/p>\n<p><img decoding=\"async\" title=\"Klatschmohn Rosa gef\u00fcllt (29.6.2021)\" src=\"https:\/\/i.imgur.com\/kWec6oC.png\" alt=\"Klatschmohn Rosa gef\u00fcllt (29.6.2021)\" \/><br \/>\nKlatschmohn Rosa gef\u00fcllt (29.6.2021)<\/p>\n<p><img decoding=\"async\" title=\"Klatschmohn Roas-Wei\u00df mit Insekten (29.6.2021)\" src=\"https:\/\/i.imgur.com\/vpUsllm.png\" alt=\"Klatschmohn Roas-Wei\u00df mit Insekten (29.6.2021)\" \/><br \/>\nKlatschmohn Roas-Wei\u00df mit Insekten (29.6.2021)<\/p>\n<p><img decoding=\"async\" title=\"Klatschmohn Rosa gef\u00fcllt (29.6.2021)\" src=\"https:\/\/i.imgur.com\/pgjXSZn.png\" alt=\"Klatschmohn Rosa gef\u00fcllt (29.6.2021)\" \/><br \/>\nKlatschmohn Rosa gef\u00fcllt (29.6.2021)<\/p>\n<p><img decoding=\"async\" title=\"Klatschmohn Wei\u00df (29.6.2021)\" src=\"https:\/\/i.imgur.com\/CkjY14r.png\" alt=\"Klatschmohn Wei\u00df (29.6.2021)\" \/><br \/>\nKlatschmohn Wei\u00df (29.6.2021)<\/p>\n<p>Das nachfolgende Foto ist doch einfach eine Rot-Wei\u00dfe-Sch\u00f6nheit, oder nicht?<\/p>\n<p><img decoding=\"async\" title=\"Klatschmohn Rot-Wei\u00df (29.6.2021)\" src=\"https:\/\/i.imgur.com\/mPF4t0N.png\" alt=\"Klatschmohn Rot-Wei\u00df (29.6.2021)\" \/><br \/>\nKlatschmohn Rot-Wei\u00df (29.6.2021)<\/p>\n<p>Nachfolgend findet sich diese Sch\u00f6nheit in Gesellschaft eines dunkelrot bl\u00fchenden Klatschmohns. Und im Hintergrund ist eine Hellrot bl\u00fchende Glatschmohn-Bl\u00fcte sichtbar.<\/p>\n<p><img decoding=\"async\" title=\"Klatschmohn (29.6.2021)\" src=\"https:\/\/i.imgur.com\/jvIKKWC.png\" alt=\"Klatschmohn (29.6.2021)\" \/><br \/>\nKlatschmohn (29.6.2021)<\/p>\n<p>Und zum Schluss noch diese beiden herrlichen Exemplare, eines im typischen Hellrot, eines Wei\u00df-Rot.<\/p>\n<p><img decoding=\"async\" title=\"Klatschmohn Wei\u00df-Rot (29.6.2021)\" src=\"https:\/\/i.imgur.com\/t6xQyTf.png\" alt=\"Klatschmohn Wei\u00df-Rot (29.6.2021)\" \/><br \/>\nKlatschmohn Wei\u00df-Rot (29.6.2021)<\/p>\n<p><img decoding=\"async\" title=\"Klatschmohn Hellrot (29.6.2021)\" src=\"https:\/\/i.imgur.com\/8N1DSUn.png\" alt=\"Klatschmohn Hellrot (29.6.2021)\" \/><br \/>\nKlatschmohn Hellrot (29.6.2021)<\/p>\n<p>Ich h\u00e4tte mich stundenlang an diesem Ackerrandstreifen aufhalten k\u00f6nnen, um die unterschiedlichen Mohnbl\u00fcten zu fotografieren. So langsam nimmt es inzwischen ab, der Mohn ist fast verbl\u00fcht, daf\u00fcr kommen jetzt Ringelblumen und die Sonnenblumen sind auch schon recht gro\u00df.<\/p>\n<p><strong>\u00c4hnliche Artikel:<br \/>\n<\/strong><a href=\"https:\/\/borncity.eu\/senioren\/2017\/05\/26\/es-ist-klatschmohn-zeit\/\">Es ist Klatschmohn-Zeit<\/a><br \/>\n<a href=\"https:\/\/borncity.eu\/senioren\/2017\/06\/26\/sommer-klatschmohnzeit\/\">Sommerzeit \u2013 Klatschmohnzeit<\/a><br \/>\n<a href=\"https:\/\/borncity.eu\/senioren\/2020\/05\/22\/frhling-2020-klatschmohn\/\">Fr\u00fchling 2020: Klatschmohn<\/a><br \/>\n<a href=\"https:\/\/borncity.eu\/senioren\/2021\/06\/14\/mohnblume-mit-haube-und-marienkfer-juni-2021\/\">Mohnblume mit Haube und Marienk\u00e4fer (Juni 2021)<\/a><br \/>\n<a href=\"https:\/\/borncity.eu\/senioren\/2020\/05\/22\/frhling-2020-klatschmohn\/\">Fr\u00fchling 2020: Klatschmohn<\/a><br \/>\n<a href=\"https:\/\/borncity.eu\/senioren\/2021\/07\/07\/klatschmohn-impressionen-sommer-2021\/\">Klatschmohn-Impressionen Sommer 2021<\/a><\/p>\n<p><a href=\"https:\/\/borncity.eu\/senioren\/2020\/08\/27\/foto-projekt-blhender-ackerrandstreifen-teil-i\/\">Foto-Projekt: Bl\u00fchender Ackerrandstreifen<\/a> \u2013 Teil I<br \/>\n<a href=\"https:\/\/borncity.eu\/senioren\/?p=13213\">Foto-Projekt: Bl\u00fchender Ackerrandstreifen<\/a> \u2013 Teil II<br \/>\n<a href=\"https:\/\/borncity.eu\/senioren\/?p=13223\">Foto-Projekt: Bl\u00fchender Ackerrandstreifen<\/a> \u2013 Teil III<br \/>\n<a href=\"https:\/\/borncity.eu\/senioren\/2020\/10\/02\/foto-projekt-blhender-ackerrandstreifen-teil-iv\/\">Foto-Projekt: Bl\u00fchender Ackerrandstreifen<\/a> \u2013 Teil IV<\/p>\n","protected":false},"excerpt":{"rendered":"<p>Seit Ende Mai und auch im Juni bis hinein in den Juli bl\u00fcht bei uns der Klatschmohn, sowohl im eigenen Garten, als auch in den Nachbarg\u00e4rten sowie auf den Getreidefeldern. Ich hatte ja vor gut einer Woche bereits einige Impressionen &hellip; <a href=\"https:\/\/borncity.eu\/senioren\/2021\/07\/16\/klatschmohn-varianten-sommer-2021\/\">Weiterlesen <span class=\"meta-nav\">&rarr;<\/span><\/a><\/p>\n","protected":false},"author":1,"featured_media":0,"comment_status":"open","ping_status":"closed","sticky":false,"template":"","format":"standard","meta":{"footnotes":""},"categories":[18,13],"tags":[19,119],"class_list":["post-17254","post","type-post","status-publish","format-standard","hentry","category-foto","category-natur","tag-foto","tag-natur"],"_links":{"self":[{"href":"https:\/\/borncity.eu\/senioren\/wp-json\/wp\/v2\/posts\/17254","targetHints":{"allow":["GET"]}}],"collection":[{"href":"https:\/\/borncity.eu\/senioren\/wp-json\/wp\/v2\/posts"}],"about":[{"href":"https:\/\/borncity.eu\/senioren\/wp-json\/wp\/v2\/types\/post"}],"author":[{"embeddable":true,"href":"https:\/\/borncity.eu\/senioren\/wp-json\/wp\/v2\/users\/1"}],"replies":[{"embeddable":true,"href":"https:\/\/borncity.eu\/senioren\/wp-json\/wp\/v2\/comments?post=17254"}],"version-history":[{"count":0,"href":"https:\/\/borncity.eu\/senioren\/wp-json\/wp\/v2\/posts\/17254\/revisions"}],"wp:attachment":[{"href":"https:\/\/borncity.eu\/senioren\/wp-json\/wp\/v2\/media?parent=17254"}],"wp:term":[{"taxonomy":"category","embeddable":true,"href":"https:\/\/borncity.eu\/senioren\/wp-json\/wp\/v2\/categories?post=17254"},{"taxonomy":"post_tag","embeddable":true,"href":"https:\/\/borncity.eu\/senioren\/wp-json\/wp\/v2\/tags?post=17254"}],"curies":[{"name":"wp","href":"https:\/\/api.w.org\/{rel}","templated":true}]}}