{"id":17759,"date":"2021-09-30T00:12:00","date_gmt":"2021-09-29T22:12:00","guid":{"rendered":"https:\/\/borncity.com\/senioren\/?p=17759"},"modified":"2021-09-29T18:00:33","modified_gmt":"2021-09-29T16:00:33","slug":"kfz-verbandskasten-zwei-atemschutzmasken-werden-wohl-pflicht","status":"publish","type":"post","link":"https:\/\/borncity.eu\/senioren\/2021\/09\/30\/kfz-verbandskasten-zwei-atemschutzmasken-werden-wohl-pflicht\/","title":{"rendered":"KFZ-Verbandskasten: Zwei Atemschutzmasken werden Pflicht"},"content":{"rendered":"<p><img loading=\"lazy\" decoding=\"async\" title=\"VW-K&auml;fer\" style=\"float: left; margin: 0px 10px 0px 0px; display: inline\" alt=\"VW-K&auml;fer\" src=\"https:\/\/borncity.eu\/senioren\/wp-content\/uploads\/2023\/05\/FsKkrZe.jpg\" width=\"278\" height=\"176\">Haben Sie ein Auto? In den Fahrzeugen muss in Deutschland ein Erste-Hilfe-Kasten nach DIN 13164 mitgef\u00fchrt werden. Die Dinger sind nur vier Jahre haltbar und d\u00fcrfen danach nicht mehr im Auto eingesetzt werden. Eigentlich eine unn\u00fctze Zeitspanne, so werden Millionen Verbandk\u00e4sten, die noch einwandfrei sind, zum M\u00fcll. Aber Dienst ist Dienst, und DIN ist DIN, mit oder ohne Schnaps. Und nun wird als n\u00e4chste Auflage noch die Pflicht dazu kommen, dass der Erste-Hilfe-Kasten zwei Mund-Nasen-Atemschutzmasken enth\u00e4lt. <\/p>\n<p><!--more--><\/p>\n<p>Noch ist es nicht so weit, denn so etwas muss in Deutschland seine Ordnung haben. Die neue Pflicht zum Mitf\u00fchren zweier Atemschutzmasken soll, so das Bundesverkehrsministerium, in die n\u00e4chste Stra\u00dfenverkehrs-Zulassungs-Ordnung aufgenommen werden.<\/p>\n<p><a href=\"https:\/\/twitter.com\/BGASoffizell\/status\/1441725506685124608\" target=\"_blank\" rel=\"noopener\"><img decoding=\"async\" title=\"KFZ-Verbandskasten: Zwei Atemschutzmasken werden wohl Pflicht\" alt=\"KFZ-Verbandskasten: Zwei Atemschutzmasken werden wohl Pflicht\" src=\"https:\/\/i.imgur.com\/T1rSlEU.png\"><\/a><\/p>\n<p>Sobald diese Stra\u00dfenverkehrs-Zulassungs-Ordnung beschlossen und verk\u00fcndet wurde, ist das Mitf\u00fchren Pflicht. Wer sich nicht daran h\u00e4lt, muss bei einer Kontrolle durch die Polizei mit einem Bu\u00dfgeld rechnen. Laut <a href=\"https:\/\/www.rnd.de\/politik\/corona-mitnahme-von-zwei-masken-im-auto-verbandkasten-wird-pflicht-TNQV23VUBKUYZVXVSQPUB4FH7Q.html\" target=\"_blank\" rel=\"noopener\">diesem Artikel<\/a> werden bei unvollst\u00e4ndigem Verbandskasten 5 Euro Bu\u00dfgeld f\u00e4llig. Meine Frau hat direkt N\u00e4gel mit K\u00f6pfen gemacht und zwei Masken ins Auto gelegt &#8211; ob die in den Verbandskasten gewandert sind, habe ich nicht kontrolliert. <\/p>\n<p>Das Redaktionsnetzwerk Deutschland (RND) hat \u00fcbrigens <a href=\"https:\/\/www.rnd.de\/mobilitaet\/kfz-verbandskasten-die-wichtigsten-fragen-und-antworten-im-ueberblick-LY77U6XXBBH4BGJHMNWF7WOOZY.html\" target=\"_blank\" rel=\"noopener\">diesen ganz lesenswerten Artikel<\/a> rund um das Thema Verbandskasten f\u00fcrs Auto ver\u00f6ffentlicht. Dort erf\u00e4hrt man nicht nur, was ein Erste-Hilfe-Kasten nach DIN 13164 alles enthalten muss, sondern auch wie lange die g\u00fcltig sind und so weiter. <\/p>\n","protected":false},"excerpt":{"rendered":"<p>Haben Sie ein Auto? In den Fahrzeugen muss in Deutschland ein Erste-Hilfe-Kasten nach DIN 13164 mitgef\u00fchrt werden. Die Dinger sind nur vier Jahre haltbar und d\u00fcrfen danach nicht mehr im Auto eingesetzt werden. Eigentlich eine unn\u00fctze Zeitspanne, so werden Millionen &hellip; <a href=\"https:\/\/borncity.eu\/senioren\/2021\/09\/30\/kfz-verbandskasten-zwei-atemschutzmasken-werden-wohl-pflicht\/\">Weiterlesen <span class=\"meta-nav\">&rarr;<\/span><\/a><\/p>\n","protected":false},"author":1,"featured_media":0,"comment_status":"open","ping_status":"","sticky":false,"template":"","format":"standard","meta":{"footnotes":""},"categories":[655],"tags":[103],"class_list":["post-17759","post","type-post","status-publish","format-standard","hentry","category-technik","tag-technik"],"_links":{"self":[{"href":"https:\/\/borncity.eu\/senioren\/wp-json\/wp\/v2\/posts\/17759","targetHints":{"allow":["GET"]}}],"collection":[{"href":"https:\/\/borncity.eu\/senioren\/wp-json\/wp\/v2\/posts"}],"about":[{"href":"https:\/\/borncity.eu\/senioren\/wp-json\/wp\/v2\/types\/post"}],"author":[{"embeddable":true,"href":"https:\/\/borncity.eu\/senioren\/wp-json\/wp\/v2\/users\/1"}],"replies":[{"embeddable":true,"href":"https:\/\/borncity.eu\/senioren\/wp-json\/wp\/v2\/comments?post=17759"}],"version-history":[{"count":0,"href":"https:\/\/borncity.eu\/senioren\/wp-json\/wp\/v2\/posts\/17759\/revisions"}],"wp:attachment":[{"href":"https:\/\/borncity.eu\/senioren\/wp-json\/wp\/v2\/media?parent=17759"}],"wp:term":[{"taxonomy":"category","embeddable":true,"href":"https:\/\/borncity.eu\/senioren\/wp-json\/wp\/v2\/categories?post=17759"},{"taxonomy":"post_tag","embeddable":true,"href":"https:\/\/borncity.eu\/senioren\/wp-json\/wp\/v2\/tags?post=17759"}],"curies":[{"name":"wp","href":"https:\/\/api.w.org\/{rel}","templated":true}]}}