{"id":17842,"date":"2021-10-16T00:22:00","date_gmt":"2021-10-15T22:22:00","guid":{"rendered":"https:\/\/borncity.com\/senioren\/?p=17842"},"modified":"2021-10-16T17:29:39","modified_gmt":"2021-10-16T15:29:39","slug":"die-arbeitswelt-von-morgen-und-die-alternde-gesellschaft","status":"publish","type":"post","link":"https:\/\/borncity.eu\/senioren\/2021\/10\/16\/die-arbeitswelt-von-morgen-und-die-alternde-gesellschaft\/","title":{"rendered":"Die Arbeitswelt von morgen und die alternde Gesellschaft"},"content":{"rendered":"<p>Ich bin nicht so sicher, wie viele Leserinnen und Leser meines Blogs hier noch arbeiten. Aber ich findet diese Frage hoch spannend, da ich inzwischen zwar zur Generation der Unruhest\u00e4ndler (junge Rentner) geh\u00f6re, aber noch ein wenig weiter als Blogger arbeiten m\u00f6chte. Ich nehme also quasi die Entwicklung, dass die Leute gleitend in den Ruhestand gehen, vorweg.<\/p>\n<p><!--more--><\/p>\n<p>Als ich daher auf den nachfolgenden Tweet stie\u00df, interessierte mich der <a href=\"https:\/\/combine-consulting.com\/magazin\/arbeit\/neue-arbeitsmodelle-fuer-die-alternde-gesellschaft\/\" target=\"_blank\" rel=\"noopener\">verlinkte Artikel<\/a> (auch wenn der Beitrag von einer Consulting-Firma ver\u00f6ffentlicht wurde).<\/p>\n<p><a href=\"https:\/\/combine-consulting.com\/magazin\/arbeit\/neue-arbeitsmodelle-fuer-die-alternde-gesellschaft\/\" target=\"_blank\" rel=\"noopener\"><img decoding=\"async\" title=\"Arbeitswelt und alternde Gesellschaft\" src=\"https:\/\/i.imgur.com\/dHSX9n9.png\" alt=\"Arbeitswelt und alternde Gesellschaft\" \/><\/a><\/p>\n<p>Eine steigende Lebenserwartung, aber auch die geburtenschwachen Jahrg\u00e4nge, die noch im Erwerbsleben stehen, machen es erforderlich, dass Menschen l\u00e4nger erwerbst\u00e4tig bleiben. Die\u00a0 Erwerbst\u00e4tigenquote der 60- bis 64-J\u00e4hrigen hat sich von 20 Prozent im Jahr 2000 auf 60 Prozent im Jahr 2020 erh\u00f6ht (<a href=\"https:\/\/www.bmas.de\/DE\/Soziales\/Rente-und-Altersvorsorge\/Fakten-zur-Rente\/Alternde-Gesellschaft\/alternde-gesellschaft.html\" target=\"_blank\" rel=\"noopener\">siehe<\/a>). Das ist ein \u00fcberdurchschnittlicher Anstieg. Bei Frauen hat sich die Erwerbst\u00e4tigenquote dieser Altersgruppe seit 2000 sogar mehr als vervierfacht, bei M\u00e4nnern mehr als verdoppelt.<\/p>\n<p>Ab 2025 wird der Altenquotient stark ansteigen, die Geburtenziffer aber niedrig bleiben. Das bedeutet, dass \u00c4ltere zuk\u00fcnftig zur Finanzierung des Rentensystems l\u00e4nger arbeiten m\u00fcssen. Die Botschaft des <a href=\"https:\/\/combine-consulting.com\/magazin\/arbeit\/neue-arbeitsmodelle-fuer-die-alternde-gesellschaft\/\" target=\"_blank\" rel=\"noopener\">oben erw\u00e4hnten Artikels<\/a> ist, dass die Arbeit zuk\u00fcnftig flexibler gestaltet werden muss. Teilzeit, Gleitmodelle und flexibles Arbeiten m\u00fcssen f\u00fcr \u00e4ltere Arbeitnehmer und Arbeitnehmerinnen angeboten werden, um diesen den langsamen Wechsel in den Ruhestand zu ermittelt. Der Artikel postuliert auch, dass zuk\u00fcnftig Remote Work, was heute vor allem J\u00fcngere durch Homeoffice nutzen, als Modell angeboten werden muss, statt die Leute in Fr\u00fchrente zu schicken.<\/p>\n<p>Aus meiner Sicht wird das eine spannende Entwicklung. Nicht jede Arbeitnehmerin oder jeder Arbeitnehmer wird diese Modelle annehmen k\u00f6nnen und wollen (ein Dachdecker oder Schwei\u00dfer wird sich schwer tun, die Leistungen per Homeoffice zu erbringen). Aber f\u00fcr viele Menschen wird es flexiblere L\u00f6sungen geben m\u00fcssen. Interessant wird vor allem sein, ob da die Motivation zum Weiterarbeiten noch vorhanden ist. Eine der frustrierenden Erfahrungen meinerseits war, dass viele Bekannte, die voll im Berufsleben standen, so ca. 1-2 Jahre vor dem Ruhestand pl\u00f6tzlich ein \"keine Lust mehr, mir das noch antun zu m\u00fcssen\" \u00e4u\u00dferten. Irgend etwas ist da in Bezug auf Arbeitszufriedenheit gekippt und die Leute habe nur noch auf den Eintritt in den Ruhestand gewartet &#8211; um dann in ein Loch zu fallen.<\/p>\n<p>Wenn ich dagegen meine Situation betrachte, konnte ich mir eigentlich nie vorstellen, mit 65+9 Jahren (oder sogar mit 63 Jahren und 9 Monaten abschlagsfrei) von einem Tag auf den anderen in Rente zu gehen. Allerdings kann ich auch postulieren, dass ich dieses \"New work modell\" zum 1. Oktober 2021 seit 28 Jahren betreibe. Denn zu diesem Zeitpunkt habe ich mein Hobby zum Beruf gemacht und lebte vom Schreiben diverser Computer-Literatur. Und seit Oktober 2016 kann ich von meinen diversen Blogs, die ich ab 2007 gestartet habe, sogar leben. Auch wenn ich in dieser Zeit viel gearbeitet habe, erm\u00f6glichte mir die Freiberuflichkeit, die Arbeit flexibel einzuteilen. Von daher sehe ich es pers\u00f6nlich als Privileg an, noch ein wenig als Schreiberling meine Blogs am Laufen zu halten und auch noch den einen oder anderen Artikel f\u00fcr IT-Magazine zu schreiben.<\/p>\n<p><strong>\u00c4hnliche Artikel:<\/strong><br \/>\n<a href=\"https:\/\/borncity.eu\/senioren\/2019\/09\/16\/rent-a-rentner-arbeitsvermittlung-fr-senioren\/\">Rent a Rentner: Arbeitsvermittlung f\u00fcr Senioren<\/a><br \/>\n<a href=\"https:\/\/borncity.eu\/senioren\/2019\/07\/11\/arbeitsleben-beeinflusst-die-lebenserwartung\/\">Arbeitsleben beeinflusst die Lebenserwartung<\/a><br \/>\n<a href=\"https:\/\/borncity.eu\/senioren\/2018\/10\/17\/mehr-senioren-arbeiten-neben-dem-ruhestand\/\">Mehr Senioren arbeiten neben dem Ruhestand<\/a><br \/>\n<a href=\"https:\/\/borncity.eu\/senioren\/2018\/10\/01\/rente-mit-63-und-anrechnung-von-arbeitslosenzeiten\/\">Urteil: Anrechnung von Arbeitslosenzeiten bei Rente mit 63<\/a><br \/>\n<a href=\"https:\/\/borncity.eu\/senioren\/2021\/05\/27\/heute-sprecherin-petra-gerster-abschied-in-den-ruhestand-lebbe-geht-weider\/\">Heute-Sprecherin Petra Gerster, Abschied in den Ruhestand: \"Lebbe geht weider\"<\/a><br \/>\n<a href=\"https:\/\/borncity.eu\/senioren\/2020\/11\/20\/ruhestand-ehepaare-verfgen-durchschnittlich-ber-2907-euro-netto-monatlich\/\">Ruhestand: Ehepaare haben durchschnittlich \u00fcber 2907 Euro Netto monatlich<\/a><br \/>\n<a href=\"https:\/\/borncity.eu\/senioren\/2021\/06\/16\/heute-sprecher-claus-kleber-hrt-ende-2021-auf\/\">Heute-Sprecher Claus Kleber h\u00f6rt Ende 2021 auf \u2026<\/a><br \/>\n<a href=\"https:\/\/borncity.eu\/senioren\/2020\/11\/23\/mr-tagesschau-jan-hofer-geht-in-rente\/\">Mr. Tagesschau, Jan Hofer, geht in Rente<\/a><br \/>\n<a href=\"https:\/\/borncity.eu\/senioren\/2020\/12\/15\/jan-geh-du-voran-hofers-letzte-tagesschau\/\">Jan, geh Du voran \u2013 Hofers letzte Tagesschau \u2026<\/a><\/p>\n<p><a href=\"https:\/\/borncity.eu\/senioren\/?p=1713\">Tipp: Die Rentenberatung der Deutsche Rentenversicherung<\/a><br \/>\n<a href=\"https:\/\/borncity.eu\/senioren\/?p=1724\">Rentenantr\u00e4ge bei der Deutsche Rentenversicherung anfordern<\/a><br \/>\n<a href=\"https:\/\/borncity.eu\/senioren\/?p=1728\">Tipp: Erg\u00e4nzende Informationen f\u00fcr Rentner bei der DRV<\/a><br \/>\n<a href=\"https:\/\/borncity.eu\/senioren\/2016\/10\/13\/rentenantrge-bei-der-deutsche-rentenversicherung-anfordern\/\">Rentenantr\u00e4ge bei der Deutsche Rentenversicherung anfordern<\/a><br \/>\n<a href=\"https:\/\/borncity.eu\/senioren\/2017\/01\/05\/tipp-online-rechner-fr-rentenhhe-und-beginn\/\">Tipp: Online-Rechner f\u00fcr Rentenh\u00f6he und \u2013beginn<\/a><br \/>\n<a href=\"https:\/\/borncity.eu\/senioren\/2018\/06\/11\/urteil-zum-versorgungsausgleich-nach-tod-des-begnstigten\/\">Urteil zum Versorgungsausgleich nach Tod des Beg\u00fcnstigten<\/a><br \/>\n<a href=\"https:\/\/borncity.eu\/senioren\/2018\/10\/01\/rente-mit-63-und-anrechnung-von-arbeitslosenzeiten\/\">Urteil: Anrechnung von Arbeitslosenzeiten bei Rente mit 63<\/a><br \/>\n<a href=\"https:\/\/borncity.eu\/senioren\/2018\/10\/19\/pflegende-angehrige-tipps-fr-mehr-rente\/\">Pflegende Angeh\u00f6rige: Tipps f\u00fcr mehr Rente<\/a><br \/>\n<a href=\"https:\/\/borncity.eu\/senioren\/2018\/10\/17\/mehr-senioren-arbeiten-neben-dem-ruhestand\/\">Mehr Senioren arbeiten neben dem Ruhestand<\/a><br \/>\n<a href=\"https:\/\/borncity.eu\/senioren\/2018\/11\/09\/gekrzte-mtterrente-und-die-rentenerhhung-2019\/\">Gek\u00fcrzte M\u00fctterrente und die Rentenerh\u00f6hung 2019<\/a><br \/>\n<a href=\"https:\/\/borncity.eu\/senioren\/2018\/01\/18\/arbeiten-im-hheren-lebensalter\/\">Arbeiten im h\u00f6heren Lebensalter \u2026 warum nicht?<\/a><\/p>\n<p><a href=\"https:\/\/borncity.eu\/senioren\/2018\/06\/11\/urteil-zum-versorgungsausgleich-nach-tod-des-begnstigten\/\">Urteil zum Versorgungsausgleich nach Tod des Beg\u00fcnstigten<\/a><br \/>\n<a href=\"https:\/\/borncity.eu\/senioren\/2017\/05\/31\/versorgungsausgleich-bei-tod-des-ex-partners-rckabwickeln\/\">Versorgungsausgleich bei Tod des Ex-Partners r\u00fcckabwickeln<\/a><\/p>\n","protected":false},"excerpt":{"rendered":"<p>Ich bin nicht so sicher, wie viele Leserinnen und Leser meines Blogs hier noch arbeiten. Aber ich findet diese Frage hoch spannend, da ich inzwischen zwar zur Generation der Unruhest\u00e4ndler (junge Rentner) geh\u00f6re, aber noch ein wenig weiter als Blogger &hellip; <a href=\"https:\/\/borncity.eu\/senioren\/2021\/10\/16\/die-arbeitswelt-von-morgen-und-die-alternde-gesellschaft\/\">Weiterlesen <span class=\"meta-nav\">&rarr;<\/span><\/a><\/p>\n","protected":false},"author":1,"featured_media":0,"comment_status":"open","ping_status":"closed","sticky":false,"template":"","format":"standard","meta":{"footnotes":""},"categories":[1],"tags":[168],"class_list":["post-17842","post","type-post","status-publish","format-standard","hentry","category-allgemein","tag-allgemein"],"_links":{"self":[{"href":"https:\/\/borncity.eu\/senioren\/wp-json\/wp\/v2\/posts\/17842","targetHints":{"allow":["GET"]}}],"collection":[{"href":"https:\/\/borncity.eu\/senioren\/wp-json\/wp\/v2\/posts"}],"about":[{"href":"https:\/\/borncity.eu\/senioren\/wp-json\/wp\/v2\/types\/post"}],"author":[{"embeddable":true,"href":"https:\/\/borncity.eu\/senioren\/wp-json\/wp\/v2\/users\/1"}],"replies":[{"embeddable":true,"href":"https:\/\/borncity.eu\/senioren\/wp-json\/wp\/v2\/comments?post=17842"}],"version-history":[{"count":0,"href":"https:\/\/borncity.eu\/senioren\/wp-json\/wp\/v2\/posts\/17842\/revisions"}],"wp:attachment":[{"href":"https:\/\/borncity.eu\/senioren\/wp-json\/wp\/v2\/media?parent=17842"}],"wp:term":[{"taxonomy":"category","embeddable":true,"href":"https:\/\/borncity.eu\/senioren\/wp-json\/wp\/v2\/categories?post=17842"},{"taxonomy":"post_tag","embeddable":true,"href":"https:\/\/borncity.eu\/senioren\/wp-json\/wp\/v2\/tags?post=17842"}],"curies":[{"name":"wp","href":"https:\/\/api.w.org\/{rel}","templated":true}]}}