{"id":18004,"date":"2021-11-11T00:16:00","date_gmt":"2021-11-10T23:16:00","guid":{"rendered":"https:\/\/borncity.com\/senioren\/?p=18004"},"modified":"2021-11-11T11:46:31","modified_gmt":"2021-11-11T10:46:31","slug":"matthias-maurer-soll-mit-der-spacex-crew-3-mission-zur-iss-starten","status":"publish","type":"post","link":"https:\/\/borncity.eu\/senioren\/2021\/11\/11\/matthias-maurer-soll-mit-der-spacex-crew-3-mission-zur-iss-starten\/","title":{"rendered":"Matthias Maurer soll mit der SpaceX Crew-3-Mission zur ISS starten &#8211; ist gestartet"},"content":{"rendered":"<p>Neuer Versuch der NASA, die Crew-3-Mission an Bord einer Crew Dragon mit einer SpaceX Falcon 9 zu starten und vier Astronauten zur internationalen Raumstation (ISS) zu fliegen. Mit an Bord wird der Deutsche ESA-Astronaut Matthias Maurer sein, der als 12. Deutscher ins All starten soll.<strong> Nachtrag:<\/strong> Die Crew-3 ist erfolgreich in Richtung ISS gestartet. Erste Bilder aus der Raumkapsel.<\/p>\n<p><!--more--><\/p>\n<p>Der Start war ja wegen schlechten Wetters und einer Erkrankung eines Besatzungsmitglieds mehrfach verschoben worden (siehe Links am Beitragsende). Die ESA hat in nachfolgendem <a href=\"https:\/\/twitter.com\/esaspaceflight\/status\/1458339587420528642\" target=\"_blank\" rel=\"noopener\">Tweet<\/a> den neuen Startversuch f\u00fcr Donnerstag, den 11. November 2021, um 03:03 deutscher Zeit angek\u00fcndigt.<\/p>\n<p><a href=\"https:\/\/twitter.com\/esaspaceflight\/status\/1458339587420528642\" target=\"_blank\" rel=\"noopener\"><img decoding=\"async\" title=\"Matthias Maurer soll mit der SpaceX Crew-3-Mission zur ISS starten\" src=\"https:\/\/i.imgur.com\/dWSBTxv.png\" alt=\"Matthias Maurer soll mit der SpaceX Crew-3-Mission zur ISS starten\" \/><\/a><\/p>\n<p>Der Start soll, wenn alles glatt geht, auf <a href=\"https:\/\/www.esa.int\/Science_Exploration\/Human_and_Robotic_Exploration\/Cosmic_kiss\/Watch_live_liftoff_of_Crew-3_to_space\" target=\"_blank\" rel=\"noopener\">dieser Seite Live<\/a> \u00fcbertragen werden. Derweil ist die SpaceX Crew-2-Mannschaft am 9. November 2021 nach 199 Tagen im Orbit, an Bord der ISS, wieder sicher mit 4 Astronauten gelandet (siehe folgender <a href=\"https:\/\/twitter.com\/NASA\/status\/1457942976311795715\" target=\"_blank\" rel=\"noopener\">Tweet<\/a> und <a href=\"https:\/\/www.heise.de\/news\/Vier-Astronauten-ohne-funktionierende-Toilette-von-ISS-zurueckgekehrt-6261600.html\" target=\"_blank\" rel=\"noopener\">diesen deutschsprachigen Artikel<\/a>).<\/p>\n<p><a href=\"https:\/\/twitter.com\/NASA\/status\/1457942976311795715\" target=\"_blank\" rel=\"noopener\"><img decoding=\"async\" title=\"SpaceX Crew-2\" src=\"https:\/\/i.imgur.com\/y5BH8nE.png\" alt=\"SpaceX Crew-2\" \/><\/a><\/p>\n<h2>Erfolgreicher Start zur ISS<\/h2>\n<p><strong>Nachtrag:<\/strong> Die Crew-3 ist erfolgreich in Richtung ISS gestartet. Nachfolgender <a href=\"https:\/\/twitter.com\/reportwire_\/status\/1458695415147204609\" target=\"_blank\" rel=\"noopener\">Tweet<\/a> zeigt Matthias Maurer als 600. Mensch, der ins All starten soll, auf dem Weg zur Startrampe.<\/p>\n<p><a href=\"https:\/\/twitter.com\/reportwire_\/status\/1458695415147204609\" target=\"_blank\" rel=\"noopener\"><img decoding=\"async\" title=\"600. Mensch, der ins All starten soll\" src=\"https:\/\/i.imgur.com\/n675bQT.png\" alt=\"600. Mensch, der ins All starten soll\" \/><\/a><\/p>\n<p>Der <a href=\"https:\/\/www.rnd.de\/wissen\/start-zur-iss-matthias-maurer-mit-spacex-rakete-zur-internationalen-raumstation-unterwegs-JGYR3ET6ZJZZDXFMIYCAMXU2YI.html\" target=\"_blank\" rel=\"noopener\">RND-Artikel hier<\/a> berichtet \u00fcber den gelungenen Start und die Eckdaten der Mission &#8211; es sei ein perfekter Start gewesen. Es dauert 22 Stunden, bis die Besatzung an der ISS andocken wird. Nachfolgender Tweet zeigt ein Bild der Astronauten an Bord des Raumschiffs im All. Es herrscht bereits Schwerelosigkeit und die Crew Dragon wird vollautomatisch zur ISS fliegen.<\/p>\n<p><img decoding=\"async\" title=\"SpaceX Crew-3 im All\" src=\"https:\/\/i.imgur.com\/H4LBuhD.png\" alt=\"SpaceX Crew-3 im All\" \/><\/p>\n<p>Matthias Maurer ist mit 51 Jahren der \u00e4lteste deutsche Astronaut im All und soll f\u00fcr sechs Monate auf der ISS bleiben, um dort zu forschen und Au\u00dfeneins\u00e4tze an der Station durchzuf\u00fchren. Erg\u00e4nzung: In <a href=\"https:\/\/twitter.com\/SpaceX\/status\/1458726458575269889\" target=\"_blank\" rel=\"noopener\">diesem Tweet\u00a0<\/a> zeigt die NASA ein erstes Video aus der Raumkapsel in der Umlaufbahn. Zwei Astronauten und eine Astronautin schweben in der Schwerelosigkeit.<\/p>\n<p><strong>\u00c4hnliche Artikel:<\/strong><br \/>\n<a href=\"https:\/\/borncity.eu\/senioren\/2021\/10\/30\/heute-startet-matthias-maurer-mit-der-spacex-crew-3-mission-zur-iss\/\">Matthias Maurer startet mit der SpaceX Crew-3-Mission zur ISS<\/a><br \/>\n<a href=\"https:\/\/borncity.eu\/senioren\/2021\/10\/27\/spacex-raumflug-mit-matthias-maurer-zur-iss-und-die-kaputte-toilette\/\">SpaceX-Raumflug mit Matthias Maurer zur ISS und die kaputte Toilette<\/a><br \/>\n<a href=\"https:\/\/borncity.eu\/senioren\/2021\/11\/02\/spacex-start-von-crew-3-mission-mit-maurer-auf-samstag-verschoben\/\">SpaceX-Start von Crew-3-Mission mit Maurer auf Samstag verschoben<\/a><br \/>\n<a href=\"https:\/\/borncity.eu\/senioren\/2021\/11\/05\/matthias-maurer-muss-warten-flug-zur-iss-frhestens-montag\/\">Matthias Maurer muss warten, Flug zur ISS fr\u00fchestens Montag<\/a><\/p>\n","protected":false},"excerpt":{"rendered":"<p>Neuer Versuch der NASA, die Crew-3-Mission an Bord einer Crew Dragon mit einer SpaceX Falcon 9 zu starten und vier Astronauten zur internationalen Raumstation (ISS) zu fliegen. Mit an Bord wird der Deutsche ESA-Astronaut Matthias Maurer sein, der als 12. &hellip; <a href=\"https:\/\/borncity.eu\/senioren\/2021\/11\/11\/matthias-maurer-soll-mit-der-spacex-crew-3-mission-zur-iss-starten\/\">Weiterlesen <span class=\"meta-nav\">&rarr;<\/span><\/a><\/p>\n","protected":false},"author":1,"featured_media":0,"comment_status":"open","ping_status":"closed","sticky":false,"template":"","format":"standard","meta":{"footnotes":""},"categories":[655],"tags":[222],"class_list":["post-18004","post","type-post","status-publish","format-standard","hentry","category-technik","tag-raumfahrt"],"_links":{"self":[{"href":"https:\/\/borncity.eu\/senioren\/wp-json\/wp\/v2\/posts\/18004","targetHints":{"allow":["GET"]}}],"collection":[{"href":"https:\/\/borncity.eu\/senioren\/wp-json\/wp\/v2\/posts"}],"about":[{"href":"https:\/\/borncity.eu\/senioren\/wp-json\/wp\/v2\/types\/post"}],"author":[{"embeddable":true,"href":"https:\/\/borncity.eu\/senioren\/wp-json\/wp\/v2\/users\/1"}],"replies":[{"embeddable":true,"href":"https:\/\/borncity.eu\/senioren\/wp-json\/wp\/v2\/comments?post=18004"}],"version-history":[{"count":0,"href":"https:\/\/borncity.eu\/senioren\/wp-json\/wp\/v2\/posts\/18004\/revisions"}],"wp:attachment":[{"href":"https:\/\/borncity.eu\/senioren\/wp-json\/wp\/v2\/media?parent=18004"}],"wp:term":[{"taxonomy":"category","embeddable":true,"href":"https:\/\/borncity.eu\/senioren\/wp-json\/wp\/v2\/categories?post=18004"},{"taxonomy":"post_tag","embeddable":true,"href":"https:\/\/borncity.eu\/senioren\/wp-json\/wp\/v2\/tags?post=18004"}],"curies":[{"name":"wp","href":"https:\/\/api.w.org\/{rel}","templated":true}]}}