{"id":18024,"date":"2021-11-12T13:01:44","date_gmt":"2021-11-12T12:01:44","guid":{"rendered":"https:\/\/borncity.com\/senioren\/?p=18024"},"modified":"2021-11-12T13:01:44","modified_gmt":"2021-11-12T12:01:44","slug":"crew-3-mit-matthias-maurer-auf-der-iss-angekommen","status":"publish","type":"post","link":"https:\/\/borncity.eu\/senioren\/2021\/11\/12\/crew-3-mit-matthias-maurer-auf-der-iss-angekommen\/","title":{"rendered":"Crew-3 mit Matthias Maurer auf der ISS angekommen"},"content":{"rendered":"<p>Der aus dem Saarland stammende ESA-Astronaut Matthias Maurer ist mit drei weiteren Kollegen und Kolleginnen auf der internationalen Raumstation (ISS) eingetroffen. Die Crew-3 genannte Mannschaft war gestern erfolgreich mit einer SpaceX Crew Dragon Raumkapsel mittels einer Falcon 9-Rakete in Richtung ISS gestartet.<\/p>\n<p><!--more--><\/p>\n<p>Ich hatte \u00fcber die Mission im Beitrag <a href=\"https:\/\/borncity.eu\/senioren\/2021\/11\/11\/matthias-maurer-soll-mit-der-spacex-crew-3-mission-zur-iss-starten\/\">Matthias Maurer soll mit der SpaceX Crew-3-Mission zur ISS starten \u2013 ist gestartet<\/a> berichtet. \u00dcber nachfolgenden <a href=\"https:\/\/twitter.com\/NASA\/status\/1458970736031379456\">Tweet<\/a> l\u00e4sst sich ein Video abrufen, welches die Ankunft der drei Raumfahrer und einer Astronautin auf der ISS zeigt &#8211; die Vier schweben \u00fcber die Schleuse der Andockstation in die Raumstation und werden dort begr\u00fc\u00dft.<\/p>\n<p><a href=\"https:\/\/twitter.com\/NASA\/status\/1458970736031379456\" target=\"_blank\" rel=\"noopener\"><img decoding=\"async\" title=\"Crew-3: Ankunft auf der ISS\" alt=\"Crew-3: Ankunft auf der ISS\" src=\"https:\/\/i.imgur.com\/zB3wnwC.png\"><\/a><\/p>\n<p>Sieht leicht wie in einer Messi-Wohnung auf der ISS aus &#8211; genau, wie in deinem B\u00fcro, pflegt meine Frau zu sagen &#8211; nur schwebe ich da nicht herum. Die Kollegen von heise haben <a href=\"https:\/\/www.heise.de\/news\/Umarmungen-und-Selfies-Deutscher-Astronaut-Maurer-auf-ISS-angekommen-6265136.html\" target=\"_blank\" rel=\"noopener\">diesen Artikel<\/a> zur Ankunft mit ein paar weiteren Details ver\u00f6ffentlicht. <\/p>\n<p><strong>\u00c4hnliche Artikel:<\/strong><br \/><a href=\"https:\/\/borncity.eu\/senioren\/2021\/10\/30\/heute-startet-matthias-maurer-mit-der-spacex-crew-3-mission-zur-iss\/\">Matthias Maurer startet mit der SpaceX Crew-3-Mission zur ISS<\/a><br \/><a href=\"https:\/\/borncity.eu\/senioren\/2021\/10\/27\/spacex-raumflug-mit-matthias-maurer-zur-iss-und-die-kaputte-toilette\/\">SpaceX-Raumflug mit Matthias Maurer zur ISS und die kaputte Toilette<\/a><br \/><a href=\"https:\/\/borncity.eu\/senioren\/2021\/11\/02\/spacex-start-von-crew-3-mission-mit-maurer-auf-samstag-verschoben\/\">SpaceX-Start von Crew-3-Mission mit Maurer auf Samstag verschoben<\/a><br \/><a href=\"https:\/\/borncity.eu\/senioren\/2021\/11\/05\/matthias-maurer-muss-warten-flug-zur-iss-frhestens-montag\/\">Matthias Maurer muss warten, Flug zur ISS fr\u00fchestens Montag<\/a><br \/><a href=\"https:\/\/borncity.eu\/senioren\/2021\/11\/11\/matthias-maurer-soll-mit-der-spacex-crew-3-mission-zur-iss-starten\/\">Matthias Maurer soll mit der SpaceX Crew-3-Mission zur ISS starten \u2013 ist gestartet<\/a><\/p>\n","protected":false},"excerpt":{"rendered":"<p>Der aus dem Saarland stammende ESA-Astronaut Matthias Maurer ist mit drei weiteren Kollegen und Kolleginnen auf der internationalen Raumstation (ISS) eingetroffen. Die Crew-3 genannte Mannschaft war gestern erfolgreich mit einer SpaceX Crew Dragon Raumkapsel mittels einer Falcon 9-Rakete in Richtung &hellip; <a href=\"https:\/\/borncity.eu\/senioren\/2021\/11\/12\/crew-3-mit-matthias-maurer-auf-der-iss-angekommen\/\">Weiterlesen <span class=\"meta-nav\">&rarr;<\/span><\/a><\/p>\n","protected":false},"author":1,"featured_media":0,"comment_status":"open","ping_status":"","sticky":false,"template":"","format":"standard","meta":{"footnotes":""},"categories":[655],"tags":[222],"class_list":["post-18024","post","type-post","status-publish","format-standard","hentry","category-technik","tag-raumfahrt"],"_links":{"self":[{"href":"https:\/\/borncity.eu\/senioren\/wp-json\/wp\/v2\/posts\/18024","targetHints":{"allow":["GET"]}}],"collection":[{"href":"https:\/\/borncity.eu\/senioren\/wp-json\/wp\/v2\/posts"}],"about":[{"href":"https:\/\/borncity.eu\/senioren\/wp-json\/wp\/v2\/types\/post"}],"author":[{"embeddable":true,"href":"https:\/\/borncity.eu\/senioren\/wp-json\/wp\/v2\/users\/1"}],"replies":[{"embeddable":true,"href":"https:\/\/borncity.eu\/senioren\/wp-json\/wp\/v2\/comments?post=18024"}],"version-history":[{"count":0,"href":"https:\/\/borncity.eu\/senioren\/wp-json\/wp\/v2\/posts\/18024\/revisions"}],"wp:attachment":[{"href":"https:\/\/borncity.eu\/senioren\/wp-json\/wp\/v2\/media?parent=18024"}],"wp:term":[{"taxonomy":"category","embeddable":true,"href":"https:\/\/borncity.eu\/senioren\/wp-json\/wp\/v2\/categories?post=18024"},{"taxonomy":"post_tag","embeddable":true,"href":"https:\/\/borncity.eu\/senioren\/wp-json\/wp\/v2\/tags?post=18024"}],"curies":[{"name":"wp","href":"https:\/\/api.w.org\/{rel}","templated":true}]}}