{"id":18177,"date":"2021-12-04T12:20:24","date_gmt":"2021-12-04T11:20:24","guid":{"rendered":"https:\/\/borncity.com\/senioren\/?p=18177"},"modified":"2024-10-01T14:45:51","modified_gmt":"2024-10-01T12:45:51","slug":"die-totale-sonnenfinsternis-vom-4-12-2021","status":"publish","type":"post","link":"https:\/\/borncity.eu\/senioren\/2021\/12\/04\/die-totale-sonnenfinsternis-vom-4-12-2021\/","title":{"rendered":"Die totale Sonnenfinsternis vom 4.12.2021"},"content":{"rendered":"<p>Was war das f\u00fcr ein Aufriss, am <a href=\"https:\/\/de.wikipedia.org\/wiki\/Sonnenfinsternis_vom_11._August_1999\" target=\"_blank\" rel=\"noopener\">11. August 1999, als es eine totale Sonnenfinsternis in Europa<\/a> gab. SoFi-Brillen waren ausverkauft &#8211; und ich erinnere mich, dass die Tochter von ihrer Maltesergruppe abgeholt wurde &#8211; die fuhren mit einem Bus mit einer Gruppe Kindern von Frankfurt nach S\u00fcden, um die SoFi besser sehen zu k\u00f6nnen. Und dann hatte es dort Wolken &#8211; w\u00e4hrend ich irgendwann aus meinem B\u00fcro auf den Balkon der Dachgeschosswohnung trat und die Sonnenfinsternis durch eine Wolkenl\u00fccke beobachten konnte. Und nun, am 4.12.2021 war es um 8:44 Uhr wieder so weit &#8211; eine totale Sonnenfinsternis. Ich hatte es die vorab bereits die Nacht <a href=\"https:\/\/twitter.com\/NASA\/status\/1466885235241594884\" target=\"_blank\" rel=\"noopener\">kurz auf Twitter<\/a> gepostet &#8230;<\/p>\n<p><!--more--><\/p>\n<p>Wat schreibt der Kerl, in der Nacht etwas zu einer totalen Sonnenfinsternis auf Twitter posten (siehe nachfolgendes Bild), und dass es am heutigen 4. Dezember 2021 gleich losgehe. Hallo! Nacht! Sonne? Spinnst der? Nun ja, Nachts ist es hierzulande dunkel &#8211; au\u00dfer bei Vollmond. Und Nachts sind alle Katzen grau. Aber um 8:44 Uhr war es wieder ganz dunkel, weil totale Sonnenfinsternis herrschte. Nix bemerkt?<\/p>\n<p><a href=\"https:\/\/twitter.com\/NASA\/status\/1466885235241594884\" target=\"_blank\" rel=\"noopener\"><img decoding=\"async\" title=\"SoFi am 4.12.2021\" src=\"https:\/\/i.imgur.com\/rggXSKd.png\" alt=\"SoFi am 4.12.2021\" \/><\/a><\/p>\n<p>Ich gestehe, es war a bisserl bl\u00f6d, verfolgen und direkt sehen konnte <a href=\"https:\/\/de.wikipedia.org\/wiki\/Sonnenfinsternis_vom_4._Dezember_2021\" target=\"_blank\" rel=\"noopener\">diese totale Sonnenfinsternis<\/a> nur, wer sich in der Antarktis aufgehalten hat. In nachfolgendem <a href=\"https:\/\/twitter.com\/bobreyes\/status\/1467038582984495105\" target=\"_blank\" rel=\"noopener\">Tweet<\/a> hat jemand geniale Fotos der Bedeckung eingebunden. Die Bedeckung begann um 7:30 deutscher Zeit und dauerte einige Stunden (vollst\u00e4ndige Bedeckung um 8.44 Uhr, Dauer 1 Minute 54 Sekunden). Wettermann J\u00f6rg Kachelmann hat es in <a href=\"https:\/\/twitter.com\/Kachelmann\/status\/1467031663825801220\" target=\"_blank\" rel=\"noopener\">diesem Tweet<\/a> ebenfalls thematisiert.<\/p>\n<p><a href=\"https:\/\/twitter.com\/bobreyes\/status\/1467038582984495105\" target=\"_blank\" rel=\"noopener\"><img decoding=\"async\" src=\"https:\/\/i.imgur.com\/8lMLyhn.png\" \/><\/a><\/p>\n<p>Auf <a href=\"https:\/\/www.youtube.com\/watch?v=J04GFN2Pq1w&amp;feature=youtu.be\" target=\"_blank\" rel=\"noopener\">YouTube<\/a> lie\u00df sich das Ereignis \u00fcbrigens Live verfolgen &#8211; nur so f\u00fcr den Fall, dass es jemand verschwitzt oder nicht vor Ort geschafft hat &#8211; und in nachfolgenden Links h\u00e4tte ich noch eine Sonnenfinsternis auf dem Mars ;-).<\/p>\n<p>(Quelle: <a href=\"https:\/\/youtu.be\/J04GFN2Pq1w\" target=\"_blank\" rel=\"noopener\">YouTube<\/a>)<\/p>\n<p><strong>\u00c4hnliche Artikel:<\/strong><br \/>\n<a href=\"https:\/\/borncity.eu\/senioren\/2021\/06\/10\/sonnenfinsternis-am-10-juni-2021\/\">Sonnenfinsternis am 10. Juni 2021<\/a><br \/>\n<a href=\"https:\/\/borncity.eu\/senioren\/2017\/08\/20\/sonnenfinsternis-am-montag-21-august-2017\/\">Sonnenfinsternis am Montag (21. August 2017)<\/a><br \/>\n1900: Sonnenfinsternis in den USA auf Film gebannt<br \/>\n<a href=\"https:\/\/borncity.eu\/senioren\/2019\/04\/06\/sonnenfinsternis-auf-dem-mars\/\">Sonnenfinsternis auf dem Mars \u2026<\/a><\/p>\n","protected":false},"excerpt":{"rendered":"<p>Was war das f\u00fcr ein Aufriss, am 11. August 1999, als es eine totale Sonnenfinsternis in Europa gab. SoFi-Brillen waren ausverkauft &#8211; und ich erinnere mich, dass die Tochter von ihrer Maltesergruppe abgeholt wurde &#8211; die fuhren mit einem Bus &hellip; <a href=\"https:\/\/borncity.eu\/senioren\/2021\/12\/04\/die-totale-sonnenfinsternis-vom-4-12-2021\/\">Weiterlesen <span class=\"meta-nav\">&rarr;<\/span><\/a><\/p>\n","protected":false},"author":1,"featured_media":0,"comment_status":"open","ping_status":"closed","sticky":false,"template":"","format":"standard","meta":{"footnotes":""},"categories":[18,13],"tags":[19,119],"class_list":["post-18177","post","type-post","status-publish","format-standard","hentry","category-foto","category-natur","tag-foto","tag-natur"],"_links":{"self":[{"href":"https:\/\/borncity.eu\/senioren\/wp-json\/wp\/v2\/posts\/18177","targetHints":{"allow":["GET"]}}],"collection":[{"href":"https:\/\/borncity.eu\/senioren\/wp-json\/wp\/v2\/posts"}],"about":[{"href":"https:\/\/borncity.eu\/senioren\/wp-json\/wp\/v2\/types\/post"}],"author":[{"embeddable":true,"href":"https:\/\/borncity.eu\/senioren\/wp-json\/wp\/v2\/users\/1"}],"replies":[{"embeddable":true,"href":"https:\/\/borncity.eu\/senioren\/wp-json\/wp\/v2\/comments?post=18177"}],"version-history":[{"count":2,"href":"https:\/\/borncity.eu\/senioren\/wp-json\/wp\/v2\/posts\/18177\/revisions"}],"predecessor-version":[{"id":26454,"href":"https:\/\/borncity.eu\/senioren\/wp-json\/wp\/v2\/posts\/18177\/revisions\/26454"}],"wp:attachment":[{"href":"https:\/\/borncity.eu\/senioren\/wp-json\/wp\/v2\/media?parent=18177"}],"wp:term":[{"taxonomy":"category","embeddable":true,"href":"https:\/\/borncity.eu\/senioren\/wp-json\/wp\/v2\/categories?post=18177"},{"taxonomy":"post_tag","embeddable":true,"href":"https:\/\/borncity.eu\/senioren\/wp-json\/wp\/v2\/tags?post=18177"}],"curies":[{"name":"wp","href":"https:\/\/api.w.org\/{rel}","templated":true}]}}