{"id":18656,"date":"2022-01-31T07:34:59","date_gmt":"2022-01-31T06:34:59","guid":{"rendered":"https:\/\/borncity.com\/senioren\/?p=18656"},"modified":"2022-01-31T09:22:52","modified_gmt":"2022-01-31T08:22:52","slug":"ein-ikonisches-foto-entsteht-und-kommt-2001-auf-milliarden-computer","status":"publish","type":"post","link":"https:\/\/borncity.eu\/senioren\/2022\/01\/31\/ein-ikonisches-foto-entsteht-und-kommt-2001-auf-milliarden-computer\/","title":{"rendered":"Ein ikonisches Foto entsteht und kommt 2001 auf Millionen Computer"},"content":{"rendered":"<p><img decoding=\"async\" style=\"float: left; margin: 0px 10px 0px 0px; display: inline;\" title=\"Windows XP-Desktop\" src=\"https:\/\/i.imgur.com\/Lh1LDy4.png\" alt=\"Windows XP-Desktop\" align=\"left\" \/>M\u00f6glicherweise kommt so manchem Blog-Leser und mancher Blog-Leserin nebenstehendes Foto irgendwie bekannt vor. Dieses Bild eines gr\u00fcnen H\u00fcgels, bewachsen mit Gras, mit einem blauen Himmel und einigen Wolken, wurde auf Millionen oder vielleicht sogar Milliarden Computern mit Microsoft Windows XP als Hintergrund f\u00fcr den Desktop gezeigt. Nebenstehend ist ein Foto meines damaligen Desktop zu sehen. F\u00fcr den Fotografen Charles O'Rear, der das Foto im Januar 1996 schoss, ein Gl\u00fccksfall, das Bild ist ber\u00fchmter als die Mona Lisa.<\/p>\n<p><!--more--><\/p>\n<p>Ich bin heute \u00fcber nachfolgenden <a href=\"https:\/\/twitter.com\/wowstartsnow\/status\/1487529048603602944\" target=\"_blank\" rel=\"noopener\">Tweet<\/a> wieder auf dieses Foto und dessen Geschichte &#8211; die ich nicht wirklich im Detail im Kopf hatte, aufmerksam geworden.<\/p>\n<p><a href=\"https:\/\/twitter.com\/wowstartsnow\/status\/1487529048603602944\" target=\"_blank\" rel=\"noopener\"><img decoding=\"async\" src=\"https:\/\/i.imgur.com\/H3wDm0X.png\" \/><\/a><\/p>\n<p>Der 1941 geborene amerikanische Fotograf <a href=\"https:\/\/en.wikipedia.org\/wiki\/Charles_O%27Rear\" target=\"_blank\" rel=\"noopener\">Charles O'Rear<\/a> hat dieses Bild geschossen. Als Fotograf war er 1971 von der Zeitschrift National Geographic O'Rear beauftragt worden, das Leben russischer Dorfbewohner in Alaska zu dokumentieren, die sich selbst als Altgl\u00e4ubige bezeichneten. Im Jahr 1978 schickte ihn das Magazin ins Napa Valley, um die Weinregion zu fotografieren. O'Rear begann sich f\u00fcr das Thema Wein und Weinberge etc. zu interessieren und verlegte seinen Wohnsitz in das Tal, um die Region zu fotografieren.<\/p>\n<p>Wie es das Schicksal so will, war O'Rear an einem Freitag im Januar 1996 (die deutsche <a href=\"https:\/\/de.wikipedia.org\/wiki\/Bliss_(Bild)\" target=\"_blank\" rel=\"noopener\">Wikipedia<\/a> liegt m.W. mit der Angabe 1998 falsch) mit dem Auto auf dem Weg von seinem Haus in St. Helena, im Napa Valley in Kalifornien, um seine Freundin Daphne Irwin (die er sp\u00e4ter heiratete) in der Stadt zu besuchen.\u00a0 Er arbeitete damals mit Irwin an einem Buch \u00fcber die Weinanbauregion.<\/p>\n<p>Als er durch die kalifornischen Bezirke Napa und Sonoma fuhr, fiel ihm ein \u00fcppiger gr\u00fcner H\u00fcgel auf &#8211; er wird in obigem Tweet mit \"Mein Gott, das Gras ist perfekt\" zitiert. Also hielt er an, um diesen gr\u00fcnen H\u00fcgel am Rande des Highway 12\/121 zu fotografieren. Das Foto entstand mit seiner Mittelformatkamera Mamiya RZ67 auf. Das ist jetzt alles 26 Jahre her, und spielte sich im Januar 1996 ab.<\/p>\n<p>O'Rear reichte das Foto bei Westlight unter dem Namen Bucolic Green Hills ein, Westlight wurde 1998 von Corbis \u00fcbernommen, einer der Bildagenturen, die Microsoft zu dieser Zeit nutzte. Microsoft w\u00e4hlte dieses Foto f\u00fcr sein neues, im Jahr 2001 herausgebrachtes Betriebssystem <a href=\"https:\/\/de.wikipedia.org\/wiki\/Microsoft_Windows_XP\" target=\"_blank\" rel=\"noopener\">Windows XP<\/a> aus und kaufte von O'Rear alle Bildrechte. Sie boten O'Rear daf\u00fcr die seiner Meinung nach zweith\u00f6chste Zahlung an, die je an einen Fotografen f\u00fcr ein einzelnes Bild gezahlt wurde, schreibt <a href=\"https:\/\/en.wikipedia.org\/wiki\/Charles_O%27Rear\" target=\"_blank\" rel=\"noopener\">die Wikipedia<\/a> zu seiner Biografie. Wegen einer Vertraulichkeitsvereinbarung darf der Fotograf den genauen Kaufpreis nicht nennen, es wird aber gemunkelt, dass der Betrag \"im niedrigen sechsstelligen Bereich\" lag.<\/p>\n<p>Microsoft kaufte dem Fotografen ein Flugticket nach Seattle, und er lieferte den Originalfilm pers\u00f6nlich in den Microsoft B\u00fcros ab, da Kuriere und Lieferdienste den Versand ablehnten, nachdem sie den Wert der Sendung erfahren hatten. Microsoft benannte das Bild in Bliss um und verwendete es als Standard-Desktop-Hintergrund f\u00fcr das Standardthema von Windows XP. Das Bild wurde auch Teil der 200 Millionen Dollar teuren Werbekampagne von Microsoft, mit der die Software Yes You Can beworben wurde.<\/p>\n<p>Durch den Erfolg des Betriebssystems wurde O'Rears Foto zu einem der meistgesehenen Bilder in der Geschichte, wohl ber\u00fchmter als die Mona Lisa. Das Magazin der S\u00fcddeutsche Zeitung hat vor Jahren <a href=\"https:\/\/sz-magazin.sueddeutsche.de\/technik\/mein-bild-ist-beruehmter-als-die-mona-lisa-83363\" target=\"_blank\" rel=\"noopener\">einen Artikel<\/a> zu O'Rears und dem Bild gemacht, und auch GEO hat <a href=\"https:\/\/www.geo.de\/reisen\/reisewissen\/18325-rtkl-charles-orear-der-mann-hinter-dem-beruehmten-windows-bild-fotografiert\" target=\"_blank\" rel=\"noopener\">einen Artikel<\/a> zum Foto. Es gibt sogar eine <a href=\"https:\/\/www.youtube.com\/watch?v=N_rildi0Izs\" target=\"_blank\" rel=\"noopener\">Dokumentation auf YouTube<\/a> \u00fcber dieses Foto. Wer \u00fcbrigens die deutsche <a href=\"https:\/\/de.wikipedia.org\/wiki\/Bliss_(Bild)\" target=\"_blank\" rel=\"noopener\">Wikipedia-Seite zum Foto Bliss<\/a> aufsucht, findet dort eine Aufnahme das gleichen H\u00fcgels vom Juli 2017. Die gr\u00fcne Wiese gibt es nicht mehr, vielmehr ist alles mit Reben bepflanzt und die Szene gibt nicht ann\u00e4hernd das wieder her, was damals im Foto von O'Rear transportiert wurde.<\/p>\n<p>Da kann ich nat\u00fcrlich nicht mit dem Foto eines Sonnenuntergangs \u00fcber dem Taunus\u00a0 aus dem Blog-Beitrag\u00a0<a href=\"https:\/\/borncity.eu\/senioren\/2022\/01\/31\/sonnenuntergang-im-taunus-28-januar-2022\/\" rel=\"bookmark\">Sonnenuntergang im Taunus (28. Januar 2022)<\/a>\u00a0mithalten, welches am 28. Januar 2022 entstand. Keine gr\u00fcne Wiese, nicht mal Weinberge, sondern nur ein wolkiger Himmel, der durch die Sonne in gelb-r\u00f6tliche Farben getaucht wird. Nun ja, ich hatte auch nur ein Smartphone dabei, um das Foto zu schie\u00dfen. Der Januar 2022 war aber f\u00fcr Fotos gut &#8211; da sind auch die Bilder zum Artikel <a href=\"https:\/\/borncity.eu\/senioren\/2022\/01\/16\/wow-moment-taunus-im-abendlicht-und-mit-nebelschicht-januar-2022\/\">Wow-Moment: Taunus im Abendlicht und mit Nebelschicht (Januar 2022)<\/a> entstanden.<\/p>\n<p><strong>\u00c4hnliche Artikel:<br \/>\n<\/strong><a href=\"https:\/\/borncity.eu\/senioren\/2021\/06\/22\/sommer-morgens-um-5-ist-die-welt-noch-in-ordnung\/\">Sommer: Morgens um 5 ist die Welt noch in Ordnung<\/a><br \/>\n<a href=\"https:\/\/borncity.eu\/senioren\/2020\/04\/12\/frhling-2020-wei-blau-und-grn-am-karfreitag\/\">Fr\u00fchling 2020: Wei\u00df-blau und gr\u00fcn am Karfreitag<\/a><br \/>\n<a href=\"https:\/\/borncity.eu\/senioren\/2018\/03\/01\/abseits-blicher-pfade-bewegen\/\">Abseits \u00fcblicher Pfade unterwegs sein<\/a><br \/>\n<a href=\"https:\/\/borncity.eu\/senioren\/2022\/01\/15\/die-kleinen-fluchten-im-leben\/\">Die kleinen Fluchten im Leben (Januar 2022)<\/a><br \/>\n<a href=\"https:\/\/borncity.eu\/senioren\/2018\/11\/19\/novemberimpressionen-herbstwald-wandern-am-taunussteig\/\">Novemberimpressionen: Herbstwald, Wandern am Taunussteig<\/a><br \/>\n<a href=\"https:\/\/borncity.eu\/senioren\/2021\/06\/22\/sommer-morgens-um-5-ist-die-welt-noch-in-ordnung\/\">Sommer: Morgens um 5 ist die Welt noch in Ordnung<\/a><br \/>\n<a href=\"https:\/\/borncity.eu\/senioren\/2021\/10\/02\/es-ist-herbst-geworden-sept-2021\/\">Es ist Herbst geworden (Sept. 2021)<\/a><br \/>\n<a href=\"https:\/\/borncity.eu\/senioren\/2020\/08\/15\/samstag-morgen-im-august-nebel-und-november-blues\/\">Samstag-Morgen im August: Nebel und November-Blues?<\/a><br \/>\n<a href=\"https:\/\/borncity.eu\/senioren\/2019\/12\/21\/morgennebel-im-dezember-2019\/\">Morgennebel im Dezember (2019)<\/a><br \/>\n<a href=\"https:\/\/borncity.eu\/senioren\/2019\/10\/28\/samstagmorgen-nebel-im-sptherbst\/\">Samstagmorgen: Nebel im Sp\u00e4therbst<\/a><br \/>\n<a href=\"https:\/\/borncity.eu\/senioren\/2018\/01\/27\/januar-2018-morgen-nebel-und-sonne\/\">Januar 2018: Morgen, Nebel und Sonne<\/a><br \/>\n<a href=\"https:\/\/borncity.eu\/senioren\/2016\/12\/12\/dezember-nebel-reif-und-klte\/\">Dezember-Nebel: Reif und K\u00e4lte<\/a><br \/>\n<a href=\"https:\/\/borncity.eu\/senioren\/2016\/11\/07\/novembermorgen-mit-nebel\/\">Novembermorgen mit Nebel<\/a><br \/>\n<a href=\"https:\/\/borncity.eu\/senioren\/2015\/12\/20\/wintermorgen-mit-nebel\/\">Wintermorgen mit Nebel<\/a><br \/>\n<a href=\"https:\/\/borncity.eu\/senioren\/2021\/04\/28\/morgenstimmung-frankfurt-und-taunus\/\">Morgenstimmung: Frankfurt und Taunus<\/a><br \/>\n<a href=\"https:\/\/borncity.eu\/senioren\/2020\/08\/21\/abendrot-im-taunus\/\">Abendrot im Taunus \u2026<\/a><br \/>\n<a href=\"https:\/\/borncity.eu\/senioren\/2022\/01\/14\/frhlingsboten-oder-wintergru-zaubernuss-und-winter-jasmin\/\">Wintergru\u00df (Jan. 2022): Zaubernuss und Winter-Jasmin<\/a><br \/>\n<a href=\"https:\/\/borncity.eu\/senioren\/2022\/01\/13\/good-morning-wintermorgen-januar-2022\/\">Good Morning: Wintermorgen, Januar 2022<\/a><br \/>\n<a href=\"https:\/\/borncity.eu\/senioren\/2022\/01\/16\/wow-moment-taunus-im-abendlicht-und-mit-nebelschicht-januar-2022\/\">Wow-Moment: Taunus im Abendlicht und mit Nebelschicht (Januar 2022)<\/a><\/p>\n","protected":false},"excerpt":{"rendered":"<p>M\u00f6glicherweise kommt so manchem Blog-Leser und mancher Blog-Leserin nebenstehendes Foto irgendwie bekannt vor. Dieses Bild eines gr\u00fcnen H\u00fcgels, bewachsen mit Gras, mit einem blauen Himmel und einigen Wolken, wurde auf Millionen oder vielleicht sogar Milliarden Computern mit Microsoft Windows XP &hellip; <a href=\"https:\/\/borncity.eu\/senioren\/2022\/01\/31\/ein-ikonisches-foto-entsteht-und-kommt-2001-auf-milliarden-computer\/\">Weiterlesen <span class=\"meta-nav\">&rarr;<\/span><\/a><\/p>\n","protected":false},"author":1,"featured_media":0,"comment_status":"open","ping_status":"closed","sticky":false,"template":"","format":"standard","meta":{"footnotes":""},"categories":[18],"tags":[19],"class_list":["post-18656","post","type-post","status-publish","format-standard","hentry","category-foto","tag-foto"],"_links":{"self":[{"href":"https:\/\/borncity.eu\/senioren\/wp-json\/wp\/v2\/posts\/18656","targetHints":{"allow":["GET"]}}],"collection":[{"href":"https:\/\/borncity.eu\/senioren\/wp-json\/wp\/v2\/posts"}],"about":[{"href":"https:\/\/borncity.eu\/senioren\/wp-json\/wp\/v2\/types\/post"}],"author":[{"embeddable":true,"href":"https:\/\/borncity.eu\/senioren\/wp-json\/wp\/v2\/users\/1"}],"replies":[{"embeddable":true,"href":"https:\/\/borncity.eu\/senioren\/wp-json\/wp\/v2\/comments?post=18656"}],"version-history":[{"count":0,"href":"https:\/\/borncity.eu\/senioren\/wp-json\/wp\/v2\/posts\/18656\/revisions"}],"wp:attachment":[{"href":"https:\/\/borncity.eu\/senioren\/wp-json\/wp\/v2\/media?parent=18656"}],"wp:term":[{"taxonomy":"category","embeddable":true,"href":"https:\/\/borncity.eu\/senioren\/wp-json\/wp\/v2\/categories?post=18656"},{"taxonomy":"post_tag","embeddable":true,"href":"https:\/\/borncity.eu\/senioren\/wp-json\/wp\/v2\/tags?post=18656"}],"curies":[{"name":"wp","href":"https:\/\/api.w.org\/{rel}","templated":true}]}}