{"id":19435,"date":"2022-06-01T00:32:00","date_gmt":"2022-05-31T22:32:00","guid":{"rendered":"https:\/\/borncity.com\/senioren\/?p=19435"},"modified":"2022-06-02T00:40:53","modified_gmt":"2022-06-01T22:40:53","slug":"navigationsfehler-mars-orbiter-maven-hat-seine-wissenschaftliche-arbeit-eingestellt","status":"publish","type":"post","link":"https:\/\/borncity.eu\/senioren\/2022\/06\/01\/navigationsfehler-mars-orbiter-maven-hat-seine-wissenschaftliche-arbeit-eingestellt\/","title":{"rendered":"Navigationsfehler: Mars-Orbiter MAVEN hat seine wissenschaftliche Arbeit vor&uuml;bergehend eingestellt"},"content":{"rendered":"<p>Der um den Mars kreisende Orbiter MAVEN ist durch einen Navigationsfehler seit Februar 2022 in den Safe-Mode gegangen und in seinem wissenschaftlichen Betrieb beeintr\u00e4chtigt. Aktuell ist die Antenne wieder auf die Erde ausgerichtet und die Techniker hoffen, den Orbiter wieder bis Ende Mai 2022 funktionsf\u00e4hig zu bekommen.<\/p>\n<p><!--more--><\/p>\n<p>Der Mars-Orbiter MAVEN (<a href=\"https:\/\/de.wikipedia.org\/wiki\/MAVEN\" target=\"_blank\" rel=\"noopener\">Mars Atmosphere and Volatile Evolution<\/a>) wurde 2013 gestartet und umkreist seit dem 22. September 2014 den Mars. MAVEN soll die obere Atmosph\u00e4re des Mars und deren Interaktion mit der Sonne untersuchen. Zu diesem Zweck sind Instrumente zur Erfassung der Charakteristiken der atmosph\u00e4rischen Gase, der oberen Atmosph\u00e4re, des Sonnenwinds und der Ionosph\u00e4re an Bord.<\/p>\n<p>W\u00e4hrend der Mission f\u00fchrte der Orbiter sogar vier Tieffl\u00fcge durch die Atmosph\u00e4re durch. Zwischen dem 11. Februar und dem 5. April 2019 wurde die Umlaufbahn dazu durch gezielte Atmosph\u00e4renbremsung abgesenkt. Der marsn\u00e4hste Punkt des Orbits n\u00e4herte sich von 151 km auf 132 km \u00fcber der Oberfl\u00e4che, der marsfernste von 6050 auf 4570 km. Dadurch verringerte sich die Umlaufzeit, so dass MAVEN \u00f6fter als bisher Kontakt zu den Marsrovern aufnehmen und als Kommunikationsrelais dienen konnte. MAVEN untersucht weiterhin die Atmosph\u00e4re. Der Treibstoff wird noch f\u00fcr einen Betrieb bis mindestens 2030 reichen.<\/p>\n<p><a href=\"https:\/\/twitter.com\/SPACEdotcom\/status\/1530538499786653696\" target=\"_blank\" rel=\"noopener\"><img decoding=\"async\" title=\"Problem mit Mars-Orbiter MAVEN\" src=\"https:\/\/i.imgur.com\/EVsCcXT.png\" alt=\"Problem mit Mars-Orbiter MAVEN\" \/><\/a><\/p>\n<p>Obigem <a href=\"https:\/\/twitter.com\/SPACEdotcom\/status\/1530538499786653696\" target=\"_blank\" rel=\"noopener\">Tweet<\/a> und <a href=\"https:\/\/www.space.com\/mars-maven-orbiter-glitch-stalls-science?utm_campaign=socialflow\" target=\"_blank\" rel=\"noopener\">diesem Artikel<\/a> von space.com entnehme ich, dass es Schwierigkeiten gibt. Es gibt eine S\u00f6rung des Navigationssystems des MAVEN-Orbiters, so dass die Sonde\u00a0 am 22. Februar 2022 in einen \"sicheren Modus\" \u00fcberging, als ihre lebenswichtigen Tr\u00e4gheitsmessger\u00e4te \"anfingen, ein anomales Verhalten an den Tag zu legen\". Das teilte die NASA in <a href=\"https:\/\/www.nasa.gov\/feature\/goddard\/2022\/status-update-on-nasas-maven-spacecraft\" target=\"_blank\" rel=\"noopener\">einem Update<\/a> vom 18. Mai mit. Im abgesicherten Modus schaltet ein Raumfahrzeug alle wissenschaftlichen Aktivit\u00e4ten ab und wartet auf Anweisungen der Flugkontrolleure.<\/p>\n<p>In den darauffolgenden Wochen gelang es der NASA, MAVEN aus dem abgesicherten Modus wiederzubeleben, allerdings in eingeschr\u00e4nktem Umfang. Der Orbiter befindet sich in einer stabilen Umlaufbahn, wobei seine Hauptantenne auf die Erde gerichtet ist, um eine hochfrequente Kommunikation mit dem Flugkontrollteam aufrechtzuerhalten. Aber die St\u00f6rung des Navigationssystems hat die M\u00f6glichkeit des MAVEN-Orbiters, das Wissenschaftsprogramm fortzuf\u00fchren und die Atmosph\u00e4re des Roten Planeten zu untersuchen, erst einmal unterbrochen. Das Team arbeitet derzeit an der Beendigung der Tests, damit die Sonde in anderen Ausrichtungen betrieben werden kann, bevor der nominale Wissenschafts- und Relaisbetrieb bis Ende Mai wieder aufgenommen wird.<\/p>\n<p>Update zum 2. Juni 2022: Es funktioniert wieder, wie die NASA in <a href=\"https:\/\/twitter.com\/NASAMars\/status\/1532106034512375809\" target=\"_blank\" rel=\"noopener\">diesem Tweet<\/a> bekannt gab.<\/p>\n","protected":false},"excerpt":{"rendered":"<p>Der um den Mars kreisende Orbiter MAVEN ist durch einen Navigationsfehler seit Februar 2022 in den Safe-Mode gegangen und in seinem wissenschaftlichen Betrieb beeintr\u00e4chtigt. Aktuell ist die Antenne wieder auf die Erde ausgerichtet und die Techniker hoffen, den Orbiter wieder &hellip; <a href=\"https:\/\/borncity.eu\/senioren\/2022\/06\/01\/navigationsfehler-mars-orbiter-maven-hat-seine-wissenschaftliche-arbeit-eingestellt\/\">Weiterlesen <span class=\"meta-nav\">&rarr;<\/span><\/a><\/p>\n","protected":false},"author":1,"featured_media":0,"comment_status":"open","ping_status":"closed","sticky":false,"template":"","format":"standard","meta":{"footnotes":""},"categories":[655],"tags":[222],"class_list":["post-19435","post","type-post","status-publish","format-standard","hentry","category-technik","tag-raumfahrt"],"_links":{"self":[{"href":"https:\/\/borncity.eu\/senioren\/wp-json\/wp\/v2\/posts\/19435","targetHints":{"allow":["GET"]}}],"collection":[{"href":"https:\/\/borncity.eu\/senioren\/wp-json\/wp\/v2\/posts"}],"about":[{"href":"https:\/\/borncity.eu\/senioren\/wp-json\/wp\/v2\/types\/post"}],"author":[{"embeddable":true,"href":"https:\/\/borncity.eu\/senioren\/wp-json\/wp\/v2\/users\/1"}],"replies":[{"embeddable":true,"href":"https:\/\/borncity.eu\/senioren\/wp-json\/wp\/v2\/comments?post=19435"}],"version-history":[{"count":0,"href":"https:\/\/borncity.eu\/senioren\/wp-json\/wp\/v2\/posts\/19435\/revisions"}],"wp:attachment":[{"href":"https:\/\/borncity.eu\/senioren\/wp-json\/wp\/v2\/media?parent=19435"}],"wp:term":[{"taxonomy":"category","embeddable":true,"href":"https:\/\/borncity.eu\/senioren\/wp-json\/wp\/v2\/categories?post=19435"},{"taxonomy":"post_tag","embeddable":true,"href":"https:\/\/borncity.eu\/senioren\/wp-json\/wp\/v2\/tags?post=19435"}],"curies":[{"name":"wp","href":"https:\/\/api.w.org\/{rel}","templated":true}]}}