{"id":19556,"date":"2022-06-19T00:09:00","date_gmt":"2022-06-18T22:09:00","guid":{"rendered":"https:\/\/borncity.com\/senioren\/?p=19556"},"modified":"2022-06-18T12:41:24","modified_gmt":"2022-06-18T10:41:24","slug":"wow-foto-von-sdamerika-und-mond-von-der-iss","status":"publish","type":"post","link":"https:\/\/borncity.eu\/senioren\/2022\/06\/19\/wow-foto-von-sdamerika-und-mond-von-der-iss\/","title":{"rendered":"Wow-Foto von S&uuml;damerika und Mond von der ISS"},"content":{"rendered":"<p>Ich habe noch was als Bonus zum Sonntag. Gerade bin ich \u00fcber ein Foto gestolpert, welches einen Wow-Moment bei mir ausgel\u00f6st hat. Fotografiert wurde ein Teil der Erde von der Internationalen Raumstation ISS.<\/p>\n<p><!--more--><\/p>\n<p>Was das nachfolgende Foto so besonders macht: Man sieht den s\u00fcdlichen Teil von S\u00fcdamerika mit den schneebedeckten Anden, den S\u00fcdpazifik und den S\u00fcdatlantik, sowie die d\u00fcnne Erdatmosph\u00e4re an der Erdkr\u00fcmmung. Und am Rand sind Sterne sowie die d\u00fcnne Silhouette des Neumonds zu stehen.<\/p>\n<p><img decoding=\"async\" title=\"S&uuml;damerika und Mond von der ISS\" alt=\"S&uuml;damerika und Mond von der ISS\" src=\"https:\/\/i.imgur.com\/TTIjkBF.png\"><br \/>S\u00fcdamerika und Mond von der ISS, Quelle: NASA<\/p>\n<p>Was aktuell f\u00fcr mich unklar ist: \u00dcber dem Kontinent ist es scheinbar schon hell, w\u00e4hrend die St\u00e4dte (wie Buernos Aires am linken oberen Rand) noch erleuchtet sind. Auch die Silhouette des Monds ist sehr gro\u00df und \u00fcber dem gesamten Kontinent gibt es keine Wolken. Da ist mit Bildbearbeitung nachgeholfen worden, wird auch <a href=\"https:\/\/www.reddit.com\/r\/interestingasfuck\/comments\/uyc39w\/impressive_photo_of_south_america_from_the_iss_in\/\" target=\"_blank\" rel=\"noopener\">auf reddit.com diskutiert<\/a>. Dem Foto tut es aber keinen Abbruch.<\/p>\n","protected":false},"excerpt":{"rendered":"<p>Ich habe noch was als Bonus zum Sonntag. Gerade bin ich \u00fcber ein Foto gestolpert, welches einen Wow-Moment bei mir ausgel\u00f6st hat. Fotografiert wurde ein Teil der Erde von der Internationalen Raumstation ISS.<\/p>\n","protected":false},"author":1,"featured_media":0,"comment_status":"open","ping_status":"","sticky":false,"template":"","format":"standard","meta":{"footnotes":""},"categories":[18,13],"tags":[19,222],"class_list":["post-19556","post","type-post","status-publish","format-standard","hentry","category-foto","category-natur","tag-foto","tag-raumfahrt"],"_links":{"self":[{"href":"https:\/\/borncity.eu\/senioren\/wp-json\/wp\/v2\/posts\/19556","targetHints":{"allow":["GET"]}}],"collection":[{"href":"https:\/\/borncity.eu\/senioren\/wp-json\/wp\/v2\/posts"}],"about":[{"href":"https:\/\/borncity.eu\/senioren\/wp-json\/wp\/v2\/types\/post"}],"author":[{"embeddable":true,"href":"https:\/\/borncity.eu\/senioren\/wp-json\/wp\/v2\/users\/1"}],"replies":[{"embeddable":true,"href":"https:\/\/borncity.eu\/senioren\/wp-json\/wp\/v2\/comments?post=19556"}],"version-history":[{"count":0,"href":"https:\/\/borncity.eu\/senioren\/wp-json\/wp\/v2\/posts\/19556\/revisions"}],"wp:attachment":[{"href":"https:\/\/borncity.eu\/senioren\/wp-json\/wp\/v2\/media?parent=19556"}],"wp:term":[{"taxonomy":"category","embeddable":true,"href":"https:\/\/borncity.eu\/senioren\/wp-json\/wp\/v2\/categories?post=19556"},{"taxonomy":"post_tag","embeddable":true,"href":"https:\/\/borncity.eu\/senioren\/wp-json\/wp\/v2\/tags?post=19556"}],"curies":[{"name":"wp","href":"https:\/\/api.w.org\/{rel}","templated":true}]}}