{"id":19676,"date":"2022-06-29T17:51:38","date_gmt":"2022-06-29T15:51:38","guid":{"rendered":"https:\/\/borncity.com\/senioren\/?p=19676"},"modified":"2022-10-21T11:13:26","modified_gmt":"2022-10-21T09:13:26","slug":"suv-malus-bei-ampel-blitzer-fotos-in-frankfurt","status":"publish","type":"post","link":"https:\/\/borncity.eu\/senioren\/2022\/06\/29\/suv-malus-bei-ampel-blitzer-fotos-in-frankfurt\/","title":{"rendered":"SUV-&quot;Zuschlag&quot; bei Ampel-Blitzer-Fotos in Frankfurt"},"content":{"rendered":"<p><img loading=\"lazy\" decoding=\"async\" style=\"float: left; margin: 0px 10px 0px 0px; display: inline; border-width: 0px;\" title=\"Recht\" src=\"https:\/\/www.borncity.com\/blog\/wp-content\/uploads\/2018\/11\/Para.jpg\" alt=\"Paragraph\" width=\"91\" height=\"88\" align=\"left\" border=\"0\" \/>Es ist ein Thema, welches manche Zeitgenossen ein wenig Fadenschreude &#8211; \u00e4hm, ich meinte Schadenfreude, &#8211; beschert. Andere wird es furchtbar \u00e4rgern. Aber wer in Frankfurt (und in anderen Kommunen) bei Rot \u00fcber eine Ampel f\u00e4hrt, und dabei geblitzt wird, darf sich \u00fcber den SUV-Zuschlag freuen. In einem Urteil hat das Amtsgericht in Frankfurt best\u00e4tigt, dass SUV-Fahrer (und nat\u00fcrlich auch -Fahrerinnen) mit einem h\u00f6heren Bu\u00dfgeld als andere Autofahrer rechnen m\u00fcssen.<\/p>\n<p><!--more--><\/p>\n<p><img loading=\"lazy\" decoding=\"async\" src=\"https:\/\/vg08.met.vgwort.de\/na\/2779996b3dac436185e5cfdb81e04c40\" alt=\"\" width=\"1\" height=\"1\" \/>Meine Frau erz\u00e4hlte mir den Schwank bereits beim Mittagessen und f\u00fchrte an, dass sie sich \u00fcber die zunehmende Anzahl an SUV-Fahrzeugen auf unseren Stra\u00dfen genervt f\u00fchlt. Beim Parken blockieren die im Volksmund \"Mutti-Panzer\" genannten Vehikel gerne mal zwei Abstellpl\u00e4tze. Und dann das Jammern \u00fcber die hohe Benzinpreise &#8211; aber der Verkehr auf der Durchgangsstra\u00dfe unseres Orts nicht Werktags wie am Wochenende kaum ab. Zu Sto\u00dfzeiten lassen sich SUV-Schlangen vor der Ampel im Ort ausmachen &#8211; keine Autos gibt es kaum (Folge des Speckg\u00fcrtels um Frankfurt, sch\u00e4tze ich mal).<\/p>\n<blockquote><p>Da deutet sich m\u00f6glicherweise Schadenfreude \u00fcber das Thema dieses Beitrags an &#8211; was auch damit zusammen h\u00e4ngt, das aktuell umweltm\u00e4\u00dfig orientierte Menschen eher auf Energiesparen abonniert sind. Meine Frau aber heute beim Besuch des Hofladens im Plausch mit der Verk\u00e4uferin zu h\u00f6ren bekam, dass \"die \u00e4lteren Leute &#8211; nach Beobachtung der Verk\u00e4uferin &#8211; nicht eins\u00e4hen, da auf irgend etwas zu verzichten und SUV sowie zig Urlaubsreisen sein m\u00fcssen\" &#8211; da schimmert schon Egoismus durch. Den Schwank der Besitzerin eines neuen Porsche Cayenne beim Sport, die sich \u00fcber die hohe Benzinpreise echauffierte, und lieber dort g\u00fcnstiger tanken wollte, um mit dem gesparten Geld Urlaubsreisen zu finanzieren, gebe ich hier mal nicht zum Besten. Mir ist nur aufgefallen, dass das in der betreffenden Runde einige Leute herumstanden und betr\u00f6ppelte Gesichtsz\u00fcge hatte &#8211; weil sich jeder auf die Zunge gebissen hat &#8230;<\/p><\/blockquote>\n<p>Zur\u00fcck zum eigentlichen Thema &#8211; ich hatte es nicht wirklich mitbekommen, bin dann aber auf <a href=\"https:\/\/twitter.com\/hessenschau\/status\/1542088194182811648\" target=\"_blank\" rel=\"noopener\">Twitter<\/a> auf den Sachverhalt gesto\u00dfen. Der Hessische Rundfunk hat das Urteil des Amtsgerichts Frankfurt aufgegriffen.<\/p>\n<p><img decoding=\"async\" src=\"https:\/\/i.imgur.com\/vu789Ho.png\" \/><\/p>\n<p>Der Sachverhalt: Ein Autofahrer war mit seinem SUV (Sport Utility Vehicle) bei Rot \u00fcber eine Ampel gefahren und dabei geblitzt worden. Der Bu\u00dfgeldkatalog sieht daf\u00fcr 200 Euro vor. Nun gibt es aber einige Besonderheiten in diesem Fall, der am 3. Juni 2022 unter dem Aktenzeichen <a href=\"https:\/\/www.lareda.hessenrecht.hessen.de\/bshe\/document\/LARE220003013\" target=\"_blank\" rel=\"noopener\">974 OWi 533 Js-OWi 18474\/22<\/a> ver\u00f6ffentlicht wurde. Die betroffene Person ist in der Vergangenheit bereits h\u00e4ufiger aufgefallen (mehrere Eintr\u00e4ge im Fahreignungsregister). Zum aktuellen Sachverhalt gibt es eine interessante Urteilsbegr\u00fcndung:<\/p>\n<blockquote><p>Die betroffene Person befuhr am 05.11.2021 um 12:44 Uhr als F\u00fchrerin des Pkw der Marke BMW mit dem amtlichen Kennzeichen \u2026 die \u00d6rtlichkeit \u2026 Kreuzung zur \u2026 in Frankfurt am Main.<\/p>\n<dl><\/dl>\n<p>Bei dem Fahrzeug handelt es sich um ein so genanntes Sport Utility Vehicle (kurz SUV), das von seiner Bauart dadurch von normalen Kraftfahrzeugen in der Art abweicht, dass es \u00fcber eine erh\u00f6hte Bodenfreiheit verf\u00fcgt und das Erscheinungsbild an einen Gel\u00e4ndewagen angelehnt ist. Aufgrund der kastenf\u00f6rmigen Bauweise und den h\u00f6her angeordneten Frontstrukturelementen stellt dieses Fahrzeug im Falle eines Unfalls eine gr\u00f6\u00dfere Gef\u00e4hrdung f\u00fcr andere Verkehrsteilnehmer dar.<\/p>\n<p>Die betroffene Person missachtete bei Au\u00dferachtlassung der im Stra\u00dfenverkehr erforderlichen Sorgfalt das Rotlicht der dortigen Lichtzeichenanlage, \u00fcberfuhr die Haltelinie und fuhr in den Kreuzungsbereich ein.<\/p>\n<p>Die Rotphase dauerte zu diesem Zeitpunkt 1,1 Sekunden an. Vor der Rotphase lag eine Gelbphase von 3,00 Sekunden.<\/p><\/blockquote>\n<dl><\/dl>\n<p>Bei der Bemessung des Bu\u00dfgelds &#8211; die \u00fcblichen 200 Euro &#8211; hatte das Gericht die Voreintragungen im Fahreignungsregister zu ber\u00fccksichtigen und die Geldbu\u00dfe zu erh\u00f6hen. Aber der Richter schreibt in seiner Urteilsbegr\u00fcndung:<\/p>\n<blockquote><p>Zudem wurde die erh\u00f6hte Betriebsgefahr des verwendeten Kraftfahrzeugs bei der Bemessung der Geldbu\u00dfe zu Lasten der betroffenen Person ber\u00fccksichtigt. Die kastenf\u00f6rmige Bauweise und wegen der gr\u00f6\u00dferen Bodenfreiheit erh\u00f6hte Frontpartie des Fahrzeugs erh\u00f6hen bei einem SUV das Verletzungsrisiko f\u00fcr andere Verkehrsteilnehmer. Gegen\u00fcber einem Pkw in \u00fcblicher Bauweise liegt deshalb eine erh\u00f6hte Betriebsgefahr vor (vgl. auch OLG Hamm, Urteil vom 30.09.1996 &#8211; 6 U 63\/96, NZV 1997, 230).<\/p>\n<p>Aufgrund der gr\u00f6\u00dferen abstrakten Gef\u00e4hrdung durch das gef\u00fchrte Kraftfahrzeug stellt sich der begangene Rotlichtversto\u00df gravierender als der Normalfall dar; insbesondere, da die Regelungen des \u00a7 37 StVO zu Wechsellichtzeichen darauf abzielen, querende Verkehrsteilnehmern im Kreuzungsbereich der Lichtzeichenanlage bei einer Kollision zu sch\u00fctzen. Daher weist dieser Fall eine Besonderheit auf, die ihn von gew\u00f6hnlichen Tatumst\u00e4nden unterscheidet, sodass die Regelbu\u00dfe entsprechend zu erh\u00f6hen ist.<\/p><\/blockquote>\n<p>Die Richter haben auf Grund dieser Erw\u00e4gungen als tat- und schuldangemessen eine <strong>Geldbu\u00dfe von 350 Euro<\/strong> festgesetzt. Der SUV-Zuschlag betrug im aktuellen Fall 75%, irgendwie g\u00fcnstig, wenn man sonst die Kosten dieser Fahrzeuge mit Kleinwagen oder Normal-PKWs vergleicht. On Top kommt f\u00fcr den Betroffenen ein Fahrverbot von einem Monat hinzu &#8211; wobei dort wohl die vorhergehenden Eintr\u00e4ge hineinspielten. Fazit &#8211; ganz ohne Schadenfreude: Wer SUV f\u00e4hrt, muss sich auch an die Verkehrsregeln halten, sonst wird es irgendwie teu(r)er.<\/p>\n<p><strong>Erg\u00e4nzung:<\/strong> Die Begr\u00fcndung f\u00fcr den SUV-Zuschlag wurde vom OLG-Frankfurt kassiert &#8211; siehe\u00a0<a href=\"https:\/\/borncity.eu\/senioren\/2022\/10\/21\/suv-blitzer-zuschlag-vom-gericht-wieder-kassiert\/\" rel=\"bookmark\">SUV Blitzer-Zuschlag vom Gericht wieder kassiert \u2026<\/a><\/p>\n","protected":false},"excerpt":{"rendered":"<p>Es ist ein Thema, welches manche Zeitgenossen ein wenig Fadenschreude &#8211; \u00e4hm, ich meinte Schadenfreude, &#8211; beschert. Andere wird es furchtbar \u00e4rgern. Aber wer in Frankfurt (und in anderen Kommunen) bei Rot \u00fcber eine Ampel f\u00e4hrt, und dabei geblitzt wird, &hellip; <a href=\"https:\/\/borncity.eu\/senioren\/2022\/06\/29\/suv-malus-bei-ampel-blitzer-fotos-in-frankfurt\/\">Weiterlesen <span class=\"meta-nav\">&rarr;<\/span><\/a><\/p>\n","protected":false},"author":1,"featured_media":0,"comment_status":"open","ping_status":"closed","sticky":false,"template":"","format":"standard","meta":{"footnotes":""},"categories":[1,9,655],"tags":[168],"class_list":["post-19676","post","type-post","status-publish","format-standard","hentry","category-allgemein","category-sicherheit","category-technik","tag-allgemein"],"_links":{"self":[{"href":"https:\/\/borncity.eu\/senioren\/wp-json\/wp\/v2\/posts\/19676","targetHints":{"allow":["GET"]}}],"collection":[{"href":"https:\/\/borncity.eu\/senioren\/wp-json\/wp\/v2\/posts"}],"about":[{"href":"https:\/\/borncity.eu\/senioren\/wp-json\/wp\/v2\/types\/post"}],"author":[{"embeddable":true,"href":"https:\/\/borncity.eu\/senioren\/wp-json\/wp\/v2\/users\/1"}],"replies":[{"embeddable":true,"href":"https:\/\/borncity.eu\/senioren\/wp-json\/wp\/v2\/comments?post=19676"}],"version-history":[{"count":4,"href":"https:\/\/borncity.eu\/senioren\/wp-json\/wp\/v2\/posts\/19676\/revisions"}],"predecessor-version":[{"id":20492,"href":"https:\/\/borncity.eu\/senioren\/wp-json\/wp\/v2\/posts\/19676\/revisions\/20492"}],"wp:attachment":[{"href":"https:\/\/borncity.eu\/senioren\/wp-json\/wp\/v2\/media?parent=19676"}],"wp:term":[{"taxonomy":"category","embeddable":true,"href":"https:\/\/borncity.eu\/senioren\/wp-json\/wp\/v2\/categories?post=19676"},{"taxonomy":"post_tag","embeddable":true,"href":"https:\/\/borncity.eu\/senioren\/wp-json\/wp\/v2\/tags?post=19676"}],"curies":[{"name":"wp","href":"https:\/\/api.w.org\/{rel}","templated":true}]}}