{"id":19748,"date":"2022-07-20T00:13:00","date_gmt":"2022-07-19T22:13:00","guid":{"rendered":"https:\/\/borncity.com\/senioren\/?p=19748"},"modified":"2022-07-15T22:20:44","modified_gmt":"2022-07-15T20:20:44","slug":"einfach-wow-milchstrae-und-fujijama","status":"publish","type":"post","link":"https:\/\/borncity.eu\/senioren\/2022\/07\/20\/einfach-wow-milchstrae-und-fujijama\/","title":{"rendered":"Einfach Wow: Milchstra&szlig;e und Fujijama"},"content":{"rendered":"<p>Heute noch eine sch\u00f6ne Nachtaufnahme aus Japan, wo ein Fotograf den h\u00f6chsten Berg Japans, den Fujijama vor dem Nachthimmel aufgenommen hat. Zu sehen ist der schneebedeckte Gipfel beim fr\u00fchen Sonnenaufgang sowie die Milchstra\u00dfe am Nachthimmel.<\/p>\n<p><!--more--><\/p>\n<p>Im Vordergrund sind St\u00e4dte, die vor dem Vulkankegel liegen, zu sehen. Durch die helle Beleuchtung ergibt sich ein optisch ansprechendes Bild &#8211; aber der Fotograf Takemochi Yuki muss bei der Aufnahme sehr getrickst haben (Langzeitbelichtung). Trotzdem Wow.<\/p>\n<p><img decoding=\"async\" src=\"https:\/\/i.imgur.com\/fbt7d43.png\" \/><\/p>\n<p>Im Beitrag <a href=\"https:\/\/borncity.eu\/senioren\/2022\/07\/04\/schnen-start-in-die-woche-fuji-in-japan-mit-meteor\/\" target=\"_blank\" rel=\"noopener\">Sch\u00f6nen Start in die Woche: Fuji in Japan mit Meteor<\/a> hatte ich ja einige Worte verloren, aus welcher Ecke das Foto aufgenommen worden sein k\u00f6nnte.<\/p>\n<p><strong>\u00c4hnliche Artikel:<\/strong><br \/>\n<a href=\"https:\/\/borncity.eu\/senioren\/2022\/06\/19\/wow-foto-von-sdamerika-und-mond-von-der-iss\/\">Wow-Foto von S\u00fcdamerika und Mond von der ISS<\/a><br \/>\n<a href=\"https:\/\/borncity.eu\/senioren\/2022\/06\/10\/das-kamel-und-das-nadelhr-das-perfekte-foto-mit-sonnenfinsternis\/\">Das Kamel und das Nadel\u00f6hr: Das perfekte Foto mit Sonnenfinsternis<\/a><br \/>\n<a href=\"https:\/\/borncity.eu\/senioren\/2022\/06\/07\/funny-technik-fotos-pac-man-in-ganz-gro\/\">Funny Technik-Fotos: Pac-Man in ganz gro\u00df \u2026<\/a><br \/>\n<a href=\"https:\/\/borncity.eu\/senioren\/2022\/05\/21\/die-besten-fotos-der-mondfinsternis-von-montag-15-16-5-2022\/\">Die besten Fotos der Mondfinsternis von Montag (15.\/16.5.2022)<\/a><br \/>\n<a href=\"https:\/\/borncity.eu\/senioren\/2022\/04\/10\/ein-foto-der-erdenmond-als-saturn-verkleidet\/\">Ein Foto: Der Erdenmond als \"Saturn\" verkleidet<\/a><br \/>\n<a href=\"https:\/\/borncity.eu\/senioren\/2022\/01\/31\/ein-ikonisches-foto-entsteht-und-kommt-2001-auf-milliarden-computer\/\">Ein ikonisches Foto entsteht und kommt 2001 auf Millionen Computer<\/a><br \/>\n<a href=\"https:\/\/borncity.eu\/senioren\/2022\/05\/23\/foto-story-wochenend-impressionen-mai-2022\/\">Foto-Story: Wochenend-Impressionen (Mai 2022)<\/a><br \/>\n<a href=\"https:\/\/borncity.eu\/senioren\/2021\/01\/21\/schichten-morgen-21-1-2021\/\">Schichten-Morgen (21.1.2021)<\/a><br \/>\n<a href=\"https:\/\/borncity.eu\/senioren\/2022\/01\/16\/wow-moment-taunus-im-abendlicht-und-mit-nebelschicht-januar-2022\/\">Wow-Moment: Taunus im Abendlicht und mit Nebelschicht (Januar 2022)<\/a><br \/>\n<a href=\"https:\/\/borncity.eu\/senioren\/2022\/01\/31\/sonnenuntergang-im-taunus-28-januar-2022\/\">Sonnenuntergang im Taunus (28. Januar 2022)<\/a><br \/>\n<a href=\"https:\/\/borncity.eu\/senioren\/2022\/01\/15\/die-kleinen-fluchten-im-leben\/\">Die kleinen Fluchten im Leben (Januar 2022)<\/a><br \/>\n<a href=\"https:\/\/borncity.eu\/senioren\/2021\/02\/04\/hoh-hoh-good-morning-an-diesem-februar-morgen\/\">Hoh, hoh, Good Morning, an diesem Februar-Morgen<\/a><br \/>\n<a href=\"https:\/\/borncity.eu\/senioren\/2021\/01\/20\/morgenhimmel-im-januar-2021\/\">Morgenhimmel im Januar 2021<\/a><br \/>\n<a href=\"https:\/\/borncity.eu\/senioren\/2020\/08\/21\/good-morning-morgenhimmel-mit-venus\/\">Good morning! Morgenhimmel mit Venus \u2026<\/a><br \/>\n<a href=\"https:\/\/borncity.eu\/senioren\/2020\/09\/14\/morgenhimmel-mit-mond-und-venus-sept-2020\/\">Morgenhimmel mit Mond und Venus (Sept. 2020)<\/a><\/p>\n","protected":false},"excerpt":{"rendered":"<p>Heute noch eine sch\u00f6ne Nachtaufnahme aus Japan, wo ein Fotograf den h\u00f6chsten Berg Japans, den Fujijama vor dem Nachthimmel aufgenommen hat. Zu sehen ist der schneebedeckte Gipfel beim fr\u00fchen Sonnenaufgang sowie die Milchstra\u00dfe am Nachthimmel.<\/p>\n","protected":false},"author":1,"featured_media":0,"comment_status":"open","ping_status":"closed","sticky":false,"template":"","format":"standard","meta":{"footnotes":""},"categories":[18,13],"tags":[19,119],"class_list":["post-19748","post","type-post","status-publish","format-standard","hentry","category-foto","category-natur","tag-foto","tag-natur"],"_links":{"self":[{"href":"https:\/\/borncity.eu\/senioren\/wp-json\/wp\/v2\/posts\/19748","targetHints":{"allow":["GET"]}}],"collection":[{"href":"https:\/\/borncity.eu\/senioren\/wp-json\/wp\/v2\/posts"}],"about":[{"href":"https:\/\/borncity.eu\/senioren\/wp-json\/wp\/v2\/types\/post"}],"author":[{"embeddable":true,"href":"https:\/\/borncity.eu\/senioren\/wp-json\/wp\/v2\/users\/1"}],"replies":[{"embeddable":true,"href":"https:\/\/borncity.eu\/senioren\/wp-json\/wp\/v2\/comments?post=19748"}],"version-history":[{"count":2,"href":"https:\/\/borncity.eu\/senioren\/wp-json\/wp\/v2\/posts\/19748\/revisions"}],"predecessor-version":[{"id":19767,"href":"https:\/\/borncity.eu\/senioren\/wp-json\/wp\/v2\/posts\/19748\/revisions\/19767"}],"wp:attachment":[{"href":"https:\/\/borncity.eu\/senioren\/wp-json\/wp\/v2\/media?parent=19748"}],"wp:term":[{"taxonomy":"category","embeddable":true,"href":"https:\/\/borncity.eu\/senioren\/wp-json\/wp\/v2\/categories?post=19748"},{"taxonomy":"post_tag","embeddable":true,"href":"https:\/\/borncity.eu\/senioren\/wp-json\/wp\/v2\/tags?post=19748"}],"curies":[{"name":"wp","href":"https:\/\/api.w.org\/{rel}","templated":true}]}}