{"id":19879,"date":"2022-07-30T00:39:00","date_gmt":"2022-07-29T22:39:00","guid":{"rendered":"https:\/\/borncity.com\/senioren\/?p=19879"},"modified":"2022-08-04T19:17:44","modified_gmt":"2022-08-04T17:17:44","slug":"debatte-um-laufzeitverlngerung-deutscher-atomkraftwerke-tv-gutachten-zerpflckt","status":"publish","type":"post","link":"https:\/\/borncity.eu\/senioren\/2022\/07\/30\/debatte-um-laufzeitverlngerung-deutscher-atomkraftwerke-tv-gutachten-zerpflckt\/","title":{"rendered":"Debatte um Laufzeitverl&auml;ngerung deutscher Atomkraftwerke: T&Uuml;V-Gutachten zerpfl&uuml;ckt"},"content":{"rendered":"<p>Sollen die drei noch laufenden Atomkraftwerke &#8211; und\u00a0 ggf. drei weitere, bereits abgeschaltete &#8211; deutsche Atomkraftwerke l\u00e4nger betrieben werden, um die \"Gas-Krise\" im Winter 2022\/23 zu entsch\u00e4rfen? Einige Politiker fordern das und berufen sich auf ein \"T\u00dcV-Gutachten\" &#8211; Fachleute und Betreiber winken dagegen ab. Mir ist nun eine Stellungnahme zum \"T\u00dcV-Gutachten\" unter die Augen gekommen, die dieses als \"Gef\u00e4lligkeitsgutachten\" nur so zerrei\u00dft.<\/p>\n<p><!--more--><\/p>\n<p><img loading=\"lazy\" decoding=\"async\" src=\"https:\/\/vg05.met.vgwort.de\/na\/89b0f43e5a4d44118729f2c8dcde1bbb\" alt=\"\" width=\"1\" height=\"1\" \/>Es ist ein in der Politik hei\u00df diskutiertes Thema: Sollen die drei noch laufenden Atomkraftwerke l\u00e4nger betrieben werden oder nicht. Auch die Presse mischt da kr\u00e4ftig mit &#8211; gelegentlich mit fetzigen Kommentaren, die zwar von Meinung, aber wenig Sachkenntnis gepr\u00e4gt sind (mir ist <a href=\"https:\/\/www.rnd.de\/politik\/atomkraft-und-die-gruenen-der-streckbetrieb-als-kompromiss-PFTBJIRAZZGHFF7JAOTPFSRI74.html\" target=\"_blank\" rel=\"noopener\">dieser Kommentar<\/a> als Kuhandel-Vorschlag besonders in negativer Erinnerung). Ich hatte bereits im Blog-Beitrag <a href=\"https:\/\/borncity.eu\/senioren\/2022\/07\/08\/laufzeitverlngerung-bei-deutschen-atomkraftwerken-mglich-und-sinnvoll\/\">Laufzeitverl\u00e4ngerung bei deutschen Atomkraftwerken: M\u00f6glich und sinnvoll?<\/a> einige Punkte aufgegriffen und die Frage diskutiert. Fazit: Die Laufzeitverl\u00e4ngerung ist bei n\u00fcchterner Betrachtung einiger Fakten eine Quatschdiskussion, die das Sommerloch f\u00fcllt und Mitarbeiter in Ministerien erdet.<\/p>\n<h2>Pressespiegel der letzten Tage<\/h2>\n<p>An dieser Stelle sind mir ad hoc, die nachfolgenden Artikel im Redaktionsnetzwerk Deutschland aufgefallen, die diese Gemengelage spiegeln:<\/p>\n<ul>\n<li><a href=\"https:\/\/www.rnd.de\/wirtschaft\/atomkraft-diese-drei-meiler-koennten-zusaetzlich-ans-netz-gehen-IS6UOMBCO5DSZAAQTAZX5BSV54.html\" target=\"_blank\" rel=\"noopener\">T\u00dcV-Chef: Diese drei Atomkraftwerke k\u00f6nnten wieder ans Netz gehen<\/a><\/li>\n<li><a href=\"https:\/\/www.rnd.de\/politik\/atomenergie-merz-fordert-beschaffung-von-brennstaeben-fuer-akws-QOUU64D2RGTQIL4VSS2JYEDD64.html\" target=\"_blank\" rel=\"noopener\">Debatte um Atomenergie: Merz fordert Beschaffung von Brennst\u00e4ben f\u00fcr AKWs<\/a><\/li>\n<li><a href=\"https:\/\/www.rnd.de\/wirtschaft\/atomkraft-energieoekonomin-claudia-kemfert-gegen-weiterbetrieb-der-kernkraftwerke-OMLSGTW7XFHEJEMUDH3QHXDBWU.html\" target=\"_blank\" rel=\"noopener\">Energieexpertin Claudia Kemfert h\u00e4lt nichts von einer Verl\u00e4ngerung der AKW-Laufzeiten<\/a><\/li>\n<li><a href=\"https:\/\/www.rnd.de\/wirtschaft\/atomkraft-rechtsexpertin-ueber-akw-weiterbetrieb-koennte-sehr-teuer-fuer-den-steuerzahler-werden-QCA2FNSBSVFWDI7U7DRM4PANKM.html\" target=\"_blank\" rel=\"noopener\">Rechtsexpertin: AKW-Weiterbetrieb k\u00f6nnte \u201esehr teuer f\u00fcr den Steuerzahler werden\"<\/a><\/li>\n<\/ul>\n<p>Die ersten beiden Artikel spiegeln Aussagen der Bef\u00fcrworter wieder &#8211; der Chef des T\u00dcV hat vermeintlich Gewicht und Herr Merz von der CDU tritt auch kraftvoll mit Forderungen auf &#8211; alles ganz einfach, man muss nur wollen. CSU-Chef Markus S\u00f6der ist da nat\u00fcrlich auch sofort dabei.<\/p>\n<p>In den beiden letztgenannten Artikeln kommen dagegen zwei Expertinnen zu Wort, die das Vorhaben aus Energieversorgungsgesichtspunkten (ist das sinnvoll und hilft es?) sowie aus juristischer Sicht (ist das \u00fcberhaupt juristisch machbar?) beleuchten. Ich lese aus diesen beiden Interviews heraus, dass Merz &amp; Co. politische Hasardeure sind, die dem Steuerzahler ein riesiges finanzielles und juristisches Kuckucks-Ei ins Nest legen, gegen das das Maut-Desaster von Ex-Verkehrsminister Scheuer Peanuts sind. Ach ja, die FAZ ist nat\u00fcrlich ganz vorne dabei (<a href=\"https:\/\/www.faz.net\/aktuell\/wirtschaft\/technisch-machbar-17870540.html\" target=\"_blank\" rel=\"noopener\">Artikel vom M\u00e4rz 2022<\/a>, von einem ausgewiesenen Fachmann, seines Zeichens Wirtschaftsredakteur der FAZ, Text hinter einer Bezahlschranke).<\/p>\n<p><a href=\"https:\/\/www.faz.net\/aktuell\/wirtschaft\/technisch-machbar-17870540.html\" target=\"_blank\" rel=\"noopener\"><img decoding=\"async\" src=\"https:\/\/i.imgur.com\/8gnsunZ.png\" \/><\/a><\/p>\n<h2>\"T\u00dcV-Gutachten\" von Juristen zerrissen<\/h2>\n<p>Von den Bef\u00fcrwortern der Laufzeitverl\u00e4ngerung wird ein vom Staat Bayern beauftragter T\u00dcV S\u00fcd-\"Gutachten\" herangezogen, welches sogar die Wiederinbetriebnahme von drei bereits 2021 abgeschalteter Atomkraftwerke binnen Wochen oder Monaten skizziert. F\u00fcr den unbedarften Laien h\u00f6rt sich das alles so einfach an &#8211; wir haben Energiemangel, also lassen wir einige AKWs, die noch gut sind, ein bisschen weiter laufen. Merz &amp; Co. sind ja hochbezahlte Politiker, die wissen schon, was sie tun und haben bestimmt die Gutachten gelesen und bewertet.<\/p>\n<p>Fachleute, die das 7-seitige und binnen weniger Wochen erstellte \"<a href=\"https:\/\/www.heise.de\/downloads\/18\/3\/5\/8\/3\/8\/2\/9\/tuev_stellungnahme.pdf\" target=\"_blank\" rel=\"noopener\">Gutachten\" des T\u00dcV S\u00fcd<\/a> im Auftrag von Greenpeace gelesen haben, lassen kein gutes Haar daran. Gut, streng genommen ist es kein Gutachten &#8211; wenn auch so in der \u00d6ffentlichkeit dargestellt &#8211; es handelt sich um eine Bestandsaufnahme samt Bewertung durch den T\u00dcV S\u00fcd. Beim Querlesen f\u00e4llt auf, dass das Ganze schon sehr d\u00fcnne ist &#8211; aber der Tenor ist: Es sind keine gravierenden Punkte erkennbar, die einer Wiederinbetriebnahme\/ Laufzeitverl\u00e4ngerung entgegen stehen. Wobei man klar sagen muss: Da gibt es viele Annahmen (Ersatzteile sind wahrscheinlich zur Gen\u00fcge da, 2017 vorgelegte Konzepte von nicht mehr ausgef\u00fchrten Sicherheits\u00fcberpr\u00fcfungen lassen keine gravierenden Probleme erwarten, Brennstoffst\u00e4be wird man bekommen k\u00f6nnen usw.).<\/p>\n<p>Ein sauberes Gutachten, welche eine Risiko- sowie Kosten-Nutzenabw\u00e4gung vornimmt und unparteiisch ausschaut, sieht anders aus. Und nur so etwas sollte Basis f\u00fcr eine Entscheidung sein &#8211; nicht ein mageres, als Bewertung getarntes, T\u00dcV-Papier, was man als \"Gef\u00e4lligkeitsaussage\" im Bad hinter den Spiegel stecken kann.<\/p>\n<p>Greenpeace hat daher Juristen damit beauftragt, das T\u00dcV-Papier zu analysieren und einzustufen. Die Kollegen von heise haben das in <a href=\"https:\/\/www.heise.de\/news\/Greenpeace-TUeV-hat-Atomkraftwerke-unserioes-begutachtet-7193499.html\" target=\"_blank\" rel=\"noopener\">diesem Artikel<\/a> dargestellt. Man kann sich das <a href=\"https:\/\/www.heise.de\/downloads\/18\/3\/5\/8\/3\/8\/2\/9\/20220729-greenpeace-stellungnahme-guenther-akw-laufzeitverlaengerung.pdf\" target=\"_blank\" rel=\"noopener\">21 seitige Rechtsgutachten<\/a> der betreffenden Anw\u00e4lte als PDF-Datei ansehen. Auch ohne gro\u00dfe technische und juristische Fachkenntnisse l\u00e4sst sich ein absoluter Verriss des T\u00dcV-Papiers herauslesen. Als schlichtes Gem\u00fct sehe ich es so, dass uns Politiker wie Merz, Lindner &amp; Co. auf ein unsinniges Feld locken wollen, um ihre Kr\u00e4fte mit Rot-Gr\u00fcn in der Ampel-Koalition zu messen. Dabei ist es den Herren egal, ob das sicherheitstechnisch oder juristisch \u00fcberhaupt realisierbar ist &#8211; und um Kosten sowie Wirtschaftlichkeit oder Sinnhaftigkeit wird kein Wort verloren.<\/p>\n<blockquote><p>Um es klar auszudr\u00fccken: Ich bin kein Parteig\u00e4nger von Rot oder Gr\u00fcn und auch kein FDP-Mitglied, sondern normaler B\u00fcrger, der sich politisch sogar eher als CDU-W\u00e4hler sieht, wenn deren F\u00fchrungshansel denn w\u00e4hlbar w\u00e4ren. Aber mit Quatschk\u00f6pfen kannst Du keinen Staat machen. Allerdings erkenne ich auch an, dass sich Leute in die Politik begeben, um Entscheidungen zu gestalten. Ich versuche daher, deren Positionen zu verstehen &#8211; tue mich aber im aktuellen Fall sehr schwer bzw. bin gegen die Wand gefahren (\u00e4hnlich wie beim Flughafenausbau Frankfurt, wo Milliarden versenkt wurden und das Ganze in der Coronavirus-Pandemie wie ein Kartenhaus zusammen klappte und mit weiteren Millionen gest\u00fctzt werden musste &#8211; diese Ereignisse waren von uns 2001 bis 2004 prognostiziert worden). Andererseits lautet meine Selbsterkenntnis, dass ich nicht f\u00fcr die Politik, deren Kuhh\u00e4ndel und Hinterzimmer-Absprachen sowie endlosen und oft fruchtlosen Debatten geeignet bin. Es ist nicht meine Welt, dazu bin ich viel zu inkonziliant.<\/p><\/blockquote>\n<p>Ich bin kein Politiker &#8211; sonst w\u00fcrde ich sagen: \"Mit solchen (Partei-)Freunden\u00a0 braucht es keine Feinde mehr\". Gl\u00fccklicherweise obliegt die Entscheidung nicht den Herren Merz, Lindner &amp; Co., sondern den zust\u00e4ndigen Ministerien und der Atomaufsicht. Der Pr\u00e4sident des Bundesamtes f\u00fcr die Sicherheit der nuklearen Entsorgung, \u00e4u\u00dfert sich <a href=\"https:\/\/www.rnd.de\/politik\/atomkraft-warnung-vor-laufzeitverlaengerung-vom-bundesamt-IR2K3QWOVJENRFGZXWBABHQX6M.html\" target=\"_blank\" rel=\"noopener\">hier<\/a> skeptisch bez\u00fcglich der Laufzeitverl\u00e4ngerung. Der BUND sieht das Vorhaben <a href=\"https:\/\/www.rnd.de\/politik\/studie-weiterbetrieb-von-atommeilern-wegen-sicherheitsfragen-nicht-genehmigungsfaehig-ZSX2MDKNZQFLRO6LY4BX3M2MZQ.html\" target=\"_blank\" rel=\"noopener\">hier<\/a> als nicht genehmigungsf\u00e4hig. Auch die Betreiber der Atomkraftwerke haben fr\u00fchzeitig abgewunken &#8211; und sehen keinen Sinn in dieser Sache &#8211; die Risiken w\u00fcrde erneut der Steuerzahler tragen. Selbst FDP-Fraktionsvize K\u00f6hler <a href=\"https:\/\/www.rnd.de\/politik\/akw-debatte-lukas-koehler-fdp-gegen-generelle-laufzeitverlaengerung-WF6MPEMP6WYPPQWCERLHBDBORY.html\" target=\"_blank\" rel=\"noopener\">sieht<\/a> in Kernenergie keine Option f\u00fcr Deutschland.<\/p>\n<p>Was bleibt? Eingangs hatte ich auf meinen Artikel zum Thema und das Fazit \"Laufzeitverl\u00e4ngerung ist eine Quatschdebatte\" verwiesen. Nur sind wir ein paar Tage weiter, haben ein T\u00dcV-Papier und sind genau so weit: Es bleibt eine Quatschdebatte. Warten wir ab, ob da wider besseres Wissen und Erkenntnisse doch versucht wird, politisch was zu drehen. Und dann bliebe es spannend, ob wir in Folge Urteile von Verwaltungsgerichten wie f\u00fcr die AKWs in <a href=\"https:\/\/de.wikipedia.org\/wiki\/Kernkraftwerk_Kalkar\" target=\"_blank\" rel=\"noopener\">Kalkar<\/a> (schneller Br\u00fcter), <a href=\"https:\/\/de.wikipedia.org\/wiki\/Kernkraftwerk_M%C3%BClheim-K%C3%A4rlich\" target=\"_blank\" rel=\"noopener\">M\u00fclheim-K\u00e4rlich<\/a> (AKW bei Koblenz) oder <a href=\"https:\/\/de.wikipedia.org\/wiki\/Kernkraftwerk_THTR-300\" target=\"_blank\" rel=\"noopener\">THTR-300 in Hamm<\/a>, sowie horrende Kosten zu sehen bekommen.<\/p>\n<p><a href=\"https:\/\/twitter.com\/extra3\/status\/922136802244333569\" target=\"_blank\" rel=\"noopener\"><img decoding=\"async\" src=\"https:\/\/i.imgur.com\/z1zkqMg.png\" \/><\/a><\/p>\n<p>Aber ich habe noch etwas \"Vers\u00f6hnliches\" im Gep\u00e4ck &#8211; obiger <a href=\"https:\/\/twitter.com\/extra3\/status\/922136802244333569\" target=\"_blank\" rel=\"noopener\">Tweet<\/a> ist mir beim Schreiben des Artikels unter die Augen gekommen. Der stammt zwar von 2017, die Redaktion von extra3 hat geradezu Prophetisches geleistet, trifft den Nagel aber irgendwie neben den Hammer &#8211; oder so (kann nicht sein, dass die CSU etwas Vern\u00fcnftiges fordert, dann st\u00e4nde Bayern ja Kopf).<\/p>\n<blockquote><p>PostScript: Bei dem Thema f\u00e4llt mir die Jugend wieder auf die F\u00fc\u00dfe. Im Jahr 1976 stand ich vor der Wahl, welche Fachrichtung ich im Ingenieurstudium einschlage. Elektrotechnik hatte ich wegen der damals kritischen Besch\u00e4ftigungslage von Elektroingenieuren f\u00fcr mich ausgeschlossen. Kerntechnik h\u00e4tte mich interessiert, aber auf Grund der 1975 bereits aufkommenden Proteste gegen Atomkraftwerke, auch in Frankreich, haben mich Abstand nehmen lassen. Ich habe mich dann f\u00fcr das Studium der Physikalischen Technik in J\u00fclich (direkt neben der damaligen Kernforschungsanlage) entschieden. Daher hatten wir teilweise die gleichen Dozenten wie die Kerntechnik-Studenten und es gab \u00fcberlappende Vorlesungen f\u00fcr diverse F\u00e4cher &#8211; Strahlenschutz, zum Beispiel.<\/p>\n<p>Wenn ich mir aus heutiger Sicht anschaue, wie viele Milliarden da mit der Technik in den Sand gesetzt wurden, str\u00e4uben sich mir die Haare. Der Hochtemperaturreaktor wurde von Prof. Schulten in J\u00fclich als Pilotanlage (AVR-J\u00fclich) entwickelt und dann in Hamm \"in Gro\u00df\" gebaut. Das Vorhaben gilt als gr\u00f6\u00dfte Fehlinvestition der letzten 55 Jahre in Deutschland.<\/p>\n<p>Uns Studenten wollte man in den Vorlesungen f\u00fcr diese Konzepte begeistern &#8211; hielt uns aber bez\u00fcglich der vielen technischen Probleme im Betrieb de AVR-J\u00fclich regelrecht dumm. Erst Jahrzehnte sp\u00e4ter musste ich lesen, dass das St\u00e4dtchen J\u00fclich 1978 einer Katastrophe entgangen war. Der mit Helium gek\u00fchlte Hochtemperaturreaktor galt als immanent sicher &#8211; da kann nix passieren, hie\u00df es. War ja kein Wasser als Moderator im Reaktorkern vorhanden, sondern Graphit, sowie Helium als K\u00fchlmittel. Dummerweise drang aber tonnenweise Wasser \u00fcber eine undichte Stelle in den Reaktorbeh\u00e4lter und wirkte dann als Moderator. Gl\u00fccklicherweise wurde der Reaktor nicht kritisch und ist nicht durchgegangen.<\/p>\n<p>Ich vergesse mein Leben auch nicht die Szene in einer Vorlesung, als von uns Studenten die Frage aufgeworfen wurde, dass Graphit ja Kohlenstoff sei und brenne und das gef\u00e4hrlich sei &#8211; die Kugeln des Hochtemperatur-Thorium-Reaktors bestanden aus Graphit. Der Professor meinte \"Alles Quatsch der Atomkraftgegner, die keine Ahnung haben. Ich habe eine Kugel aus dem AVR mitgenommen und zuhause in meine Koksheizung geworfen, da brannte nix.\" 1979 habe ich mein Studium Physikalische Technik in J\u00fclich beendet und bin als Ingenieur in den Flugzeugbau nach Bremen gewechselt. April 1976 hatten wir den AKW-Unfall von Tschernobyl &#8211; mit einem Graphit-Brand &#8211; kaum zu glauben. Da ging mir erstmals \"Junge, was haben die dich bez\u00fcglich Kerntechnik im Studium in J\u00fclich verarscht\" durch den Kopf. M\u00f6glicherweise wussten die Dozenten es selbst nicht besser.<\/p>\n<p>Die haarstr\u00e4ubenden und vertuschten St\u00f6rf\u00e4lle, die \u00dcberforderung des Betreibers des AVR-Reaktors beim R\u00fcckbau (der Staat musste \u00fcbernehmen) etc. lassen sich in <a href=\"https:\/\/de.wikipedia.org\/wiki\/AVR_(J%C3%BClich)\" target=\"_blank\" rel=\"noopener\">diesem Wikipedia-Artikel<\/a> nachlesen. Mitte der 80er Jahren musste ich als junger Ingenieur f\u00fcr meine Direktoren in einem gro\u00dfen Chemiewerk Berechnungen \u00fcber die Wirtschaftlichkeit von Atomstrom im Vergleich zu Kohlestrom durchf\u00fchren. Wir hatten ein Berechnungsmodell f\u00fcr die Kosten im damals auf PCs verf\u00fcgbaren Tabellenkalkulationsprogramm Lotos 1-2-3 erstellt. Als ich die ersten Zahlen eingab, lieferte das Modell das Ergebnis, dass Atomstrom bei weitem teurer als Kohlestrom war (CO2 spielte seinerzeit noch keine Rolle). Dann wurden die Zahlen (Kosten f\u00fcr Kohle) so lange manipuliert, bis Parit\u00e4t in den Kosten heraus kam. Es sollte ein Atomreaktor im Chemiewerk f\u00fcr Strom und W\u00e4rme sorgen. Schon damals w\u00e4ren Atomkraftwerke bei Bayer (Leverkusen), Hoechst (Frankfurt) und BASF (Ludwigshafen) wegen der Lage in Ballungsr\u00e4umen nicht genehmigungsf\u00e4hig gewesen. Der AKW-Unfall in Tschernobyl, 1986, machte dann diesen Pl\u00e4nen das endg\u00fcltige Garaus.<\/p>\n<p>Die obigen, im Nachgang \u00f6ffentlich gewordenen Informationen, meine eigenen Erfahrungen mit der Materie, sowie die St\u00f6rf\u00e4lle in Tschernobyl und Fukushima (ich habe Anfang der 90er Jahre nicht sehr weit von Fukushima in Japan entfernt gearbeitet und gelebt, das Land hat <a href=\"https:\/\/www.bfs.de\/DE\/themen\/ion\/notfallschutz\/notfall\/fukushima\/umweltfolgen.html\" target=\"_blank\" rel=\"noopener\">riesiges Gl\u00fcck gehabt<\/a>, dass Tokyo nicht kontaminiert wurde, von Tschernobyl sind wir in der Familie m\u00f6glicherweise direkt betroffen, beweisbar ist es leider nicht) haben mich zum Skeptiker der Atomkraftwerkstechnik werden lassen. In obigem Text habe ich diese Themenfelder aber mit keinem Wort angerissen, sondern mich auf die genehmigungsrechtliche, betriebswirtschaftliche und betriebstechnische Sachebene im Kontext der T\u00dcV-Bewertung bezogen. Das zeigt, wie komplex das Ganze im Grunde ist, wenn eine Abw\u00e4gung pro Atomkraft getroffen werden m\u00fcsste.<\/p><\/blockquote>\n<p>Nachtrag: Interessant sind auch die Besitzverh\u00e4ltnisse, was den T\u00dcV S\u00fcd betrifft, die <a href=\"https:\/\/de.wikipedia.org\/wiki\/T%C3%9CV_S%C3%BCd#Beteiligungen\" target=\"_blank\" rel=\"noopener\">hier<\/a> aufgezeichnet werden. Die Energiekonzerne\u00a0<a title=\"E.ON\" href=\"https:\/\/de.wikipedia.org\/wiki\/E.ON\" target=\"_blank\" rel=\"noopener\">E.ON<\/a>,\u00a0<a title=\"Vattenfall\" href=\"https:\/\/de.wikipedia.org\/wiki\/Vattenfall\" target=\"_blank\" rel=\"noopener\">Vattenfall<\/a>\u00a0und\u00a0<a class=\"mw-redirect\" title=\"EnBW\" href=\"https:\/\/de.wikipedia.org\/wiki\/EnBW\" target=\"_blank\" rel=\"noopener\">EnBW<\/a> sind Mitglieder des Vereins, der den T\u00dcV S\u00fcd tr\u00e4gt.<\/p>\n","protected":false},"excerpt":{"rendered":"<p>Sollen die drei noch laufenden Atomkraftwerke &#8211; und\u00a0 ggf. drei weitere, bereits abgeschaltete &#8211; deutsche Atomkraftwerke l\u00e4nger betrieben werden, um die \"Gas-Krise\" im Winter 2022\/23 zu entsch\u00e4rfen? Einige Politiker fordern das und berufen sich auf ein \"T\u00dcV-Gutachten\" &#8211; Fachleute und &hellip; <a href=\"https:\/\/borncity.eu\/senioren\/2022\/07\/30\/debatte-um-laufzeitverlngerung-deutscher-atomkraftwerke-tv-gutachten-zerpflckt\/\">Weiterlesen <span class=\"meta-nav\">&rarr;<\/span><\/a><\/p>\n","protected":false},"author":1,"featured_media":0,"comment_status":"open","ping_status":"closed","sticky":false,"template":"","format":"standard","meta":{"footnotes":""},"categories":[9,655],"tags":[11,103],"class_list":["post-19879","post","type-post","status-publish","format-standard","hentry","category-sicherheit","category-technik","tag-sicherheit","tag-technik"],"_links":{"self":[{"href":"https:\/\/borncity.eu\/senioren\/wp-json\/wp\/v2\/posts\/19879","targetHints":{"allow":["GET"]}}],"collection":[{"href":"https:\/\/borncity.eu\/senioren\/wp-json\/wp\/v2\/posts"}],"about":[{"href":"https:\/\/borncity.eu\/senioren\/wp-json\/wp\/v2\/types\/post"}],"author":[{"embeddable":true,"href":"https:\/\/borncity.eu\/senioren\/wp-json\/wp\/v2\/users\/1"}],"replies":[{"embeddable":true,"href":"https:\/\/borncity.eu\/senioren\/wp-json\/wp\/v2\/comments?post=19879"}],"version-history":[{"count":9,"href":"https:\/\/borncity.eu\/senioren\/wp-json\/wp\/v2\/posts\/19879\/revisions"}],"predecessor-version":[{"id":19939,"href":"https:\/\/borncity.eu\/senioren\/wp-json\/wp\/v2\/posts\/19879\/revisions\/19939"}],"wp:attachment":[{"href":"https:\/\/borncity.eu\/senioren\/wp-json\/wp\/v2\/media?parent=19879"}],"wp:term":[{"taxonomy":"category","embeddable":true,"href":"https:\/\/borncity.eu\/senioren\/wp-json\/wp\/v2\/categories?post=19879"},{"taxonomy":"post_tag","embeddable":true,"href":"https:\/\/borncity.eu\/senioren\/wp-json\/wp\/v2\/tags?post=19879"}],"curies":[{"name":"wp","href":"https:\/\/api.w.org\/{rel}","templated":true}]}}