{"id":20514,"date":"2022-10-24T01:23:22","date_gmt":"2022-10-23T23:23:22","guid":{"rendered":"https:\/\/borncity.com\/senioren\/?p=20514"},"modified":"2023-02-13T08:12:21","modified_gmt":"2023-02-13T07:12:21","slug":"fernseh-programme-nur-noch-ard-zdf-dritte-3sat-und-arte-knftig-linear","status":"publish","type":"post","link":"https:\/\/borncity.eu\/senioren\/2022\/10\/24\/fernseh-programme-nur-noch-ard-zdf-dritte-3sat-und-arte-knftig-linear\/","title":{"rendered":"Fernseh-Programme: Nur noch ARD, ZDF, Dritte, 3sat und Arte k&uuml;nftig linear"},"content":{"rendered":"<p>Die Ministerpr\u00e4sidenten haben sich auf einen neuen Medienstaatsvertrag geeinigt. Es sollen nur noch Das Erste, das ZDF und die Dritten Programme sowie die Kulturkan\u00e4le 3sat und Arte im linearen Fernsehen angeboten werden.<\/p>\n<p><!--more--><\/p>\n<p>Ich bin zum Wochenende \u00fcber nachfolgenden <a href=\"https:\/\/twitter.com\/DLFNachrichten\/status\/1583720588056887297\" target=\"_blank\" rel=\"noopener\">Tweet<\/a> auf <a href=\"https:\/\/web.archive.org\/web\/20221028193024\/https:\/\/www.deutschlandfunk.de\/laenderchefs-einigen-sich-auf-reform-des-oeffentlich-rechtlichen-rundfunks-100.html\" target=\"_blank\" rel=\"noopener\">diese Information<\/a> vom 22. Oktober 2022&nbsp; gesto\u00dfen, die noch nicht offiziell verk\u00fcndet wurde.<\/p>\n<p><a href=\"https:\/\/twitter.com\/DLFNachrichten\/status\/1583720588056887297\" target=\"_blank\" rel=\"noopener\"><img decoding=\"async\" title=\"TV\" alt=\"TV\" src=\"https:\/\/i.imgur.com\/gOpJzTf.png\"><\/a><\/p>\n<p>Die Ministerpr\u00e4sidenten haben sich nach Angaben der Staatskanzlei Rheinland-Pfalz auf einen neuen Medienstaatsvertrag geeinigt. Auftrag und Struktur des \u00f6ffentlich-rechtlichen Rundfunks von ARD, ZDF und dem Deutschlandradio sollen reformiert werden. Er soll zum 1. Juli 2023 in Kraft treten und k\u00f6nnte zu einer Reduzierung \u00f6ffentlich-rechtlicher Programme im linearen Fernsehen f\u00fchren. Dann w\u00e4ren nach bisheriger Planung k\u00fcnftig nur noch Das Erste, das zweite und die Dritten Programme sowie die Kulturkan\u00e4le 3sat und Arte im linearen Fernsehen \u00fcber Satellit oder Antenne empfangbar. Die Spartenkan\u00e4le d\u00fcrfen ins Internet verlagert werden. Dazu z\u00e4hlen unter anderem Phoenix, Kika, ZDFneo und Tagesschau24.<\/p>\n<p>Zudem soll die Arbeit der Kontrollgremien in den \u00f6ffentlich-rechtlichen Sendeanstalten gest\u00e4rkt werden. Dabei geht es etwa um die Sch\u00e4rfung des Auftrags der Sender. Unterhaltung soll weiterhin dazu geh\u00f6ren. Die Finanzierung des \u00f6ffentlich-rechtlichen Rundfunks werde in einem sp\u00e4teren zweiten Schritt reformiert, hie\u00df es. Der Medienstaatsvertrag muss aber von allen Bundesl\u00e4ndern gebilligt werden.<\/p>\n","protected":false},"excerpt":{"rendered":"<p>Die Ministerpr\u00e4sidenten haben sich auf einen neuen Medienstaatsvertrag geeinigt. Es sollen nur noch Das Erste, das ZDF und die Dritten Programme sowie die Kulturkan\u00e4le 3sat und Arte im linearen Fernsehen angeboten werden.<\/p>\n","protected":false},"author":1,"featured_media":0,"comment_status":"open","ping_status":"","sticky":false,"template":"","format":"standard","meta":{"footnotes":""},"categories":[655],"tags":[103],"class_list":["post-20514","post","type-post","status-publish","format-standard","hentry","category-technik","tag-technik"],"_links":{"self":[{"href":"https:\/\/borncity.eu\/senioren\/wp-json\/wp\/v2\/posts\/20514","targetHints":{"allow":["GET"]}}],"collection":[{"href":"https:\/\/borncity.eu\/senioren\/wp-json\/wp\/v2\/posts"}],"about":[{"href":"https:\/\/borncity.eu\/senioren\/wp-json\/wp\/v2\/types\/post"}],"author":[{"embeddable":true,"href":"https:\/\/borncity.eu\/senioren\/wp-json\/wp\/v2\/users\/1"}],"replies":[{"embeddable":true,"href":"https:\/\/borncity.eu\/senioren\/wp-json\/wp\/v2\/comments?post=20514"}],"version-history":[{"count":2,"href":"https:\/\/borncity.eu\/senioren\/wp-json\/wp\/v2\/posts\/20514\/revisions"}],"predecessor-version":[{"id":21275,"href":"https:\/\/borncity.eu\/senioren\/wp-json\/wp\/v2\/posts\/20514\/revisions\/21275"}],"wp:attachment":[{"href":"https:\/\/borncity.eu\/senioren\/wp-json\/wp\/v2\/media?parent=20514"}],"wp:term":[{"taxonomy":"category","embeddable":true,"href":"https:\/\/borncity.eu\/senioren\/wp-json\/wp\/v2\/categories?post=20514"},{"taxonomy":"post_tag","embeddable":true,"href":"https:\/\/borncity.eu\/senioren\/wp-json\/wp\/v2\/tags?post=20514"}],"curies":[{"name":"wp","href":"https:\/\/api.w.org\/{rel}","templated":true}]}}