{"id":20700,"date":"2022-11-17T16:56:59","date_gmt":"2022-11-17T15:56:59","guid":{"rendered":"https:\/\/borncity.com\/senioren\/?p=20700"},"modified":"2022-11-17T16:59:42","modified_gmt":"2022-11-17T15:59:42","slug":"artemis-1-mission-erste-bilder-vom-mondflug","status":"publish","type":"post","link":"https:\/\/borncity.eu\/senioren\/2022\/11\/17\/artemis-1-mission-erste-bilder-vom-mondflug\/","title":{"rendered":"Artemis 1-Mission: Erste Bilder vom Mondflug"},"content":{"rendered":"<p><img loading=\"lazy\" decoding=\"async\" style=\"float: left; margin: 0px 10px 0px 0px; display: inline;\" title=\"Artemis 1 Mondmission\" src=\"https:\/\/i.imgur.com\/gv5WmR5.png\" alt=\"Artemis 1 Mondmission\" width=\"127\" height=\"116\" align=\"left\" \/>Am gestrigen 16. November 2022 ist es der US-Raumfahrtbeh\u00f6rde NASA gelungen, das Orion-Raumschiff erfolgreich mit der SLS-Schwerlastrakete zu starten und auf eine Flugbahn zum Mond zu bringen. Ich hatte im Beitrag <a href=\"https:\/\/borncity.eu\/senioren\/2022\/11\/16\/arthemis-1-nasa-mondmission-gestartet\/\">Artemis 1: NASA-Mondmission gestartet<\/a> berichtet. Der unbemannte Jungfernflug soll die Funktionsf\u00e4higkeit des Systems f\u00fcr die geplanten Landungen von Menschen auf dem Mond demonstrieren. Jetzt liegen erste Bilder des bisherigen Flugs vor.<\/p>\n<p><!--more--><\/p>\n<p>Es war in Florida noch dunkel, als die SLS gestartet wurde. Die Raketentriebwerke haben die Landschaft hell erleuchtet. Dieses <a href=\"https:\/\/twitter.com\/i\/status\/1593103521679044608\" target=\"_blank\" rel=\"noopener\">Video hier<\/a> zeigt den Start der SLS-Rakete, gefilmt von 16 verschiedenen Kameras. War ein m\u00e4chtiger Rums, der das gestartet ist.<\/p>\n<p><a href=\"https:\/\/twitter.com\/derekiswise\/status\/1592779153551806464\" target=\"_blank\" rel=\"noopener\"><img decoding=\"async\" title=\"Lautst\u00e4rkemessung beim Artemis Start\" src=\"https:\/\/i.imgur.com\/pyRvN4m.png\" alt=\"Lautst\u00e4rkemessung beim Artemis Start\" \/><\/a><\/p>\n<p>Im Pressebereich war ein Dezibelmeter zur Lautst\u00e4rkemessung beim Start aufgestellt. Dieser Bereich ist Kilometer vom Startplatz entfernt, und das in obigem <a href=\"https:\/\/twitter.com\/derekiswise\/status\/1592779153551806464\" target=\"_blank\" rel=\"noopener\">Tweet<\/a> eingebettete Video (einfach anklicken zum Abspielen) zeigt die vollkommene Dunkelheit sowie die Anzeige des Dezibelwerts direkt nach dem Z\u00fcnden der Triebwerke. Dann wird die Szene hell, die Rakete hebt am Horizont ab und die Lautst\u00e4rke schwillt auf \u00fcber 90 und dann auf mehr als 104 dBA an.<\/p>\n<p>In <a href=\"https:\/\/twitter.com\/StephenClark1\/status\/1593023404042776577\" target=\"_blank\" rel=\"noopener\">diesem Tweet<\/a> ist ein Video eingebettet, welches den Start der SLS, aufgenommen von einer Au\u00dfenkamera, die an der Rakete angebracht ist, zeigt. An der ersten Antriebsstufe der SLS sind zwei Feststoffbooster zur Schubverst\u00e4rkung angebracht, die in mehreren Kilometer H\u00f6he, kurz bevor sie ausgebrannt sind, abgesprengt werden. Das in nachfolgendem <a href=\"https:\/\/twitter.com\/RedsRhetoric\/status\/1592880440515645442\" target=\"_blank\" rel=\"noopener\">Tweet<\/a> einbettete Video (zur Wiedergabe anklicken) zeigt diese Trennung der Booster &#8211; der Mensch, der das gefilmt hat, ist sichtlich stolz.<\/p>\n<p><a href=\"https:\/\/twitter.com\/RedsRhetoric\/status\/1592880440515645442\" target=\"_blank\" rel=\"noopener\"><img decoding=\"async\" title=\"Trennung der Booster von der SLS\" src=\"https:\/\/i.imgur.com\/auxJwup.png\" alt=\"Trennung der Booster von der SLS\" \/><\/a><\/p>\n<p>Ein Satellit der NOAA zur Erdbeobachtung hat \u00fcbrigens den Start der SLS-Rakete gefilmt, wie die Zeitraffer-Aufnahmen aus mehreren Satellitenbildern in <a href=\"https:\/\/twitter.com\/AdamBurnistonWX\/status\/1592944853050007552\" target=\"_blank\" rel=\"noopener\">diesem Tweet<\/a> zeigt. Das in nachfolgendem <a href=\"https:\/\/twitter.com\/heiseonline\/status\/1593189980763037697\" target=\"_blank\" rel=\"noopener\">Tweet<\/a> eingebettete Foto zeigt den blauen Erdball, fotografiert von einem Sonnenzellenausleger des Orion-Raumschiffs. Links im Vordergrund ist die Versorgungs- und Antriebseinheit des Orion-Raumschiffs zu sehen.<\/p>\n<p><a href=\"https:\/\/twitter.com\/heiseonline\/status\/1593189980763037697\" target=\"_blank\" rel=\"noopener\"><img decoding=\"async\" title=\"Blick zur Erde (Artemis)\" src=\"https:\/\/i.imgur.com\/49g3CoN.png\" alt=\"Blick zur Erde (Artemis)\" \/><\/a><\/p>\n<p>Dieses Foto entstand, las das Raumschiff bereits auf dem Kurs zum Mond und von der letzten Antriebsstufe getrennt worden war. Die Kollegen von heise haben <a href=\"https:\/\/www.heise.de\/news\/Mondmission-Artemis-1-Blicke-zurueck-auf-die-Erde-Videos-vom-Bilderbuchstart-7342919.html\" target=\"_blank\" rel=\"noopener\">diesen Artikel<\/a> mit Impressionen von der Mission ver\u00f6ffentlicht. Aktuell befindet sich das Orion-Raumschiff der Artemis 1-Mission \u00fcber 197.000 Km von der Erde entfernt. Die Geschwindigkeit hat sich bereits auf unter 4900 Km\/Stunde reduziert. An Bord der Raumkapsel herrscht Schwerelosigkeit. Die Techniker haben Dummys (<a href=\"https:\/\/edition.cnn.com\/2022\/09\/01\/world\/moonikin-campos-artemis-1-saturday-launch-scn\/index.html\" target=\"_blank\" rel=\"noopener\">Campos<\/a>, Helga und Zohar) sowie einige Stofftiere (den Hund Snoopy und Shaun das Schaf) in die unbemannte Raumkapsel gesetzt. Der <a href=\"https:\/\/twitter.com\/NASA_Orion\/status\/1592918838026579969\" target=\"_blank\" rel=\"noopener\">Tweet hier<\/a> zeigt u.a. ein Bild des Inneren der Raumkapsel und man sieht den Helm von Campos, der auf einem Astronautensitz festgeschnallt ist und zum Mond fliegt.<\/p>\n<p><a href=\"https:\/\/twitter.com\/back_andy_09\/status\/1593215966875246593\" target=\"_blank\" rel=\"noopener\"><img decoding=\"async\" title=\"Snoopy im Orion-Raumschiff\" src=\"https:\/\/i.imgur.com\/PXErI1T.png\" alt=\"Snoopy im Orion-Raumschiff\" \/><\/a><\/p>\n<p>Ja klar, Snoopy schwebt in seinem Astronauten-Outfit frei in der Kabine der Orion-Raumkapsel, wie obiges Foto in <a href=\"https:\/\/twitter.com\/back_andy_09\/status\/1593215966875246593\" target=\"_blank\" rel=\"noopener\">diesem Tweet<\/a> zeigt. Das Raumschiff ist au\u00dfen und innen mit zahlreichen Kameras ausgestattet, die den Flug aufzeichnen. <a href=\"https:\/\/www.nasa.gov\/feature\/nasa-s-artemis-i-cameras-to-offer-new-views-of-orion-earth-moon\" target=\"_blank\" rel=\"noopener\">Dieser NASA-Beitrag<\/a> enth\u00e4lt u.a. auch Schemata, die beispielsweise die Au\u00dfenansicht des Raumschiffs samt den zahlreichen Kameras zeigen. Die Stationen des Mondflugs von Artemis 1 lassen sich im Schema, welches in <a href=\"https:\/\/twitter.com\/publizistikon\/status\/1592873255685476352\" target=\"_blank\" rel=\"noopener\">diesem Tweet<\/a> eingebettet ist, nachschauen. Und <a href=\"https:\/\/twitter.com\/esbecu6\/status\/1592780372060016641\" target=\"_blank\" rel=\"noopener\">dieser Tweet<\/a> enth\u00e4lt ein Video, welches schematisch die Teile der Rakete und des Raumschiffs sowie den Flug zum Mond samt sp\u00e4terer Mondlandung in einer Animation zeigt. Ganz nett anzusehen.<\/p>\n<p><strong>\u00c4hnliche Artikel:<\/strong><br \/>\n<a href=\"https:\/\/borncity.eu\/senioren\/2022\/07\/25\/nasa-artemis-1-mondmission-start-am-29-august-2022\/\">NASA Artemis 1 Mondmission: Start am 29. August 2022?<\/a><br \/>\n<a href=\"https:\/\/borncity.eu\/senioren\/2022\/05\/25\/nasa-verffentlicht-startdaten-fr-artemis-1-mondmission\/\">NASA ver\u00f6ffentlicht Startdaten f\u00fcr Artemis 1 Mondmission<\/a><br \/>\n<a href=\"https:\/\/borncity.eu\/senioren\/2022\/08\/19\/artemis-mondflug-bereits-am-29-august-2022\/\">Artemis Mondflug bereits am 29. August 2022?<\/a><br \/>\n<a href=\"https:\/\/borncity.eu\/senioren\/2022\/08\/25\/nasa-fr-den-artemis-mondflug-am-29-august-2022-bereit\/\">NASA f\u00fcr den Artemis Mondflug am 29. August 2022 bereit<\/a><br \/>\n<a href=\"https:\/\/borncity.eu\/senioren\/2022\/09\/03\/nasa-fr-zweiten-startversuch-fr-den-artemis-mondflug-am-3-september-2022-bereit\/\">NASA f\u00fcr zweiten Startversuch f\u00fcr den Artemis Mondflug am 3. September 2022 bereit<\/a><br \/>\n<a href=\"https:\/\/borncity.eu\/senioren\/2022\/09\/10\/artemis-wann-geht-es-zurck-zum-mond-start-am-23-oder-der-27-september\/\">Artemis: Wann geht es zur\u00fcck zum Mond? Start am 23. oder der 27. September?<\/a><br \/>\n<a href=\"https:\/\/borncity.eu\/senioren\/2022\/09\/15\/nasa-verschiebt-erneut-den-start-der-artemis-1-mondmission-auf-27-9-oder-2-10\/\">NASA verschiebt erneut den Start der Artemis 1 Mondmission auf 27.9 oder 2.10.<\/a><br \/>\n<a href=\"https:\/\/borncity.eu\/senioren\/2022\/09\/26\/artemis-start-der-mondmission-zum-27-9-2022-verschoben\/\">Artemis: Start der Mondmission am 27.9.2022 verschoben<\/a><br \/>\n<a href=\"https:\/\/borncity.eu\/senioren\/2022\/10\/13\/nasa-gibt-neue-starttermine-fr-artemis-mondmission-ab-november-2022-bekannt\/\">NASA gibt neue Starttermine f\u00fcr Artemis Mondmission ab November 2022 bekannt<\/a><br \/>\n<a href=\"https:\/\/borncity.eu\/senioren\/2022\/11\/14\/arthemis-1-die-nasa-will-am-mittwoch-16-11-erneut-zum-mond\/\">Artemis 1: Die NASA will am Mittwoch (16.11.) erneut zum Mond<\/a><br \/>\n<a href=\"https:\/\/borncity.eu\/senioren\/2022\/11\/16\/arthemis-1-nasa-mondmission-gestartet\/\">Artemis 1: NASA-Mondmission gestartet<\/a><\/p>\n","protected":false},"excerpt":{"rendered":"<p>Am gestrigen 16. November 2022 ist es der US-Raumfahrtbeh\u00f6rde NASA gelungen, das Orion-Raumschiff erfolgreich mit der SLS-Schwerlastrakete zu starten und auf eine Flugbahn zum Mond zu bringen. Ich hatte im Beitrag Artemis 1: NASA-Mondmission gestartet berichtet. Der unbemannte Jungfernflug soll &hellip; <a href=\"https:\/\/borncity.eu\/senioren\/2022\/11\/17\/artemis-1-mission-erste-bilder-vom-mondflug\/\">Weiterlesen <span class=\"meta-nav\">&rarr;<\/span><\/a><\/p>\n","protected":false},"author":1,"featured_media":0,"comment_status":"open","ping_status":"closed","sticky":false,"template":"","format":"standard","meta":{"footnotes":""},"categories":[655],"tags":[222],"class_list":["post-20700","post","type-post","status-publish","format-standard","hentry","category-technik","tag-raumfahrt"],"_links":{"self":[{"href":"https:\/\/borncity.eu\/senioren\/wp-json\/wp\/v2\/posts\/20700","targetHints":{"allow":["GET"]}}],"collection":[{"href":"https:\/\/borncity.eu\/senioren\/wp-json\/wp\/v2\/posts"}],"about":[{"href":"https:\/\/borncity.eu\/senioren\/wp-json\/wp\/v2\/types\/post"}],"author":[{"embeddable":true,"href":"https:\/\/borncity.eu\/senioren\/wp-json\/wp\/v2\/users\/1"}],"replies":[{"embeddable":true,"href":"https:\/\/borncity.eu\/senioren\/wp-json\/wp\/v2\/comments?post=20700"}],"version-history":[{"count":3,"href":"https:\/\/borncity.eu\/senioren\/wp-json\/wp\/v2\/posts\/20700\/revisions"}],"predecessor-version":[{"id":20703,"href":"https:\/\/borncity.eu\/senioren\/wp-json\/wp\/v2\/posts\/20700\/revisions\/20703"}],"wp:attachment":[{"href":"https:\/\/borncity.eu\/senioren\/wp-json\/wp\/v2\/media?parent=20700"}],"wp:term":[{"taxonomy":"category","embeddable":true,"href":"https:\/\/borncity.eu\/senioren\/wp-json\/wp\/v2\/categories?post=20700"},{"taxonomy":"post_tag","embeddable":true,"href":"https:\/\/borncity.eu\/senioren\/wp-json\/wp\/v2\/tags?post=20700"}],"curies":[{"name":"wp","href":"https:\/\/api.w.org\/{rel}","templated":true}]}}