{"id":20958,"date":"2023-01-04T00:14:39","date_gmt":"2023-01-03T23:14:39","guid":{"rendered":"https:\/\/borncity.com\/senioren\/?p=20958"},"modified":"2023-01-03T19:30:19","modified_gmt":"2023-01-03T18:30:19","slug":"suedkoreas-mondorbiter-sendet-bilder-von-erde-und-mond","status":"publish","type":"post","link":"https:\/\/borncity.eu\/senioren\/2023\/01\/04\/suedkoreas-mondorbiter-sendet-bilder-von-erde-und-mond\/","title":{"rendered":"S\u00fcdkoreas Mondorbiter sendet Bilder von Erde und Mond"},"content":{"rendered":"<p>Es gibt beeindrucktende Fotos der Mondsonde Danuri, die bereits am 24. und 29. Dezember 2022 geschossen wurden.<\/p>\n<p><!--more--><\/p>\n<p>S\u00fcdkorea hat erstmals eine unbemannte Raumsonde mit Namen Danuri zum Mond gestartet. Der Korea Pathfinder Lunar Orbiter (Danuri) ist S\u00fcdkoreas erster Mondorbiter. Der Orbiter, seine wissenschaftliche Nutzlast und Bodenkontrollinfrastruktur sind Technologiedemonstratoren.<\/p>\n<p>Die Nutzlast von 40 kg wurde am 4. August 2022 an Bord einer Falcon 9-Rakete von SpaceX in den Weltraum mit Kurs zum Mond geschossen. Die Sonde kam nach mehreren Wochen Flug &#8211; fr\u00fcher als erwartet &#8211; <a href=\"https:\/\/futurezone.at\/science\/suedkoreas-danuri-hat-den-mond-erreicht-mondsonde-artemis-korea-pathfinder\/402273545\" target=\"_blank\" rel=\"noopener\">am Mond<\/a> an und ist vor einigen Tagen in eine Umlaufbahn eingeschwenkt.<\/p>\n<p>Der Orbiter soll auch\u00a0nach neuen Landepl\u00e4tzen f\u00fcr die bemannte Mondlandung suchen. S\u00fcdkorea will sich an den Artemis-Missionen der Amerikaner beteiligen.<\/p>\n<p><a href=\"https:\/\/www.instagram.com\/karistory_kari\/\" target=\"_blank\" rel=\"noopener\"><img loading=\"lazy\" decoding=\"async\" class=\"alignnone\" title=\"Bilder von Erde und Mond\" src=\"https:\/\/i.imgur.com\/LRPUAum.png\" alt=\"Bilder von Erde und Mond\" width=\"594\" height=\"503\" \/><\/a> Die Schwarzwei\u00df-Fotos der Mondoberfl\u00e4che samt der am Horizont aufgehenden Erde wurden von der Raumfahrtagentur S\u00fcdkoreas gerade auf <a href=\"https:\/\/www.instagram.com\/karistory_kari\/\" target=\"_blank\" rel=\"noopener\">Instagram<\/a> geteilt. Die Kollegen von heise haben in <a href=\"https:\/\/www.heise.de\/news\/Danuri-Suedkoreas-erster-Mond-Orbiter-macht-am-Ziel-beeindruckende-Fotos-7447126.html\" target=\"_blank\" rel=\"noopener\">diesem Artikel<\/a> noch einige Details zur Mission zusammen getragen. Auch bei der Tagesschau gibt es <a href=\"https:\/\/www.tagesschau.de\/wirtschaft\/danuri-sonde-suedkorea-mond-101.html\" target=\"_blank\" rel=\"noopener\">einen Artikel<\/a> zur Mission.<\/p>\n","protected":false},"excerpt":{"rendered":"<p>Es gibt beeindrucktende Fotos der Mondsonde Danuri, die bereits am 24. und 29. Dezember 2022 geschossen wurden.<\/p>\n","protected":false},"author":1,"featured_media":0,"comment_status":"open","ping_status":"closed","sticky":false,"template":"","format":"standard","meta":{"footnotes":""},"categories":[655],"tags":[560,222],"class_list":["post-20958","post","type-post","status-publish","format-standard","hentry","category-technik","tag-mond","tag-raumfahrt"],"_links":{"self":[{"href":"https:\/\/borncity.eu\/senioren\/wp-json\/wp\/v2\/posts\/20958","targetHints":{"allow":["GET"]}}],"collection":[{"href":"https:\/\/borncity.eu\/senioren\/wp-json\/wp\/v2\/posts"}],"about":[{"href":"https:\/\/borncity.eu\/senioren\/wp-json\/wp\/v2\/types\/post"}],"author":[{"embeddable":true,"href":"https:\/\/borncity.eu\/senioren\/wp-json\/wp\/v2\/users\/1"}],"replies":[{"embeddable":true,"href":"https:\/\/borncity.eu\/senioren\/wp-json\/wp\/v2\/comments?post=20958"}],"version-history":[{"count":1,"href":"https:\/\/borncity.eu\/senioren\/wp-json\/wp\/v2\/posts\/20958\/revisions"}],"predecessor-version":[{"id":20959,"href":"https:\/\/borncity.eu\/senioren\/wp-json\/wp\/v2\/posts\/20958\/revisions\/20959"}],"wp:attachment":[{"href":"https:\/\/borncity.eu\/senioren\/wp-json\/wp\/v2\/media?parent=20958"}],"wp:term":[{"taxonomy":"category","embeddable":true,"href":"https:\/\/borncity.eu\/senioren\/wp-json\/wp\/v2\/categories?post=20958"},{"taxonomy":"post_tag","embeddable":true,"href":"https:\/\/borncity.eu\/senioren\/wp-json\/wp\/v2\/tags?post=20958"}],"curies":[{"name":"wp","href":"https:\/\/api.w.org\/{rel}","templated":true}]}}