{"id":22560,"date":"2023-05-24T13:06:34","date_gmt":"2023-05-24T11:06:34","guid":{"rendered":"https:\/\/borncity.com\/senioren\/?p=22560"},"modified":"2023-05-24T13:11:47","modified_gmt":"2023-05-24T11:11:47","slug":"eu-gerichtsurteil-emmentaler-muss-nicht-aus-der-schweiz-sein","status":"publish","type":"post","link":"https:\/\/borncity.eu\/senioren\/2023\/05\/24\/eu-gerichtsurteil-emmentaler-muss-nicht-aus-der-schweiz-sein\/","title":{"rendered":"EU-Gerichtsurteil: Emmentaler muss nicht aus der Schweiz sein"},"content":{"rendered":"<p>Die Schweizer Branchenorganisation \"Emmentaler Switzerland\" wollte eigentlich die Marke \"Emmemtaler\" in der EU sch\u00fctzen lassen. Eine entsprechende Klage wurde jetzt von einem EU-Gericht abschl\u00e4gig beschieden. L\u00f6ste bei mir dann divers Assoziationen aus.<\/p>\n<p><!--more--><\/p>\n<p>Den Elchtest hatte ich nicht bestanden, als ich den Begriff \"Emmentaler\" las. Gut, mir war klar, das ist K\u00e4se. Aber kommt der aus Holland? Nach einigen Sekunden Nachdenken kam\u00a0 &#8211; dank der Werbung der niederl\u00e4ndischen K\u00e4seproduzenten mit dem \"K\u00e4se von Frau Antje aus Holland\" &#8211; die Erkenntnis, \"nein, dass ist ja Gouda, den die Holl\u00e4ndern verkaufen\". Also materialisierte der Gedanke \"Emmentaler ist einfach K\u00e4se\" in meinem Hirn.<\/p>\n<p>Nun ist es so, dass Produzenten solche Sachen mitunter sehr verkniffen sehen. <a href=\"https:\/\/de.wikipedia.org\/wiki\/Schwarzw%C3%A4lder_Schinken\" target=\"_blank\" rel=\"noopener\">Schwarzw\u00e4lder Schinken<\/a> ist gesch\u00fctzt, bei Brezeln ist es ungekl\u00e4rt, wie es mit Frankfurter W\u00fcrstchen ist, wei\u00df ich nicht so genau &#8211; und \u00e4hnlich geht es mir mit Lyoner, Th\u00fcringer, Hamburger oder Berlinern. Schwierige Sache, das mit der Herkunftsbezeichnung.<\/p>\n<p>Die Schweizer Branchenorganisation \"Emmentaler Switzerland\" hatte eine vermeintlch clevere Idee und wollte die Marke \"Emmemtaler\" in der EU sch\u00fctzen lassen. Dann h\u00e4tte nur Emmentaler aus der Schweiz diesen Namen tragen d\u00fcrfen. Die Bauern im Allg\u00e4u, die auch guten Emmentaler machen, h\u00e4tte dann mit \"Allg\u00e4uer Emmentaler\" werben m\u00fcssen.<\/p>\n<blockquote><p>Das ist bei den Engl\u00e4ndern schon mal kr\u00e4ftig schief gegangen, als die irgendwann das \"Made in Germany\" als Herkunftsbezeichnung erzwangen und sich dies als Qualit\u00e4tsmerkmal etablierte.<\/p><\/blockquote>\n<p>Wie dem auch immer sei, die Registrierung der Marke wurde abgelehnt und der Verband hat vor einem EU-Gericht geklagt. Das EU-Gericht in Luxemburg hat den Antrag auf Schutz der Marke \"Emmentaler\" als Herkunftsbezeichnung heute aber abgelehnt. Die Richter meinten \"Emmentaler ist einfach K\u00e4se\" (die Tagesschau <a href=\"https:\/\/www.tagesschau.de\/wirtschaft\/verbraucher\/emmentaler-kaese-marke-100.html\" target=\"_blank\" rel=\"noopener\">berichtet hier<\/a>) und kann nicht als Marke mit Herkunftsbezeichnung gesch\u00fctzt werden. Gegen das Urteil kann noch vor dem h\u00f6chsten europ\u00e4ischen Gericht, dem EuGH, vorgegangen werden.<\/p>\n<p>Die deutsche Abteilung der Luxemburger Zeitung <a href=\"https:\/\/www.lkz.de\/lokales_artikel,-emmentaler-kann-nicht-als-eu-marke-geschuetzt-werden-_arid,736582.html\" target=\"_blank\" rel=\"noopener\">berichtet hier<\/a> \u00fcber das Urteil (dort findet sich auch ein Bild des Emmentalers &#8211; und mir fiel wieder ein: \"dass ist der K\u00e4se mit den L\u00f6cheln drin\" &#8211; ein Wortspiel, gem\u00fcnzt auf einen meiner ersten \"allerh\u00f6chsten Chefs\" mit dem Namen \"L\u00f6chelt\" &#8211; der \u00f6fters mit kruden Ideen daherkam und das Ganze sp\u00e4ter als \"Erwin-K\u00e4se, den mit den L\u00f6cheln drin\" klassifiziert wurde).<\/p>\n<p>Die Kollegen aus der Schweiz schreiben auf watson.ch vom\u00a0<a href=\"https:\/\/www.watson.ch\/637182158-kaese-urteil-in-luxemburg-emmentaler-laut-eu-gericht-nicht-geschuetzt\" target=\"_blank\" rel=\"noopener\">K\u00e4se-Urteil in Luxemburg<\/a> und das Medium s\u00fcdostschweiz <a href=\"https:\/\/www.suedostschweiz.ch\/wirtschaft\/luxemburg-eu-gericht-emmentaler-kann-nicht-als-eu-marke-geschuetzt-werden\" target=\"_blank\" rel=\"noopener\">zitiert hier<\/a> die Argumentation der Richter \"<em>Emmentaler beschreibe \u00abf\u00fcr die massgeblichen deutschen Verkehrskreise\u00bb eine K\u00e4sesorte und nicht die geografische Herkunft. Daher k\u00f6nne der Begriff nicht als Marke gesch\u00fctzt werden.<\/em>\"<\/p>\n<p>Herrliches Thema f\u00fcr Wortspiele der Art \"ist doch alles K\u00e4se\". Und damit kommen wir zum Schweizer Branchenverband und meiner Eingangserkenntnis mit der Werbefigur \"Frau Antja und dem Gouda aus Holland\" zur\u00fcck. Vielleicht hilft ja Werbung und ein gutes Produkt &#8211; obwohl, da gibt es bei mir im Kopf sofort die Assoziation Schweiz-Banker-Fahne &#8211; und dann die ziemlich verbrannte Werbung \"<a href=\"https:\/\/www.youtube.com\/watch?v=nNjB2_tj0lw\" target=\"_blank\" rel=\"noopener\">Wir machen was mit F\u00e4hnchen<\/a>\" der Krisensitzung der 08\/15-Bank.<\/p>\n","protected":false},"excerpt":{"rendered":"<p>Die Schweizer Branchenorganisation \"Emmentaler Switzerland\" wollte eigentlich die Marke \"Emmemtaler\" in der EU sch\u00fctzen lassen. Eine entsprechende Klage wurde jetzt von einem EU-Gericht abschl\u00e4gig beschieden. L\u00f6ste bei mir dann divers Assoziationen aus.<\/p>\n","protected":false},"author":1,"featured_media":0,"comment_status":"open","ping_status":"closed","sticky":false,"template":"","format":"standard","meta":{"footnotes":""},"categories":[28],"tags":[29],"class_list":["post-22560","post","type-post","status-publish","format-standard","hentry","category-essen","tag-essen"],"_links":{"self":[{"href":"https:\/\/borncity.eu\/senioren\/wp-json\/wp\/v2\/posts\/22560","targetHints":{"allow":["GET"]}}],"collection":[{"href":"https:\/\/borncity.eu\/senioren\/wp-json\/wp\/v2\/posts"}],"about":[{"href":"https:\/\/borncity.eu\/senioren\/wp-json\/wp\/v2\/types\/post"}],"author":[{"embeddable":true,"href":"https:\/\/borncity.eu\/senioren\/wp-json\/wp\/v2\/users\/1"}],"replies":[{"embeddable":true,"href":"https:\/\/borncity.eu\/senioren\/wp-json\/wp\/v2\/comments?post=22560"}],"version-history":[{"count":3,"href":"https:\/\/borncity.eu\/senioren\/wp-json\/wp\/v2\/posts\/22560\/revisions"}],"predecessor-version":[{"id":22563,"href":"https:\/\/borncity.eu\/senioren\/wp-json\/wp\/v2\/posts\/22560\/revisions\/22563"}],"wp:attachment":[{"href":"https:\/\/borncity.eu\/senioren\/wp-json\/wp\/v2\/media?parent=22560"}],"wp:term":[{"taxonomy":"category","embeddable":true,"href":"https:\/\/borncity.eu\/senioren\/wp-json\/wp\/v2\/categories?post=22560"},{"taxonomy":"post_tag","embeddable":true,"href":"https:\/\/borncity.eu\/senioren\/wp-json\/wp\/v2\/tags?post=22560"}],"curies":[{"name":"wp","href":"https:\/\/api.w.org\/{rel}","templated":true}]}}