{"id":22576,"date":"2023-06-02T00:25:11","date_gmt":"2023-06-01T22:25:11","guid":{"rendered":"https:\/\/borncity.com\/senioren\/?p=22576"},"modified":"2023-05-26T11:39:45","modified_gmt":"2023-05-26T09:39:45","slug":"senkrechter-wald-der-bosco-verticale-aus-mailand","status":"publish","type":"post","link":"https:\/\/borncity.eu\/senioren\/2023\/06\/02\/senkrechter-wald-der-bosco-verticale-aus-mailand\/","title":{"rendered":"Senkrechter Wald &#8211; der Bosco Verticale aus Mailand"},"content":{"rendered":"<p>Mitten in der Stadt in einem Hochhaus im Wald leben? Das haben der italienische Architekte Stefano Boeri und seinen Partnern Gianandrea Barreca und Giovanni La Varra vom Architekturb\u00fcros Boeri Studio realisiert.<\/p>\n<p><!--more--><\/p>\n<p>Das Ganze ist als <a href=\"https:\/\/de.wikipedia.org\/wiki\/Bosco_Verticale\" target=\"_blank\" rel=\"noopener\">Bosco Verticale<\/a>, vertikaler oder senkrechter Wald, bekannt &#8211; zwei Hochhaust\u00fcrme, die in Mailand stehen und mit B\u00e4umen begr\u00fcnt sind. Es wurden etwa 900 B\u00e4ume, jeder bei der Pflanzung bereits zwischen 3 und 9 m hoch, sowie mehr als 2000 weitere Pflanzen auf den Terrassen und Balkonen an den Fassaden der Geb\u00e4ude gepflanzt. Nachfolgendes Foto zeigt einen Turm &#8211; einfach das Foto anklicken, um das <a href=\"https:\/\/twitter.com\/Rainmaker1973\/status\/1661767502366494721\" target=\"_blank\" rel=\"noopener\">Video auf Twitter<\/a> abzuspielen.<\/p>\n<p><a href=\"https:\/\/twitter.com\/Rainmaker1973\/status\/1661767502366494721\" target=\"_blank\" rel=\"noopener\"><img loading=\"lazy\" decoding=\"async\" class=\"alignnone\" title=\"Bosco Verticale\" src=\"https:\/\/i.postimg.cc\/MHDhts7v\/image.png\" alt=\"Bosco Verticale\" width=\"578\" height=\"640\" \/><\/a><\/p>\n<p>Die Pflanzungen erfolgten in 1,3 m tiefen Betonwannen. Damit die B\u00e4ume Wind und St\u00fcrmen standhalten k\u00f6nnen, sind Gitter am Boden der Pflanzwannen angebracht, an denen die Pflanzenwurzeln zus\u00e4tzlichen Halt finden. Der \"senkrechte Wald\" entspricht einer bepflanzten Waldfl\u00e4che von 7000 Quadratmeter.\u00a0Die beiden Wohngeb\u00e4ude wurden laut Wikipedia von 2008 bis 2013 errichtet und im Oktober 2014 fertiggestellt, sie sind 110 und 80 m hoch.<\/p>\n<p><strong>\u00c4hnliche Artikel:<\/strong><br \/>\n<a href=\"https:\/\/borncity.eu\/senioren\/2023\/01\/22\/die-haeuser-des-friedensreich-hundertwasser\/\" rel=\"bookmark\">Die H\u00e4user des Friedensreich Hundertwasser<\/a><br \/>\n<a href=\"https:\/\/borncity.eu\/senioren\/2023\/01\/31\/krzywy-domek-krummes-haeuschen-am-bau-geschlampt\/\" rel=\"bookmark\">Krzywy Domek (Krummes H\u00e4uschen): Am Bau geschlampt?<\/a><br \/>\n<a href=\"https:\/\/borncity.eu\/senioren\/?p=21105\">Illusion ist alles \u2026 ein Hausflur mit Beule im Boden<\/a><\/p>\n","protected":false},"excerpt":{"rendered":"<p>Mitten in der Stadt in einem Hochhaus im Wald leben? Das haben der italienische Architekte Stefano Boeri und seinen Partnern Gianandrea Barreca und Giovanni La Varra vom Architekturb\u00fcros Boeri Studio realisiert.<\/p>\n","protected":false},"author":1,"featured_media":0,"comment_status":"open","ping_status":"closed","sticky":false,"template":"","format":"standard","meta":{"footnotes":""},"categories":[13,655],"tags":[19,119],"class_list":["post-22576","post","type-post","status-publish","format-standard","hentry","category-natur","category-technik","tag-foto","tag-natur"],"_links":{"self":[{"href":"https:\/\/borncity.eu\/senioren\/wp-json\/wp\/v2\/posts\/22576","targetHints":{"allow":["GET"]}}],"collection":[{"href":"https:\/\/borncity.eu\/senioren\/wp-json\/wp\/v2\/posts"}],"about":[{"href":"https:\/\/borncity.eu\/senioren\/wp-json\/wp\/v2\/types\/post"}],"author":[{"embeddable":true,"href":"https:\/\/borncity.eu\/senioren\/wp-json\/wp\/v2\/users\/1"}],"replies":[{"embeddable":true,"href":"https:\/\/borncity.eu\/senioren\/wp-json\/wp\/v2\/comments?post=22576"}],"version-history":[{"count":4,"href":"https:\/\/borncity.eu\/senioren\/wp-json\/wp\/v2\/posts\/22576\/revisions"}],"predecessor-version":[{"id":22580,"href":"https:\/\/borncity.eu\/senioren\/wp-json\/wp\/v2\/posts\/22576\/revisions\/22580"}],"wp:attachment":[{"href":"https:\/\/borncity.eu\/senioren\/wp-json\/wp\/v2\/media?parent=22576"}],"wp:term":[{"taxonomy":"category","embeddable":true,"href":"https:\/\/borncity.eu\/senioren\/wp-json\/wp\/v2\/categories?post=22576"},{"taxonomy":"post_tag","embeddable":true,"href":"https:\/\/borncity.eu\/senioren\/wp-json\/wp\/v2\/tags?post=22576"}],"curies":[{"name":"wp","href":"https:\/\/api.w.org\/{rel}","templated":true}]}}