{"id":22889,"date":"2023-07-18T00:04:34","date_gmt":"2023-07-17T22:04:34","guid":{"rendered":"https:\/\/borncity.com\/senioren\/?p=22889"},"modified":"2023-07-15T21:34:28","modified_gmt":"2023-07-15T19:34:28","slug":"lebensstil-beeinflusst-ob-man-spaeter-dement-wird","status":"publish","type":"post","link":"https:\/\/borncity.eu\/senioren\/2023\/07\/18\/lebensstil-beeinflusst-ob-man-spaeter-dement-wird\/","title":{"rendered":"Lebensstil beeinflusst, ob man sp\u00e4ter dement wird"},"content":{"rendered":"<p><img decoding=\"async\" style=\"float: left; margin: 0px 10px 0px 0px; display: inline;\" title=\"Gesundheit\" src=\"https:\/\/www.borncity.com\/blog\/wp-content\/uploads\/2021\/04\/Gesundheit-klein.jpg\" alt=\"Gesundheit (Pexels, frei verwendbar)\" width=\"200\" border=\"0\" \/>Mit dem Alter steigt auch die Gefahr, an einer Demenz zu erkranken. Aber nicht jeder erkrankt an Demenz \/ Alzheimer &#8211; es gibt 90 J\u00e4hrige, die noch geistig fit sind. Inzwischen ist bekannt, dass jeder Mensch sein Risiko, sp\u00e4ter an Demenz zu erkranken, beeinflussen kann. Der Lebensstil hat einen Einfluss darauf. K\u00fcrzlich bin ich auf einen Artikel gesto\u00dfen, in dem ein Neurologe dazu Stellung bezieht.<\/p>\n<p><!--more--><\/p>\n<p>Die Zahl der Menschen, die alleine in Deutschland im h\u00f6heren Alter an Demenz erkrankten, liegt (Stand 2022) bei <a href=\"https:\/\/www.deutsche-alzheimer.de\/artikel\/deutsche-alzheimer-gesellschaft-stellt-neue-zahlen-zur-demenz-vor-deutlich-mehr-erkrankte-unter-65-jahren-als-bisher-angenommen#:~:text=Nach%20neuesten%20Berechnungen%20leben%20in,neu%20an%20einer%20Demenz%20erkrankt.\" target=\"_blank\" rel=\"noopener\">1,8 Millionen<\/a>. Bisher ist keine Therapie bekannt, die Heilung von dieser Krankheit bringt. Inzwischen ist aus der Forschung aber bekannt, dass Risikofaktoren zu 1\/3 mit beeinflussen, ob jemand an Demenz erkrankt oder nicht. Durch geeigneten Lebensstil kann man diese Risikofaktoren zumindest eliminieren.<\/p>\n<p><img loading=\"lazy\" decoding=\"async\" title=\"Arzt\" src=\"https:\/\/borncity.eu\/senioren\/wp-content\/uploads\/2023\/05\/J3cUMGL.jpg\" alt=\"Arzt\" width=\"467\" height=\"622\" \/><br \/>\n(Quelle: Pexels\/Pixabay CC0 Lizenz)<\/p>\n<p>Ich hatte bereits im Beitrag <a href=\"https:\/\/borncity.eu\/senioren\/2017\/09\/06\/drei-faktoren-bestimmen-alzheimer-demenz-risiko\/\">Drei Faktoren bestimmen Alzheimer-Demenz-Risiko<\/a> einige Ergebnisse aus Studien aufgegriffen, welches Faktoren das Demenz-Risiko beeinflussen. Faktoren wie Genetik, Geschlecht oder Alter sind aber nicht unbedingt vom Indiviuum beeinflussbar. Im Blog-Beitrag <a href=\"https:\/\/borncity.eu\/senioren\/2017\/09\/08\/demenz-jeder-3-fall-vermeidbar\/\">Demenz: Jeder 3. Fall vermeidbar<\/a> hatte ich aber bereits folgende Faktoren genannt, die das Risiko f\u00fcr diese Erkrankung vermindern.<\/p>\n<ul>\n<li>Bildung in der Jugend,<\/li>\n<li>Die Behandlung von Bluthochdruck<\/li>\n<li>Das Vermeiden von \u00dcbergewicht<\/li>\n<li>Die Bek\u00e4mpfung von Schwerh\u00f6rigkeit<\/li>\n<\/ul>\n<p>Die drei letztgenannten Punkt lassen sich jederzeit durch jeden Einzelnen korrigieren. Hinzu kommt noch, auf eine gute Mundhygiene zu achten, da Forschungsergebnisse darauf hindeuten, dass Paradontose verursachende Bakterien eine Demenz beg\u00fcnstigen k\u00f6nnen (siehe\u00a0<a href=\"https:\/\/borncity.eu\/senioren\/2019\/02\/20\/alzheimer-demenz-als-folge-von-zahnfleischinfektionen\/\" rel=\"bookmark\">Alzheimer-Demenz als Folge von Zahnfleischinfektionen?<\/a>).<\/p>\n<p>Im h\u00f6heren Alter k\u00f6nnten weitere 15 Prozent der Demenzf\u00e4lle verhindert werden, wenn man:<\/p>\n<ul>\n<li>Ma\u00dfnahmen gegen Depression ergreift,<\/li>\n<li>die Behandlung von Diabetes beachtet,<\/li>\n<li>und gegen die Einsamkeit vorgeht<\/li>\n<\/ul>\n<p>Hinzu kommen regelm\u00e4\u00dfig Bewegungen und der Verzicht auf Rauchen, was wohl ebenfalls ein wichtiger Risikofaktor ist. Da diese mit dem Lebensstil und der medizinischen Versorgung zusammenh\u00e4ngen, sollte eine Pr\u00e4vention erheblich mehr als die Behandlung mit Anti-Dementiva bringen, sagen die Fachleute.<\/p>\n<p>Die Tage bin ich auch auf den Artikel\u00a0<a href=\"https:\/\/home.1und1.de\/magazine\/gesundheit\/spaeter-dement-einfluss--38369480\" target=\"_blank\" rel=\"noopener\">Werde ich sp\u00e4ter dement? Welchen Einfluss wir darauf haben \u2013 und welchen nicht<\/a> gesto\u00dfen. Die Redaktion von 1&amp;1 hat ein Interview mit einem Neurologen zu diesem Thema gef\u00fchrt. Dort wird ebenfalls erkl\u00e4rt, welche Risikofaktoren das Demenz-Risiko erh\u00f6hen und was man an Vorbeugung tun kann. Die \"ber\u00fchmten\" Kreuzwortr\u00e4tsel oder Gehirn-Jogging-Apps sollen jedenfalls nicht helfen. Ein aktives Leben, gesunde Ern\u00e4hrung, viel Bewegung, nicht Rauchen und Sozialkontakte sind auf jeden Fall f\u00f6rderlich, um das Demenz-Risiko zu verringern.<\/p>\n<p><strong>\u00c4hnlicher Artikel:<br \/>\n<\/strong><a href=\"https:\/\/borncity.eu\/senioren\/2019\/12\/08\/aducanumab-medikament-gegen-alzheimer\/\">Aducanumab: Medikament gegen Alzheimer?<\/a><br \/>\n<a href=\"https:\/\/borncity.eu\/senioren\/2019\/02\/20\/alzheimer-demenz-als-folge-von-zahnfleischinfektionen\/\">Alzheimer-Demenz als Folge von Zahnfleischinfektionen?<\/a><br \/>\n<a href=\"https:\/\/borncity.eu\/senioren\/2017\/12\/16\/eu-standard-fr-alzheimer-diagnose\/\">EU-Standard f\u00fcr Alzheimer-Diagnose<\/a><br \/>\n<a href=\"https:\/\/borncity.eu\/senioren\/2017\/09\/09\/wirkt-curry-alzheimerprvention\/\">Wirkt Curry als Alzheimerpr\u00e4vention?<\/a><br \/>\n<a href=\"https:\/\/borncity.eu\/senioren\/2017\/09\/06\/drei-faktoren-bestimmen-alzheimer-demenz-risiko\/\">Drei Faktoren bestimmen Alzheimer-Demenz-Risiko<\/a><br \/>\n<a href=\"https:\/\/borncity.eu\/senioren\/2017\/09\/07\/training-hilft-wohl-gegen-alzheimer-demenz\/\">Training hilft wohl gegen Alzheimer-Demenz<\/a><br \/>\n<a href=\"https:\/\/borncity.eu\/senioren\/2019\/06\/25\/die-3-s-frs-gehirn-schlaf-schritte-und-soziales\/\">Die 3 S f\u00fcr's Gehirn: Schlaf, Schritte und Soziales<\/a><br \/>\n<a href=\"https:\/\/borncity.eu\/senioren\/2019\/02\/11\/exzessiver-schlaf-im-alter-indiz-fr-denkleistungsabbau\/\">Exzessiver Schlaf im Alter Indiz f\u00fcr Denkleistungsabbau?<\/a><br \/>\n<a href=\"https:\/\/borncity.eu\/senioren\/2019\/01\/02\/demenz-rckgang-der-neuerkrankungen\/\">Demenz: R\u00fcckgang der Neuerkrankungen<\/a><br \/>\n<a href=\"https:\/\/borncity.eu\/senioren\/2019\/04\/23\/tv-bedingte-demenz-gibt-es-das\/\">TV-bedingte Demenz, gibt es das?<\/a><br \/>\n<a href=\"https:\/\/borncity.eu\/senioren\/2018\/03\/05\/max-planck-institut-forscht-fr-lngeres-besseres-leben\/\">Max-Planck-Institut forscht f\u00fcr l\u00e4ngeres\/besseres Leben<\/a><br \/>\n<a href=\"https:\/\/borncity.eu\/senioren\/2019\/06\/19\/haftpflichtversicherung-fr-menschen-mit-demenz\/\">Haftpflichtversicherung f\u00fcr Menschen mit Demenz<\/a><br \/>\n<a href=\"https:\/\/borncity.eu\/senioren\/2020\/10\/30\/hoher-blutdruck-erhht-demenz-risiko\/\">Hoher Blutdruck erh\u00f6ht Demenz-Risiko<\/a><br \/>\n<a href=\"https:\/\/borncity.eu\/senioren\/2019\/03\/05\/teen-entwickelt-app-fr-alzheimer-patienten\/\">Teen entwickelt App f\u00fcr Alzheimer-Patienten<\/a><strong><br \/>\n<\/strong><a href=\"https:\/\/borncity.eu\/senioren\/2019\/12\/23\/weihnachten-feiern-mit-alzheimer-patienten\/\">Weihnachten feiern mit Alzheimer-Patienten<\/a><br \/>\n<a href=\"https:\/\/borncity.eu\/senioren\/2019\/06\/13\/alzheimer-musik-kann-helfen\/\">Alzheimer: Musik kann helfen<\/a><br \/>\n<a href=\"https:\/\/borncity.eu\/senioren\/2020\/12\/04\/der-lange-weg-zur-alzheimer-demenz\/\" rel=\"bookmark\">Der lange Weg zur Alzheimer-Demenz<\/a><br \/>\n<a href=\"https:\/\/borncity.eu\/senioren\/2017\/09\/08\/demenz-jeder-3-fall-vermeidbar\/\" rel=\"bookmark\">Demenz: Jeder 3. Fall vermeidbar<\/a><br \/>\n<a href=\"https:\/\/borncity.eu\/senioren\/2017\/02\/13\/hrminderung-und-demenzrisiko\/\">H\u00f6rminderung und Demenzrisiko<\/a><\/p>\n","protected":false},"excerpt":{"rendered":"<p>Mit dem Alter steigt auch die Gefahr, an einer Demenz zu erkranken. Aber nicht jeder erkrankt an Demenz \/ Alzheimer &#8211; es gibt 90 J\u00e4hrige, die noch geistig fit sind. Inzwischen ist bekannt, dass jeder Mensch sein Risiko, sp\u00e4ter an &hellip; <a href=\"https:\/\/borncity.eu\/senioren\/2023\/07\/18\/lebensstil-beeinflusst-ob-man-spaeter-dement-wird\/\">Weiterlesen <span class=\"meta-nav\">&rarr;<\/span><\/a><\/p>\n","protected":false},"author":1,"featured_media":0,"comment_status":"open","ping_status":"closed","sticky":false,"template":"","format":"standard","meta":{"footnotes":""},"categories":[32],"tags":[83],"class_list":["post-22889","post","type-post","status-publish","format-standard","hentry","category-gesundheit","tag-gesundheit"],"_links":{"self":[{"href":"https:\/\/borncity.eu\/senioren\/wp-json\/wp\/v2\/posts\/22889","targetHints":{"allow":["GET"]}}],"collection":[{"href":"https:\/\/borncity.eu\/senioren\/wp-json\/wp\/v2\/posts"}],"about":[{"href":"https:\/\/borncity.eu\/senioren\/wp-json\/wp\/v2\/types\/post"}],"author":[{"embeddable":true,"href":"https:\/\/borncity.eu\/senioren\/wp-json\/wp\/v2\/users\/1"}],"replies":[{"embeddable":true,"href":"https:\/\/borncity.eu\/senioren\/wp-json\/wp\/v2\/comments?post=22889"}],"version-history":[{"count":4,"href":"https:\/\/borncity.eu\/senioren\/wp-json\/wp\/v2\/posts\/22889\/revisions"}],"predecessor-version":[{"id":22893,"href":"https:\/\/borncity.eu\/senioren\/wp-json\/wp\/v2\/posts\/22889\/revisions\/22893"}],"wp:attachment":[{"href":"https:\/\/borncity.eu\/senioren\/wp-json\/wp\/v2\/media?parent=22889"}],"wp:term":[{"taxonomy":"category","embeddable":true,"href":"https:\/\/borncity.eu\/senioren\/wp-json\/wp\/v2\/categories?post=22889"},{"taxonomy":"post_tag","embeddable":true,"href":"https:\/\/borncity.eu\/senioren\/wp-json\/wp\/v2\/tags?post=22889"}],"curies":[{"name":"wp","href":"https:\/\/api.w.org\/{rel}","templated":true}]}}