{"id":22945,"date":"2023-07-24T00:04:07","date_gmt":"2023-07-23T22:04:07","guid":{"rendered":"https:\/\/borncity.com\/senioren\/?p=22945"},"modified":"2024-05-19T19:46:26","modified_gmt":"2024-05-19T17:46:26","slug":"impressionen-von-der-bundesgartenschau-2023-in-mannheim","status":"publish","type":"post","link":"https:\/\/borncity.eu\/senioren\/2023\/07\/24\/impressionen-von-der-bundesgartenschau-2023-in-mannheim\/","title":{"rendered":"Impressionen von der Bundesgartenschau 2023 in Mannheim &#8211; Teil I"},"content":{"rendered":"<p>In der Zeit vom 14. April bis zum 8. Oktober 2023 findet die <a href=\"https:\/\/de.wikipedia.org\/wiki\/Bundesgartenschau_2023\" target=\"_blank\" rel=\"noopener\">BUGA 2023<\/a> (Bundesgartenschau 2023)\u00a0in Mannheim auf dem ehemaligen Spinelli-Milit\u00e4rgel\u00e4nde an der Feudenheimer Au und im Luisenpark statt. Ich war die Tage vor Ort, um Impressionen zu sammeln.<\/p>\n<p><!--more--><\/p>\n<p><img loading=\"lazy\" decoding=\"async\" src=\"https:\/\/vg08.met.vgwort.de\/na\/550d28076c7646b89d223812df57221b\" alt=\"\" width=\"1\" height=\"1\" \/>G\u00e4rten mit Blumen und Pflanzen interessieren viele Menschen und die Bundesgartenschau ist damit quasi Aush\u00e4ngeschild und Ideengeber f\u00fcr die Gartengestaltung. Da Mannheim f\u00fcr mich in \"Entfernung eines Tagesausflugs\" liegt, bin ich Anfang Juli 2023 zur BUGA 23 gefahren, auch um Impressionen f\u00fcr den Blog hier zu sammeln.<\/p>\n<p>Nachfolgend eine sehr pers\u00f6nliche Betrachtung mit Hinweisen und Eindr\u00fccken, wie ich den BUGA 23-Besuch erlebt habe.<\/p>\n<h2>Parken auf dem Maimarktgel\u00e4nde<\/h2>\n<p>Eine Anfahrt mit \u00f6ffentlichen Verkehrsmitteln habe ich aus Zeit-, Kosten- und Aufwandsgr\u00fcnden vermieden und mich f\u00fcr das Auto entschieden. Da vor Ort keine Parkpl\u00e4tze f\u00fcr Besucher zur Verf\u00fcgung stehen, wurde ein Park+Ride-System mit Pendelbussen zwischen dem <a href=\"https:\/\/www.maimarktgelaende-mannheim.de\/fuer-besucher\/anreise-und-parken\" target=\"_blank\" rel=\"noopener\">Parkplatz am Maimarktgel\u00e4nde<\/a> und dem Eingang am Spinelli-Gel\u00e4nde eingerichtet. Besucher, die per Auto anreisen, werden von der Autobahn zum Parken geleitet (Wilhelm-Varnholt-Allee, Mannheim, nach dem Autobahnkreuz Mannheim der Beschilderung folgen). Am Besuchstag wurden wir auf den Gro\u00dfparkplatz P20 geleitet.<\/p>\n<p>Das Parkticket f\u00fcr einen Tag kostet im <a href=\"https:\/\/www.parken-mannheim.de\/buga23\" target=\"_blank\" rel=\"noopener\">Online-Vorverkauf<\/a> 8,50 Euro und direkt am Parkplatz 9,50 Euro. Ich habe mich f\u00fcr den Ticketkauf direkt am Parkplatz entschieden, um mich nicht online registrieren zu m\u00fcssen. Immerhin bietet der Veranstalter noch Tickets vor Ort samt Kassenh\u00e4uschen zum Bezahlen, und will keine Ticket-App (den Besuch beim Hessentag in Pfungstadt 2023 habe ich mir wegen dem mehr oder weniger gro\u00dfen Zwang zur Verwendung einer Park Now-App verkniffen, siehe <a href=\"https:\/\/www.borncity.com\/blog\/2023\/06\/18\/der-taegliche-app-und-cloud-irrsinn\/\" target=\"_blank\" rel=\"noopener\">hier<\/a>). Beim Einfahren auf den Gro\u00dfparklatz ist dazu an der Schranke ein Ticket zu ziehen (auf die entsprechende Taste dr\u00fccken).<\/p>\n<blockquote><p>Die Beschriftung am Display der Schranke empfand ich am Besuchstag f\u00fcr mich verwirrend, denn dort stand, dass kein Ticket ausgeworfen werde und ich einfahren solle. Hintergrund ist die ber\u00fchrungslose Einfahrt, bei der Fahrzeuge mit online gebuchtem Ticket per Kamera mit dem Kennzeichen erfasst und so registriert werden.<\/p>\n<p>Ohne Online-Ticket ist das nat\u00fcrlich witzlos, das System kannte mein Fahrzeug nat\u00fcrlich nicht. Gl\u00fccklicherweise blieb die Schranke zu, so dass ich auf Verdacht\u00a0 eine an der S\u00e4ule sichtbare Taste dr\u00fcckte, in der Hoffnung, ein Ticket zu bekommen, was auch klappte. Nur so kommt man an den ben\u00f6tigten Parkschein, der vor Ort zum Bezahlen ben\u00f6tigt wird &#8211; und mit dem so gezogenen Ticket \u00f6ffnete sich die Schranke an der Einfahrt. Fluch der Digitalisierung, die dann doch nur halbherzig umgesetzt wird.<\/p><\/blockquote>\n<p>Die Kassenautomaten befinden sich am \u00dcbergang zur Fu\u00dfg\u00e4ngerbr\u00fccke, die \u00fcber die Autobahn f\u00fchrt. Ein grober Plan des Parkplatzes P20 mit markierter Einfahrt und dem \u00dcbergang per Fu\u00dfg\u00e4ngerbr\u00fccke in Richtung Fertighaus-Center (Parkplatz P8) und SAP Arena findet sich <a href=\"https:\/\/www.parken-mannheim.de\/buga23\" target=\"_blank\" rel=\"noopener\">hier<\/a> (siehe auch nachfolgender Ausschnitt aus einem Screenshot von der Parken-Webseite).<\/p>\n<p><img loading=\"lazy\" decoding=\"async\" class=\"alignnone\" title=\"Parkplatz P20 Mannheim Maimarktgel\u00e4nde\" src=\"https:\/\/www.parken-mannheim.de\/images\/maimarkt-map-3.jpg\" alt=\"Parkplatz P20 Mannheim Maimarktgel\u00e4nde\" width=\"519\" height=\"427\" \/><br \/>\nParkplatz P20 Mannheim Maimarktgel\u00e4nde, Quelle parken-mannheim.de<\/p>\n<p>Diese hilfreiche Information hatte ich bei der Anfahrt leider nicht, so dass ich mich wunderte, als ich vom, in obiger Karte rot gekennzeichneten, Einfahrpunkt bis zum \"anderen Ende des Parkplatzes\" an der Autobahn &#8211; in die N\u00e4he der wei\u00df eingezeichnete und \u00fcber die Autobahn verlaufenden Fug\u00e4ngerbr\u00fccke geleitet wurde.<\/p>\n<p>Beim sp\u00e4teren Ausfahren vom Parkplatz wird erneut das Fahrzeugkennzeichen per Kamera erfasst. Ist das Parkticket bezahlt, \u00f6ffnet sich die Schranke automatisch. Das Ticket braucht nicht an der Schranke der Ausfahrt in einen Leser eingef\u00fchrt werden. Daher sp\u00e4testens vor der Ausfahrt die Parkgeb\u00fchr f\u00fcr das Parkticket am Kassenautomat bezahlen.<\/p>\n<blockquote><p>Tipp: Die Beschilderung des Zugangs zur P+R-Haltestelle sowie der R\u00fcckweg von der P+R-Haltestelle des Pendelbusses zum Parkplatz P20 ist nicht wirklich vorhanden. Um zu den Pendelbussen zu gelangen, muss man die Fu\u00dfg\u00e4ngerbr\u00fccke zwischen P20 und dem Halteplatz an der Xaver-Fuhr-Stra\u00dfe (Parkpl\u00e4tze P7, P8) \u00fcberqueren.<\/p>\n<p>Bei der R\u00fcckkehr vom P+R-Halteplatz fehlt die Beschilderung zum Parkplatz P20. Daher beim Gang vom Parkplatz an der Haltestelle des Pendelbus zur BUGA sich merken, aus welcher Richtung man gekommen ist (einfach zur\u00fcck schauen, wie es ausschaut, wo man gerade entlang gelaufen ist).<\/p>\n<p>Ich musste nach dem Ausstieg an der Haltestelle Google Maps am Smartphone befragen, da der eigentlich nur 30 Meter entfernte Abzweig zur Fu\u00dfg\u00e4ngerbr\u00fccke durch B\u00fcsche verdeckt nicht erkennbar war. Einem an der gleichen Haltestelle ausgestiegenem Ehepaar ging es \u00e4hnlich\u00a0 (\"wir sind eine Haltestelle zu fr\u00fch ausgestiegen\") und ich wei\u00df von mindestens einem Fall, wo ebenfalls ein Ehepaar den Weg zum Parkplatz suchen musste.<\/p><\/blockquote>\n<p>Positiv: Die Pendelbusse verkehren zwischen Xaver-Fuhr-Stra\u00dfe (am Fertighaus-Center) und dem Eingang am Spinelli-Milit\u00e4rgel\u00e4nde in kurzen Abst\u00e4nden. Der Einstieg ist f\u00fcr BUGA-Besucher ohne Fahrausweis m\u00f6glich, auch wenn die Busse auf regul\u00e4ren Strecken (ganz sch\u00f6n weit) unterwegs sind. Weitere Anreiseinformationen finden sich auf <a href=\"https:\/\/www.buga23.de\/besuch-service\/anreise\/\" target=\"_blank\" rel=\"noopener\">dieser BUGA23-Seite<\/a>.<\/p>\n<h2>BUGA 23-Konzept mit zwei Gel\u00e4nden<\/h2>\n<p>Ich hatte es im Vorfeld bereits mitbekommen, die BUGA 23 findet an zwei Stellen in Mannheim statt. Die Pendelbusse halten direkt vor dem Eingang am Spinelli-Gel\u00e4nde, wo es Tickets gibt. Einlass an den Haupteing\u00e4ngen ist von 9:00 bis 19:00 Uhr (Kassen- sowie Info- und Servicepavillons).<\/p>\n<p><img loading=\"lazy\" decoding=\"async\" class=\"alignnone\" title=\"Eingang BUGA 23 Spinelli-Gel\u00e4nde\" src=\"https:\/\/i.postimg.cc\/VL5w8h9s\/image.png\" alt=\"Eingang BUGA 23 Spinelli-Gel\u00e4nde\" width=\"640\" height=\"599\" \/><br \/>\nEingang BUGA 23 Spinelli-Gel\u00e4nde<\/p>\n<p>Die <a href=\"https:\/\/www.buga23.de\/besuch-service\/tickets\/\" target=\"_blank\" rel=\"noopener\">Tageskarte<\/a> kann vor Ort oder <a href=\"https:\/\/web.archive.org\/web\/20231222051800\/https:\/\/tickets.buga23.de\/shop?hiqp=$_hqpZW13bnhtZS9jTm16aE5OKzZXSE5iTDFYbGRWRVBsSkxFNkZuc3VSWUJ5cUlrbFc5TCt4ME5qeit4K2w5dXd2dzFGcGt6WmNhc2tuTXJ5OWQ4R3JRVVd6aW9uV3Bka1BCTEZtM3lqMUZvTlJTTTV4WDBSeFBJNFBydE5oRFJiWHJNRTBhakxZTmdhMnRXRmJ5TlNrcUk1MFRKRTl0bzFma2F6Rmxob3EvTDFNbjRjR0IvRmU1dWlvWnhNZ0kxN1RmVUR1L0V0VW5Jck1zMzdIT3ExSkZtaFVkUDQ2VW1zWWtYQk5tQWhSWmMxeFQ2cGQzcGhwNjVvTUgzMzJNTzhrTlUxNXpJVnhLZnVCSkZXM3dPSDBCejU5UzdyUUF0SzFUTU5nVHVPai9FbzMzc0d3NjZ0Wk5QUDI2VTZVemlHR2ZSbXlzNEZYeQ==\" target=\"_blank\" rel=\"noopener\">Online<\/a> gekauft werden und kostet f\u00fcr Erwachsene 28 Euro. Beg\u00fcnstigte (Personen mit einem GdB ab 50, bei Merkzeichen B oder H im Ausweis\u00a0 ist eine Begleitperson frei, Empf\u00e4nger von ALG II oder anderen Grundsicherungen) zahlen nur 18 Euro f\u00fcr die Tageskarte.<\/p>\n<p>Das Kerngel\u00e4nde der BUGA 23 ist die Konversionsfl\u00e4che rund um die ehemalige Spinelli-Kaserne. Einst von der deutschen Wehrmacht als Pionierkaserne und nach dem Zweiten Weltkrieg von den US-amerikanischen Streitkr\u00e4ften als Lager genutzt, erstreckt sich der Spinelli-Park vom Aubuckel bis zum Mannheimer Stadtteil K\u00e4fertal. Dort findet die Hauptausstellung, teilweise in Hallen sowie auf Freifl\u00e4chen statt.<\/p>\n<p><img loading=\"lazy\" decoding=\"async\" class=\"alignnone\" title=\"Seilbahn BUGA 23\" src=\"https:\/\/i.postimg.cc\/ZnFNHRRH\/image.png\" alt=\"Seilbahn BUGA 23\" width=\"640\" height=\"632\" \/><br \/>\nSeilbahn BUGA 23<\/p>\n<p>Zweites Ausstellungsgel\u00e4nde ist der Luisenpark in Mannheim, der schon viele Jahrzehnte besteht, als Ausflugsziel in Mannheim gilt und bereits Teil der BUGA 1975 war.\u00a0 Die Besucher k\u00f6nnen \u00fcber eine Seilbahn mit Kabinen (siehe obiges Foto) zwischen dem Spinelli-Gel\u00e4nde und dem Luisenpark wechseln. Zu beiden Parks finden sich <a href=\"https:\/\/www.buga23.de\/die-parks\/\" target=\"_blank\" rel=\"noopener\">hier<\/a> einige Informationen.<\/p>\n<blockquote><p>F\u00fcr in der Mobilit\u00e4t eingeschr\u00e4nkte Personen f\u00e4hrt eine Bahn (gegen Aufpreis) auf dem Spinelli-Gel\u00e4nde. Bez\u00fcglich Barrierefreiheit bietet der Veranstalter auf <a href=\"https:\/\/www.buga23.de\/besuch-service\/barrierefreiheit-mobilitaetsverleih\/\" target=\"_blank\" rel=\"noopener\">dieser Seite<\/a> einige Informationen.<\/p><\/blockquote>\n<h2>Die Idee der BUGA 23<\/h2>\n<p>Die Planer der BUGA 23 hatten sich auf die Fahnen geschrieben, das ehemalige Spinelli-Kasernengel\u00e4nde f\u00fcr die Gartenschau zu nutzen und sp\u00e4ter mit Wohnh\u00e4usern zu bebauen. Einige Informationen zum Spinelli-Kasernengel\u00e4nde sowie eine Luftaufnahme finden sich auf <a href=\"https:\/\/www.buga23.de\/beste-aussichten\/idee-konzept\/\" target=\"_blank\" rel=\"noopener\">dieser BUGA-Seite<\/a>.<\/p>\n<p>Die Mannheimer Bundesgartenschau hat sich der Nachhaltigkeit verschrieben und will die bisher nachhaltigste Bundesgartenschau werden. Die Basis daf\u00fcr bilden vier Leitthemen, die sich in allen Bereichen, von Ausstellungsbeitr\u00e4gen bis Veranstaltungsprogramm, wiederfinden: Klima, Umwelt, Energie und Nahrungssicherung.<\/p>\n<blockquote><p>Tipp: Es empfiehlt sich im Vorfeld einen <a href=\"https:\/\/www.buga23.de\/die-parks\/gelaendeplan\/\" target=\"_blank\" rel=\"noopener\">Gel\u00e4ndeplan online<\/a> abzurufen, um dann einen Besuchsweg einzuplanen. Hatte ich zwar auf dem Smartphone, aber der Plan war dann doch zu klein, so dass ich weitgehend ohne Vorgaben \u00fcber das Gel\u00e4nde streifte.<\/p><\/blockquote>\n<p>Direkt nach dem Eingang am Spinelli-Gel\u00e4nde gelangt man in Hallen, in denen diverse Projekte &#8211; z.B. zur Nachhaltigkeit, Floristikhalle mit Dekorationen (Impressionen und Informationen <a href=\"https:\/\/www.buga23.de\/blumen\/blumenhallenschauen\/\" target=\"_blank\" rel=\"noopener\">gibt es hier<\/a>), Gartenbauhalle etc. pr\u00e4sentiert werden. An die Hallen schlie\u00dfen sich die Freifl\u00e4chen mit Bepflanzungen mit Blumen, (Nachhaltigkeits-)B\u00e4umen und auch Fr\u00fcchten zur Ern\u00e4hrung an.<\/p>\n<blockquote><p>Tipp: Man sollte sich einen Tag aussuchen, an dem es nicht allzu hei\u00df und sonnig ist, da es auf den BUGA Freifl\u00e4chen keine abgeschatteten Pl\u00e4tze gibt (nur in den Hallen kommt die Sonne nicht hin).<\/p><\/blockquote>\n<p>In Teil II meines Beitrags zeige ich dann noch Impressionen von der BUGA 23 in Form von Fotos und ziehe mein pers\u00f6nliches Fazit.<\/p>\n<p><strong>Artikelreihe:<\/strong><br \/>\n<a href=\"https:\/\/borncity.eu\/senioren\/?p=22945\">Impressionen von der Bundesgartenschau 2023 in Mannheim<\/a> \u2013 Teil I<br \/>\n<a href=\"https:\/\/borncity.eu\/senioren\/2023\/07\/25\/impressionen-von-der-bundesgartenschau-2023-in-mannheim-teil-ii\/\" target=\"_blank\" rel=\"noopener\">Impressionen von der Bundesgartenschau 2023 in Mannheim<\/a> \u2013 Teil II<\/p>\n","protected":false},"excerpt":{"rendered":"<p>In der Zeit vom 14. April bis zum 8. Oktober 2023 findet die BUGA 2023 (Bundesgartenschau 2023)\u00a0in Mannheim auf dem ehemaligen Spinelli-Milit\u00e4rgel\u00e4nde an der Feudenheimer Au und im Luisenpark statt. Ich war die Tage vor Ort, um Impressionen zu sammeln.<\/p>\n","protected":false},"author":1,"featured_media":0,"comment_status":"open","ping_status":"closed","sticky":false,"template":"","format":"standard","meta":{"footnotes":""},"categories":[1,13],"tags":[168,119],"class_list":["post-22945","post","type-post","status-publish","format-standard","hentry","category-allgemein","category-natur","tag-allgemein","tag-natur"],"_links":{"self":[{"href":"https:\/\/borncity.eu\/senioren\/wp-json\/wp\/v2\/posts\/22945","targetHints":{"allow":["GET"]}}],"collection":[{"href":"https:\/\/borncity.eu\/senioren\/wp-json\/wp\/v2\/posts"}],"about":[{"href":"https:\/\/borncity.eu\/senioren\/wp-json\/wp\/v2\/types\/post"}],"author":[{"embeddable":true,"href":"https:\/\/borncity.eu\/senioren\/wp-json\/wp\/v2\/users\/1"}],"replies":[{"embeddable":true,"href":"https:\/\/borncity.eu\/senioren\/wp-json\/wp\/v2\/comments?post=22945"}],"version-history":[{"count":21,"href":"https:\/\/borncity.eu\/senioren\/wp-json\/wp\/v2\/posts\/22945\/revisions"}],"predecessor-version":[{"id":24806,"href":"https:\/\/borncity.eu\/senioren\/wp-json\/wp\/v2\/posts\/22945\/revisions\/24806"}],"wp:attachment":[{"href":"https:\/\/borncity.eu\/senioren\/wp-json\/wp\/v2\/media?parent=22945"}],"wp:term":[{"taxonomy":"category","embeddable":true,"href":"https:\/\/borncity.eu\/senioren\/wp-json\/wp\/v2\/categories?post=22945"},{"taxonomy":"post_tag","embeddable":true,"href":"https:\/\/borncity.eu\/senioren\/wp-json\/wp\/v2\/tags?post=22945"}],"curies":[{"name":"wp","href":"https:\/\/api.w.org\/{rel}","templated":true}]}}