{"id":24041,"date":"2024-01-04T00:09:17","date_gmt":"2024-01-03T23:09:17","guid":{"rendered":"https:\/\/borncity.com\/senioren\/?p=24041"},"modified":"2024-09-29T21:56:01","modified_gmt":"2024-09-29T19:56:01","slug":"generationenkonflikt-boomer-generation-golf-und-generation-z","status":"publish","type":"post","link":"https:\/\/borncity.eu\/senioren\/2024\/01\/04\/generationenkonflikt-boomer-generation-golf-und-generation-z\/","title":{"rendered":"Generationenkonflikt? Boomer, Generation Golf und Generation-Z"},"content":{"rendered":"<p>Aktuell gibt es ja immer wieder Meldungen in den Medien \u00fcber Anspr\u00fcche der sogenannten \"Generation-Z\" die gerade ins Berufsleben starten. Das f\u00fchrt zu hitzigen und kontroversen Diskussionen \"die sollen erst mal arbeiten\". Gerade ist mir ein passendes Interview von Isabell Vivianne zum Thema untergekommen. War der Aufh\u00e4nger, mal ein paar Gedanken meinerseits rund um das Thema niederzuschreiben.<\/p>\n<p><!--more--><\/p>\n<h2>Boomer, Generation Z, Y und Golf?<\/h2>\n<p>Zuerst eine kleine Begriffserkl\u00e4rung, damit wir \u00fcber das Gleiche kommunizieren. Als <a href=\"https:\/\/de.wikipedia.org\/wiki\/Baby-Boomer#:~:text=Als%20Babyboomer%2C%20Baby%2DBoomer%20oder,Krieg%20betroffenen%20Staaten%20geboren%20wurden.\" target=\"_blank\" rel=\"noopener\">Boomer<\/a> werden die geburtenstarken Jahrg\u00e4nge nach dem zweiten Weltkrieg bis Mitte der 60er Jahre bezeichnet. Also die Generation, die aktuell in Rente geht oder schon im Ruhestand ist.<\/p>\n<p><a href=\"https:\/\/de.wikipedia.org\/wiki\/Generation_Y#\/media\/Datei:Generation_timeline0.svg\" target=\"_blank\" rel=\"noopener\"><\/a><br \/>\nQuelle: Wikipedia, Creative Commons<\/p>\n<p>Daran schlie\u00dft sich die Generation Golf an, Menschen, die circa zwischen 1965 und 1975 in Westdeutschland geboren wurden. Der Titel geht auf ein Buch zur\u00fcck, und <a href=\"https:\/\/de.wiktionary.org\/wiki\/Generation_Golf#:~:text=H%C3%B6rbeispiele%3A-,Generation%20Golf,sowie%20eine%20egoistische%20Lebensf%C3%BChrung%20auszeichnen\" target=\"_blank\" rel=\"noopener\">hier<\/a> hei\u00dft es, dass diese Menschen sich durch eine unpolitische Grundeinstellung sowie eine egoistische Lebensf\u00fchrung auszeichnen.<\/p>\n<p><a href=\"https:\/\/de.wikipedia.org\/wiki\/Generation_Y\" target=\"_blank\" rel=\"noopener\">Generation Y<\/a> &#8211; oder Millennials bezeichnet die Kohorte an Menschen, die zwischen 1980 und den sp\u00e4ten 1990er Jahren geboren wurde. Und <a href=\"https:\/\/de.wikipedia.org\/wiki\/Generation_Z\" target=\"_blank\" rel=\"noopener\">Generation Z<\/a> sind die Menschen, die die zwischen 1997 und 2012 zur Welt gekommen sind. Diese jungen Menschen streben nun in das Berufsleben.<\/p>\n<h2>Kontroversen um Gen Z<\/h2>\n<p>Aktuell befinden wir uns ja in einem Bereich eines gravierenden Fachkr\u00e4ftemangels, weil die Boomer sich in Rente verabschieden, aber am anderen Ende nicht gen\u00fcgend Menschen als Fachkr\u00e4fte ausgebildet und zum Eintritt in den Arbeitsmarkt verf\u00fcgbar sind. Es ist inzwischen ein Arbeitnehmermarkt, wo die Aspiranten auf einen Arbeitsplatz schon Anforderungen stellen k\u00f6nnen.<\/p>\n<p>Vielfach wird auch das Arbeitsmodell der vorherigen Generationen \"arbeiten, bis zum Umfallen\" in Frage gestellt. Das treibt dann allerdings schon mal Bl\u00fcten, die in den Medien vielleicht auch aufgebauscht werden. Irre Gehaltsvorstellungen der Berufseinsteiger &#8211; ein Gehalt muss vom Unternehmen auch erwirtschaftet werden k\u00f6nnen, wenn die Stelle besetzt werden soll. Oder wenig mit der Lebensrealit\u00e4t kompatible Vorstellungen zu Arbeitszeiten (\"Ich komme, wenn es mir irgendwie passt, zur Arbeit\").<\/p>\n<p>F\u00fchrt dann h\u00e4ufig zu sehr kontroversen Reaktionen der Art \"die sollen erst einmal arbeiten\", vor allem von \u00c4lteren.\u00a0Nicht f\u00f6rderlich sind m\u00f6glicherweise auch in den Medien hochgepushte Beitr\u00e4ge von sogenannten \"Influencerinnen\", jungen Frauen, die vor laufender Kamera unter Tr\u00e4nen <a href=\"https:\/\/www.focus.de\/panorama\/welt\/es-dauert-f-ng-forever-gen-z-influencerin-bricht-nach-vollem-8-stunden-arbeitstag-in-traenen-aus_id_232545248.html\" target=\"_blank\" rel=\"noopener\">berichten<\/a>, wie fertig sie nach einem 8 Stunden Arbeitstag sind, oder dass 30 Urlaubstage doch <a href=\"https:\/\/www.nau.ch\/people\/welt\/influencerin-bricht-wegen-nur-30-ferientagen-im-jahr-in-tranen-aus-66645526\" target=\"_blank\" rel=\"noopener\">nichts seien<\/a>, und wie wenig sie nach einem Studium als<a href=\"https:\/\/www.focus.de\/panorama\/welt\/influencerin-weint-nach-8-stunden-tag-wir-sind-nicht-faul-jetzt-spricht-influencerin-asero-erstmals-ueber-jammer-video_id_233146654.html\" target=\"_blank\" rel=\"noopener\"> Berufsanf\u00e4nger verdienen<\/a>.<\/p>\n<p>Nat\u00fcrlich war bei mir in der ersten Sekunde der Reflex \"soll sich nicht so haben\" da, als ich auf die Medienberichte stie\u00df. Es wird die F\u00e4lle geben, keine Frage.\u00a0Unter dem Strich halte ich solche Positionen aber f\u00fcr mediale \u00dcbertreibungen bzw. Ausnahmef\u00e4lle und w\u00fcrde das nicht wirklich auf alle Generation Z-Angeh\u00f6rige beziehen wollen.<\/p>\n<h2>Bedenkenswerte Sichtweise von Isabell Vivianne<\/h2>\n<p>Die Tage bin ich auf einen sehr lesens- und bedenkenswerten Artikel von Isabell Vivianne gesto\u00dfen. Frau Vivianne ist gelernte Schreinerin, hat es aber geschafft, auf der Plattform Instagram unter <a href=\"https:\/\/www.instagram.com\/die.tischlerin\/?hl=de\" target=\"_blank\" rel=\"noopener\">die.tischlerin<\/a> als \"Handwerks-Influencerin\" 50.000 sogenannte Follower zu interessieren.<\/p>\n<p><a href=\"https:\/\/www.instagram.com\/die.tischlerin\/?hl=de\" target=\"_blank\" rel=\"noopener\"><img decoding=\"async\" src=\"https:\/\/i.postimg.cc\/hPNgSxsp\/image.png\" alt=\"die.tischlerin\" \/><\/a><\/p>\n<p>Ziel der jungen Frau (26 Jahre jung) ist es, die Jugend f\u00fcr den Handwerksberuf zu interessieren. Und sie hat Erfolg &#8211; Presse und Fernsehen berichten, in Social Media wird sie gefeiert. Ich habe mal in ihr Facebook-Profil geschaut &#8211; aus meinem Blickwinkel macht sie das sehr gut.<\/p>\n<p>Unter dem Titel \"<a href=\"https:\/\/www.focus.de\/finanzen\/news\/gen-z-frech-faul-fordernd-es-sind-eher-die-aelteren-die-krasse-forderungen-stellen_id_259519838.html\" target=\"_blank\" rel=\"noopener\">Die Gen Z: Frech? Faul? Fordernd? Es sind eher die \u00c4lteren, die krasse Forderungen stellen<\/a>\" hat sie dann ein Interview gegeben, das zu vielen Diskussionen f\u00fchrt. Ich habe den Text quer gelesen &#8211; da steckt sehr viel Bedenkenswertes drin.<\/p>\n<p>Und in einem <a href=\"https:\/\/www.focus.de\/panorama\/die-gen-z-frech-faul-fordernd-26-jaehrige-hat-hitzige-debatte-angeschoben-woher-kommt-bloss-diese-wut-bei-den-aelteren_id_259535491.html\" target=\"_blank\" rel=\"noopener\">Nachfolge-Interview<\/a> lenkt die junge Frau den Blick in eine wichtige Richtung: Nicht Konfrontation, sondern Kooperation ist die Devise. Sie fordert ein Generationenmiteinander ein. Als ich den Artikel las, ging mir \"Donnerwetter, kluge und wichtige Gedanken\" durch den Kopf.<\/p>\n<p>In ihrem Alter h\u00e4tte ich das nicht so formulieren k\u00f6nnen, Hut ab.\u00a0Pers\u00f6nlich bin ich in einer anderen Zeit gro\u00df geworden, habe aber schnell verstanden, was die junge Frau mit \"Respekt von \u00c4lteren gegen\u00fcber den J\u00fcngeren\" so meint.<\/p>\n<h2>Pers\u00f6nlicher R\u00fcckblick auf ein langes Berufsleben<\/h2>\n<p>Meine Lehre von 1969 bis 1973 war davon gepr\u00e4gt, dass der Lehrling \"zum Bier holen\" und \"Hof kehren\" geschickt wurde. Ok, den H\u00fchnerstall vom Cheffe habe ich auch an Samstagen &#8211; zwischen Autos waschen und Werkstatt aufr\u00e4umen &#8211; ausgemistet. Aber ich sage es mal so &#8211; nach meinem Waterloo einer <a href=\"https:\/\/borncity.eu\/senioren\/2021\/05\/17\/der-jung-soll-was-anstndiges-lernen\/\" target=\"_blank\" rel=\"noopener\">versemmelten Zwischenpr\u00fcfung<\/a> hat es nur einige Monate gedauert, bis ich das Manko der fehlenden Praxis, sauber zu arbeiten, drin hatte. Ab da hat mir kein Geselle mehr die Butter vom Brot genommen &#8211; komplexe Arbeiten mit Schaltungen f\u00fcr Industriesteuerungen landeten bei mir, statt beim Altgesellen.<\/p>\n<p>Nach dem Abschluss der Lehre habe ich mich dann allerdings f\u00fcr einen anderen Weg entschieden, bin zur Schule zur\u00fcck, um die 10. und 12. Klasse bis zur Fachhochschulreife und dann ein Ingenieurstudium abzuschlie\u00dfen.<\/p>\n<p>Inzwischen darf ich auf 54 Berufsjahre in verschiedenen Bereichen zur\u00fcckblicken (und bewege mich seit 30 Jahren im schreibenden Bereich und inzwischen auch im Genre, der neuerdings mit Influencer umschrieben wird). Erkenntnis: Ich darf mich nicht wirklich \u00fcber fehlenden Respekt beklagen &#8211; als \u00e4lterer Lehrling, Junggeselle und sp\u00e4ter als Jungingenieur habe ich immer das Gef\u00fchl gehabt, \"auf Augenh\u00f6he\" mit den Kollegen zu agieren.<\/p>\n<p>Oder anders ausgedr\u00fcckt: Fehlender Respekt, der mir als junger Lehrling begegnete, resultierte aus Angst und Unsicherheit des Altgesellen &#8211; der Meister meines Ausbildungsbetriebs und gleichzeitig Firmeninhaber kam diesbez\u00fcglich immer korrekt um die Ecke &#8211; und er hat auch die Kurve gekriegt, als sich nach 1,5 Jahren in meiner Zwischenpr\u00fcfung gravierende Ausbildungsm\u00e4ngel offenbarten. Es gab kein Geschrei, sondern Anleitung und Kontrolle und dann hat es in der Ausbildung gepasst. Im B\u00fcro des Meisters h\u00e4ngen noch immer die Urkunden, die er als mein Ausbildungsbetrieb von der Handwerkskammer und vom Land Rheinland-Pfalz f\u00fcr \"seinen Lehrling und dessen Gesellenst\u00fcck\" \u00fcberreicht bekam.<\/p>\n<p>Und ich erinnere mich auch in meine Zeit als Ingenieur mit erster Personalverantwortung, wo ich dann einerseits junge Menschen in Ausbildung begleitete, aber auch \u00e4ltere Mitarbeiter und auch Mitarbeiter von Kunden integrieren musste. Wenn es gelang, die Menschen f\u00fcr die Arbeit zu begeistern, stand am\u00a0 Ende des Tages der Erfolg.<\/p>\n<p>Ich erinnere mich auch noch sehr genau daran, wie mir als junger Ingenieur eine Projektleitung f\u00fcr ein schwieriges Projekt auf's Auge gedr\u00fcckt worden war, und ich einen absoluten Fachmann, Elektronik-Ingenieur um die 50 Jahre, aber im Mitarbeiterumgang als extrem schwierig, der das Projekt eigentlich h\u00e4tte leiten m\u00fcssen, einfangen musste. Nach einem l\u00e4ngeren Vieraugengespr\u00e4ch hatte ich mit ihm einen Modus Operandi umrissen, mit dem er gut leben, und ich die die Projektverantwortung wahrnehmen konnte.<\/p>\n<p>Das Projekt wurde erfolgreich realisiert, w\u00e4hrend die vergleichbaren Vorg\u00e4ngerprojekte in arge Probleme liefen. So um die 20 Jahre nach meinem Ausscheiden aus dem Unternehmen erfuhr ich durch Zufall beim Sport, dass die damals von uns projektierte Anlage nach 2 Jahrzehnten stillgelegt worden war. Die von uns realisierten L\u00f6sungen hatten klaglos funktioniert &#8211; und das Projekt w\u00e4re ohne gegenseitigen Respekt (den ich den \u00e4lteren Fachkollegen und meinen j\u00fcngeren Mitarbeitern entgegen brachte) nicht so zu realisieren gewesen.<\/p>\n<p>Unter dem Strich: Ich denke, ohne Respekt und mit verh\u00e4rteten Positionen geht es nicht. Auch \u00fcberzogene Extrempositionen, die man von Generation Z immer mal wieder liest (die Erwartungshaltung, mit Tiktok-Videos reich und ber\u00fchmt zu werden, wird nat\u00fcrlich von sozialen Medien bei den jungen Leuten gesch\u00fcrt), werden nicht funktionieren.<\/p>\n<p>Da ich mich seit Jahren in diesem Bereich der \"Influencer\" bewege (obwohl ich mich nicht so sehe), wei\u00df ich, dass erfolgreiche Vertreter im Social Media-Bereich clevere Gesch\u00e4ftsleute sein m\u00fcssen. Da bleibt dann wenig von \"mach mal mit deinem Handy ein lustiges Video und kassiere schnell deinen Millionen\". Auch wenn ich oft nichts mit bestimmten Social Media-Inhalten anfangen kann, vor den unternehmerischen F\u00e4higkeiten vieler dieser erfolgreichen Influencer ziehe ich unter diesem Gesichtspunkt meinen Hut.<\/p>\n<p>Und ich schaue mir unter diesem Blickwinkel auch schon mal Videos und Projekte der Gen Z-Vertreter an. Oft schie\u00dft dann der Gedanke \"Respekt, diese Ideen, Gedanken und F\u00e4higkeiten h\u00e4ttest Du in diesem Alter nicht gehabt\" durch den Kopf. Unter dem Aspekt finde ich es spannend, wie Generation Golf und Generation Y die F\u00e4higkeiten von Generation Z nu nutzen wissen und wie die Vertreter der letztgenannten Gruppe in den n\u00e4chsten Jahren durchs Leben kommen. Als Angeh\u00f6riger der Boomer-Generation ist es mein gr\u00f6\u00dftes Interesse, dass die Potentiale freigesetzt werden &#8211; denn irgendwo muss f\u00fcr \"unsere Generation\" die Rente der n\u00e4chsten Jahre erwirtschaftet werden &#8211; womit ich es noch geschafft habe, den Kreis hier zum Blog f\u00fcr die \"\u00dcber 50 J\u00e4hrigen\" zu schlagen.<\/p>\n<p><strong>\u00c4hnliche Artikel:<br \/>\n<\/strong><a href=\"https:\/\/borncity.eu\/senioren\/2021\/05\/17\/der-jung-soll-was-anstndiges-lernen\/\">Jung soll was anst\u00e4ndiges lernen<\/a><br \/>\n<a href=\"https:\/\/borncity.eu\/senioren\/?p=16713\">Meine \u201eSchrauberjahre\"-Teil 1: Der F\u00fchrerschein \u2026<\/a><br \/>\n<a href=\"https:\/\/borncity.eu\/senioren\/?p=16723\">Meine \u201eSchrauberjahre\"-Teil 2: Das neue Moped \u2026<\/a><br \/>\n<a href=\"https:\/\/borncity.eu\/senioren\/?p=16732\">Meine \u201eSchrauberjahre\"-Teil 3: Ein Auto wird gebraucht \u2026<\/a><br \/>\n<a href=\"https:\/\/borncity.eu\/senioren\/2021\/06\/24\/mein-r4-und-der-erste-urlaub-in-holland\/\" rel=\"bookmark\">Mein R4 und der erste Urlaub in Holland<\/a><br \/>\n<a href=\"https:\/\/borncity.eu\/senioren\/2021\/09\/03\/mein-datsun-cherry-sportcoup-und-lastwagen-in-einem\/\">Mein Datsun Cherry: Sportcoup\u00e9 und Lastwagen in einem<\/a><br \/>\n<a href=\"https:\/\/borncity.eu\/senioren\/2021\/12\/08\/mein-autodealer-frs-leben\/\">Mein Autodealer f\u00fcrs Leben<\/a><br \/>\n<a href=\"https:\/\/borncity.eu\/senioren\/2021\/11\/24\/fast-wre-ich-papst-geworden\/\" rel=\"bookmark\">Lebenslinien: Fast w\u00e4re ich Papst geworden<\/a><\/p>\n<p><a title=\"https:\/\/borncity.eu\/senioren\/2021\/04\/22\/ich-pseudo-rentner\/\" href=\"https:\/\/borncity.eu\/senioren\/2021\/04\/22\/ich-pseudo-rentner\/\">Ich Pseudo-Rentner \u2026<\/a><br \/>\n<a href=\"https:\/\/borncity.eu\/senioren\/2021\/05\/07\/abenteuer-covid-19-impfung-wenn-borns-geimpft-werden\/\">Abenteuer COVID-19-Impfung: Wenn Borns geimpft werden<\/a><br \/>\n<a href=\"https:\/\/borncity.eu\/senioren\/2020\/09\/21\/heckenschnitt-ich-habe-den-reinhard-mey-gemacht\/\">Heckenschnitt: Ich habe den Reinhard Mey gemacht \u2026<\/a><br \/>\n<a href=\"https:\/\/borncity.eu\/senioren\/2020\/08\/26\/der-ritter-der-heckenschere-der-lavendel-schnitt\/\">Der Ritter der Heckenschere: Der Lavendel-Schnitt<\/a><br \/>\n<a href=\"https:\/\/borncity.eu\/senioren\/2019\/12\/19\/schuhkauf\/\">Der Schuhkauf \u2026<\/a><br \/>\n<a href=\"https:\/\/borncity.eu\/senioren\/2017\/07\/26\/gesunde-bewegung-der-kauf-der-barfuschuhe\/\">Gesunde Bewegung: Der Kauf der Barfu\u00dfschuhe<\/a><br \/>\n<a href=\"https:\/\/borncity.eu\/senioren\/2020\/07\/28\/ich-hab-die-marie-kondo-gemacht\/\">Ich hab die Marie Kond\u014d gemacht \u2026 Teil 1<\/a><br \/>\n<a href=\"https:\/\/borncity.eu\/senioren\/2020\/07\/29\/ich-hab-die-marie-kondo-gemacht-teil-2\/\">Ich hab die Marie Kond\u014d gemacht \u2026 Teil 2<\/a><br \/>\n<a href=\"https:\/\/borncity.eu\/senioren\/2020\/07\/30\/ich-hab-die-marie-kondo-gemacht-teil-3\/\">Ich hab die Marie Kond\u014d gemacht \u2026 Teil 3<\/a><strong><br \/>\n<\/strong><br \/>\n<a href=\"https:\/\/borncity.eu\/senioren\/2020\/07\/24\/sommer-sonne-boule-kugeln-und-die-grne-fee\/\">Sommer, Sonne, Boule-Kugeln und ein Pastis \u2026<\/a><br \/>\n<a href=\"https:\/\/borncity.eu\/senioren\/2020\/08\/31\/sommer-sonne-mann-braucht-grill\/\">Sommer, Sonne: Mann braucht Grill \u2026<\/a><\/p>\n","protected":false},"excerpt":{"rendered":"<p>Aktuell gibt es ja immer wieder Meldungen in den Medien \u00fcber Anspr\u00fcche der sogenannten \"Generation-Z\" die gerade ins Berufsleben starten. Das f\u00fchrt zu hitzigen und kontroversen Diskussionen \"die sollen erst mal arbeiten\". Gerade ist mir ein passendes Interview von Isabell &hellip; <a href=\"https:\/\/borncity.eu\/senioren\/2024\/01\/04\/generationenkonflikt-boomer-generation-golf-und-generation-z\/\">Weiterlesen <span class=\"meta-nav\">&rarr;<\/span><\/a><\/p>\n","protected":false},"author":1,"featured_media":0,"comment_status":"open","ping_status":"closed","sticky":false,"template":"","format":"standard","meta":{"footnotes":""},"categories":[1],"tags":[168],"class_list":["post-24041","post","type-post","status-publish","format-standard","hentry","category-allgemein","tag-allgemein"],"_links":{"self":[{"href":"https:\/\/borncity.eu\/senioren\/wp-json\/wp\/v2\/posts\/24041","targetHints":{"allow":["GET"]}}],"collection":[{"href":"https:\/\/borncity.eu\/senioren\/wp-json\/wp\/v2\/posts"}],"about":[{"href":"https:\/\/borncity.eu\/senioren\/wp-json\/wp\/v2\/types\/post"}],"author":[{"embeddable":true,"href":"https:\/\/borncity.eu\/senioren\/wp-json\/wp\/v2\/users\/1"}],"replies":[{"embeddable":true,"href":"https:\/\/borncity.eu\/senioren\/wp-json\/wp\/v2\/comments?post=24041"}],"version-history":[{"count":10,"href":"https:\/\/borncity.eu\/senioren\/wp-json\/wp\/v2\/posts\/24041\/revisions"}],"predecessor-version":[{"id":26363,"href":"https:\/\/borncity.eu\/senioren\/wp-json\/wp\/v2\/posts\/24041\/revisions\/26363"}],"wp:attachment":[{"href":"https:\/\/borncity.eu\/senioren\/wp-json\/wp\/v2\/media?parent=24041"}],"wp:term":[{"taxonomy":"category","embeddable":true,"href":"https:\/\/borncity.eu\/senioren\/wp-json\/wp\/v2\/categories?post=24041"},{"taxonomy":"post_tag","embeddable":true,"href":"https:\/\/borncity.eu\/senioren\/wp-json\/wp\/v2\/tags?post=24041"}],"curies":[{"name":"wp","href":"https:\/\/api.w.org\/{rel}","templated":true}]}}