{"id":24392,"date":"2024-03-11T00:27:14","date_gmt":"2024-03-10T23:27:14","guid":{"rendered":"https:\/\/borncity.com\/senioren\/?p=24392"},"modified":"2024-03-04T22:01:36","modified_gmt":"2024-03-04T21:01:36","slug":"gab-es-in-der-altsteinzeit-vor-40-000-jahren-schon-kalender","status":"publish","type":"post","link":"https:\/\/borncity.eu\/senioren\/2024\/03\/11\/gab-es-in-der-altsteinzeit-vor-40-000-jahren-schon-kalender\/","title":{"rendered":"Gab es in der Altsteinzeit vor 40.000 Jahren schon Kalender?"},"content":{"rendered":"<p>Es ist ein Streit zwischen Wissenschaftlern. Es geht um die Frage, ob es in der sogenannten Altsteinzeit vor 40.000 Jahren schon Kalender gab? Manche Forscher deuten Punktreihen und \u00e4hnliche Markierungen als Monatsangaben, w\u00e4hrend andere Forscher das als \"Humbug\" zur\u00fcckweisen.<\/p>\n<p><!--more--><\/p>\n<p>Ich selbst habe da keine Meinung zu, fand das Thema aber faszinierend, als ich k\u00fcrzlich durch Zufall auf den Beitrag\u00a0<a href=\"https:\/\/www.nzz.ch\/wissenschaft\/archaeologie-gab-es-in-der-altsteinzeit-schon-kalender-ld.1726662\" target=\"_blank\" rel=\"noopener\">Eine Frage der Zeit: F\u00fchrten die Menschen schon vor 40 000 Jahren Kalender?<\/a> in der Neue Z\u00fcricher Zeitung (NZZ) stie\u00df.<\/p>\n<p>Es dreht sich alles um die Frage, seit wann die Menschheit so etwas wie einen Kalender kennt. Die alten \u00c4gypter kannten den Kalender und auch die Babylonier &#8211; selbst die Himmelsscheibe von Nebra wird als Kalender interpretiert. Auch Megalith-Bauwerke wie Stonehenge werden als riesige Kalender interpretiert.<\/p>\n<p>Dem NZZ-Artikel nach sollen die M\u00f6glichkeiten der Menschen, die Jahreszeiten und Monate zu bestimmen, bis ins Jungpal\u00e4olithikum, vor 40.000 Jahren, zur\u00fcckreichen. Damals, so die Wissenschaft, zogen noch J\u00e4ger und Sammler auf der Erde umher.<\/p>\n<p>Wissenschaftler haben die Steinbilder in diversen H\u00f6hlen Europas\u00a0<a href=\"https:\/\/www.cambridge.org\/core\/journals\/cambridge-archaeological-journal\/article\/an-upper-palaeolithic-protowriting-system-and-phenological-calendar\/6F2AD8A705888F2226FE857840B4FE19\" target=\"_blank\" rel=\"noopener\">analysiert<\/a>. In mindestens 400 europ\u00e4ischen H\u00f6hlen wie Lascaux, Chauvet und Altamira zeichneten, malten und gravierten Gruppen des Homo sapiens aus dem Jungpal\u00e4olithikum ab etwa 42.000 vor unserer Zeit nicht-figurative Zeichen und ab vor etwa 37.000 Jahren figurative Bilder (vor allem Tiere).<\/p>\n<p>Seit ihrer Entdeckung vor ca. 150 Jahren ist der Zweck bzw. die Bedeutung der nicht-figurativen Zeichen des europ\u00e4ischen Jungpal\u00e4olithikums den Forschern ein R\u00e4tsel.<\/p>\n<p>Trotzdem gehen Fachleute davon aus, dass sie in irgendeiner Weise als Notation dienten. Anhand einer Bilddatenbank, die das europ\u00e4ische Jungpal\u00e4olithikum abdeckt, schlagen wir vor, wie drei der am h\u00e4ufigsten vorkommenden Zeichen &#8211; der Strich &lt;|&gt;, der Punkt &lt;-&gt; und das &lt;Y&gt; &#8211; als Kommunikationseinheiten fungierten.<\/p>\n<p>Die Wissenschaftler zeigen in ihrem Artikel, dass die Linie &lt;|&gt; und der Punkt &lt;-&gt;, wenn sie in enger Verbindung mit Tierdarstellungen gefunden werden, Zahlen darstellen, die Monate bezeichnen, und Bestandteile eines lokalen ph\u00e4nologischen\/meteorologischen Kalenders sind, der im Fr\u00fchling beginnt und die Zeit ab diesem Zeitpunkt in Mondmonaten aufzeichnet.<\/p>\n<p>Die Wissenschaftler zeigen auch, dass das Zeichen &lt;Y&gt;, eines der am h\u00e4ufigsten vorkommenden Zeichen in der nicht-figurativen Kunst des Pal\u00e4olithikums, die Bedeutung &lt;Geb\u00e4ren&gt; hat. Die Position des &lt;Y&gt; innerhalb einer Zeichenfolge bezeichnet den Monat der Geburt, eine ordinale Darstellung der Zahl im Gegensatz zur kardinalen Darstellung, die in Tallies verwendet wird.<\/p>\n<p>Die Daten der Wissenschaftler deuten darauf hin, dass der Zweck dieses Systems der Zuordnung von Tieren zu Kalenderinformationen darin bestand, saisonale Verhaltensinformationen \u00fcber bestimmte Beutetaxa in den betreffenden geografischen Regionen zu erfassen und zu \u00fcbermitteln.<\/p>\n<p>Die Wissenschaftler schlagen eine spezifische Art und Weise vor, in der die Paarung von Zahlen mit Tiermotiven eine vollst\u00e4ndige Bedeutungseinheit bildete &#8211; ein Notationssystem in Verbindung mit seinem Gegenstand -, die uns einen spezifischen Einblick in die Bedeutung eines Satzes von Notationszeichen gibt.<\/p>\n<p>Damit erhalte man eine erste spezifische Lesart der europ\u00e4ischen oberpal\u00e4olithischen Kommunikation, der ersten bekannten Schrift in der Geschichte des Homo sapiens. Und das Ganze kann ein Kalendersystem sein, so der Schluss. Details lassen sich im <a href=\"https:\/\/www.nzz.ch\/wissenschaft\/archaeologie-gab-es-in-der-altsteinzeit-schon-kalender-ld.1726662\" target=\"_blank\" rel=\"noopener\">NZZ-Artikel<\/a> sowie in der <a href=\"https:\/\/www.cambridge.org\/core\/journals\/cambridge-archaeological-journal\/article\/an-upper-palaeolithic-protowriting-system-and-phenological-calendar\/6F2AD8A705888F2226FE857840B4FE19\" target=\"_blank\" rel=\"noopener\">Ver\u00f6ffentlichung<\/a> der Forscher (Englisch) nachlesen.<\/p>\n","protected":false},"excerpt":{"rendered":"<p>Es ist ein Streit zwischen Wissenschaftlern. Es geht um die Frage, ob es in der sogenannten Altsteinzeit vor 40.000 Jahren schon Kalender gab? Manche Forscher deuten Punktreihen und \u00e4hnliche Markierungen als Monatsangaben, w\u00e4hrend andere Forscher das als \"Humbug\" zur\u00fcckweisen.<\/p>\n","protected":false},"author":1,"featured_media":0,"comment_status":"open","ping_status":"closed","sticky":false,"template":"","format":"standard","meta":{"footnotes":""},"categories":[690],"tags":[207],"class_list":["post-24392","post","type-post","status-publish","format-standard","hentry","category-wissenschaft","tag-wissenschaft"],"_links":{"self":[{"href":"https:\/\/borncity.eu\/senioren\/wp-json\/wp\/v2\/posts\/24392","targetHints":{"allow":["GET"]}}],"collection":[{"href":"https:\/\/borncity.eu\/senioren\/wp-json\/wp\/v2\/posts"}],"about":[{"href":"https:\/\/borncity.eu\/senioren\/wp-json\/wp\/v2\/types\/post"}],"author":[{"embeddable":true,"href":"https:\/\/borncity.eu\/senioren\/wp-json\/wp\/v2\/users\/1"}],"replies":[{"embeddable":true,"href":"https:\/\/borncity.eu\/senioren\/wp-json\/wp\/v2\/comments?post=24392"}],"version-history":[{"count":4,"href":"https:\/\/borncity.eu\/senioren\/wp-json\/wp\/v2\/posts\/24392\/revisions"}],"predecessor-version":[{"id":24396,"href":"https:\/\/borncity.eu\/senioren\/wp-json\/wp\/v2\/posts\/24392\/revisions\/24396"}],"wp:attachment":[{"href":"https:\/\/borncity.eu\/senioren\/wp-json\/wp\/v2\/media?parent=24392"}],"wp:term":[{"taxonomy":"category","embeddable":true,"href":"https:\/\/borncity.eu\/senioren\/wp-json\/wp\/v2\/categories?post=24392"},{"taxonomy":"post_tag","embeddable":true,"href":"https:\/\/borncity.eu\/senioren\/wp-json\/wp\/v2\/tags?post=24392"}],"curies":[{"name":"wp","href":"https:\/\/api.w.org\/{rel}","templated":true}]}}