{"id":24616,"date":"2024-04-30T00:02:33","date_gmt":"2024-04-29T22:02:33","guid":{"rendered":"https:\/\/borncity.com\/senioren\/?p=24616"},"modified":"2024-04-29T23:12:03","modified_gmt":"2024-04-29T21:12:03","slug":"fruehling-im-palmengarten-frankfurt-alzaleen-und-rododendronbluete-2024","status":"publish","type":"post","link":"https:\/\/borncity.eu\/senioren\/2024\/04\/30\/fruehling-im-palmengarten-frankfurt-alzaleen-und-rododendronbluete-2024\/","title":{"rendered":"Fr\u00fchling im Palmengarten Frankfurt: Alzaleen- und Rododendronbl\u00fcte 2024"},"content":{"rendered":"<p><img decoding=\"async\" style=\"float: left; margin: 0px 10px 0px 0px; display: inline;\" title=\"Rhododendron\" src=\"https:\/\/web.archive.org\/web\/20191202113139\/https:\/\/d03.imgup.net\/Klein43f1.jpg\" alt=\"Rhododendron\" \/>Momentan ist es wieder so weit &#8211; denn in Frankfurts Palmengarten sind die Alzaleen und die Rododendren am bl\u00fchen. Wobei es eine mehrw\u00fcrdige Situation ist &#8211; manche der B\u00fcsche sind sogar bereits verbl\u00fcht, w\u00e4hrend andere B\u00fcsche noch unge\u00f6ffnete Knospen tragen. Am gestrigen Montag, den 29. April 2024 habe ich die Gelegenheit f\u00fcr einen Besuch des Palmengartens in Frankfurt\/Main genutzt.<\/p>\n<p><!--more-->Der <a href=\"https:\/\/www.palmengarten.de\/de\/index.html\" target=\"_blank\" rel=\"noopener\">Palmengarten<\/a> in Frankfurt geh\u00f6rt mit 22 Hektar Fl\u00e4che zu den gr\u00f6\u00dften botanischen G\u00e4rten Deutschlands. Namensgeber ist das Palmenhaus mit seinen Exponaten aus tropischen Gefilden. Aber auch andere in Glaskuppeln zu besichtigende Exponate, wie das Tropicarium, das W\u00fcstenhaus, das Subantarktishaus etc., sind einen Besuch wert. Speziell am 1. Mai oder am Br\u00fcckentag d\u00fcrfte es sich lohnen.<\/p>\n<p>Da gibt es den\u00a0Steingarten mit dem angrenzenden See (samt\u00a0<a href=\"http:\/\/www.palmen-boote.de\/\" target=\"_blank\" rel=\"noopener noreferrer\">Bootsverleih<\/a>) und auf den ausgedehnten Rasenfl\u00e4chen k\u00f6nnen Familien mit ihren Kindern \u2013 mitten in der Stadt \u2013 den Tag im Gr\u00fcnen verbringen. Ende April bis Mitte Mai bl\u00fchen die Azaleen und Rhododendron-Str\u00e4ucher im Palmengarten.<\/p>\n<p>F\u00fcr mich muss ein Besuch im Palmengarten einmal im Jahr (meist im Mai zur Rhododendron-Bl\u00fcte) sein. Nachfolgend finden sich einige Foto-Impressionen von Besuchen.<\/p>\n<p><img loading=\"lazy\" decoding=\"async\" class=\"alignnone\" title=\"Rhododendren im Palmengarten\" src=\"https:\/\/i.postimg.cc\/3N5kNQJK\/image.png\" alt=\"Rhododendren im Palmengarten\" width=\"640\" height=\"464\" \/><br \/>\nRhododendren im Palmengarten, 19.5.2023<\/p>\n<p>Obiges Foto zeigt den Blick \u00fcber den Teich in den Bereich, in dem Azaleen und Rhododendren bl\u00fchen. Nachfolgend noch der gleiche Bereich mit der Skyline der Stadt im Hintergrund.<\/p>\n<p><img loading=\"lazy\" decoding=\"async\" class=\"alignnone\" title=\"Palmengarten mit Skyline, 19.5.2023\" src=\"https:\/\/i.postimg.cc\/9Mx8Z2nj\/image.png\" alt=\"Palmengarten mit Skyline, 19.5.2023\" width=\"640\" height=\"350\" \/><br \/>\nPalmengarten mit Skyline, 19.5.2023<\/p>\n<p>Hier eine Nahaufnahme von bl\u00fchenden Azaleen &#8230; wobei einige Sorten bereits verbl\u00fcht waren.<\/p>\n<p><img loading=\"lazy\" decoding=\"async\" class=\"alignnone\" title=\"https:\/\/i.postimg.cc\/xdGf5N0S\/image.png\" src=\"https:\/\/i.postimg.cc\/xdGf5N0S\/image.png\" alt=\"Azaleen im Palmengarten\" width=\"600\" height=\"800\" \/><br \/>\nAzaleen im Palmengarten; 19.5.2023<\/p>\n<p>Begeistern kann ich mich aber f\u00fcr die Bl\u00fcten des Rhododendron, wie\u00a0 in nachfolgendem Foto &#8211; Wetter passte auch.<\/p>\n<p><img loading=\"lazy\" decoding=\"async\" class=\"alignnone\" title=\"Rhododendron-Bl\u00fcten im Palmengarten\" src=\"https:\/\/i.postimg.cc\/8C622cbw\/image.png\" alt=\"Rhododendron-Bl\u00fcten im Palmengarten\" width=\"480\" height=\"640\" \/><br \/>\nRhododendron-Bl\u00fcten im Palmengarten, 29.4.2024<\/p>\n<p>Einfach herrlich, die Zeichnung in dieser wei\u00dfen Rhododendron-Bl\u00fcte (obiges Foto oder nachfolgendes Foto).<\/p>\n<p><img loading=\"lazy\" decoding=\"async\" class=\"alignnone\" title=\"Einfach herrlich, die Zeichnung in dieser Rohododendron-Bl\u00fcte\" src=\"https:\/\/i.postimg.cc\/XJzYBSjZ\/image.png\" alt=\"Einfach herrlich, die Zeichnung in dieser Rohododendron-Bl\u00fcte\" width=\"640\" height=\"480\" \/>Rhododendron-Bl\u00fcte; Palmengarten 19.5.2023<\/p>\n<p>\u00c4hnliches gibt es bei dieser Sorte auch in Gelb &#8230;<\/p>\n<p><img loading=\"lazy\" decoding=\"async\" class=\"alignnone\" title=\"Rhododendron-Bl\u00fcte; Palmengarten 19.5.2023\" src=\"https:\/\/i.postimg.cc\/5NNqB8S8\/image.png\" alt=\"Rhododendron-Bl\u00fcte; Palmengarten 19.5.2023\" width=\"480\" height=\"640\" \/><br \/>\nRhododendron-Bl\u00fcte; Palmengarten 19.5.2023<\/p>\n<p>Oder wie hier eine rosa Rhododendron-Bl\u00fcte mit roter Zeichnung &#8211; einfach wundersch\u00f6n.<\/p>\n<p><img loading=\"lazy\" decoding=\"async\" class=\"alignnone\" title=\"Rhododendron-Bl\u00fcte; Palmengarten 19.5.2023\" src=\"https:\/\/i.postimg.cc\/bvsqkVs4\/image.png\" alt=\"Rhododendron-Bl\u00fcte; Palmengarten 19.5.2023\" width=\"480\" height=\"640\" \/><br \/>\nRhododendron-Bl\u00fcte; Palmengarten 19.5.2023<\/p>\n<p><img decoding=\"async\" src=\"https:\/\/i.postimg.cc\/pV5BKSZN\/image.png\" alt=\"Rhododendron-Bl\u00fcte; Palmengarten 29.4.2024\" \/>Rhododendron-Bl\u00fcte; PPalmengarten 29.4.2024<\/p>\n<p>Auf der Mauer auf der Lauer &#8230; liegen Schildkr\u00f6ten und sonnen sich im Teich des Palmengartens.<\/p>\n<p><img loading=\"lazy\" decoding=\"async\" class=\"alignnone\" title=\"Schildkr\u00f6ten, Palmengarten 19.5.2023\" src=\"https:\/\/i.postimg.cc\/rmT0jLxK\/image.png\" alt=\"Schildkr\u00f6ten, Palmengarten 19.5.2023\" width=\"640\" height=\"608\" \/><br \/>\nSchildkr\u00f6ten, Palmengarten 19.5.2023<\/p>\n<p><img loading=\"lazy\" decoding=\"async\" class=\"alignnone\" title=\"Blick auf den Fernsehturm; Palmengarten 19.5.2023\" src=\"https:\/\/i.postimg.cc\/htzNbXLP\/image.png\" alt=\"Blick auf den Fernsehturm; Palmengarten 19.5.2023\" width=\"640\" height=\"480\" \/><br \/>\nBlick auf den Fernsehturm; Palmengarten 19.5.2023<\/p>\n<p>Ein paar Foto-Impressionen von einem Besuch 2016 finden sich auch noch dr\u00fcben in meinem Reiseblog im Beitrag <a href=\"http:\/\/borncity.com\/reisen\/2016\/05\/22\/palmengarten-frankfurtmain\/\" target=\"_blank\" rel=\"noopener\">Palmengarten Frankfurt\/Main<\/a>.<\/p>\n","protected":false},"excerpt":{"rendered":"<p>Momentan ist es wieder so weit &#8211; denn in Frankfurts Palmengarten sind die Alzaleen und die Rododendren am bl\u00fchen. Wobei es eine mehrw\u00fcrdige Situation ist &#8211; manche der B\u00fcsche sind sogar bereits verbl\u00fcht, w\u00e4hrend andere B\u00fcsche noch unge\u00f6ffnete Knospen tragen. &hellip; <a href=\"https:\/\/borncity.eu\/senioren\/2024\/04\/30\/fruehling-im-palmengarten-frankfurt-alzaleen-und-rododendronbluete-2024\/\">Weiterlesen <span class=\"meta-nav\">&rarr;<\/span><\/a><\/p>\n","protected":false},"author":1,"featured_media":0,"comment_status":"open","ping_status":"closed","sticky":false,"template":"","format":"standard","meta":{"footnotes":""},"categories":[18,13],"tags":[19,119],"class_list":["post-24616","post","type-post","status-publish","format-standard","hentry","category-foto","category-natur","tag-foto","tag-natur"],"_links":{"self":[{"href":"https:\/\/borncity.eu\/senioren\/wp-json\/wp\/v2\/posts\/24616","targetHints":{"allow":["GET"]}}],"collection":[{"href":"https:\/\/borncity.eu\/senioren\/wp-json\/wp\/v2\/posts"}],"about":[{"href":"https:\/\/borncity.eu\/senioren\/wp-json\/wp\/v2\/types\/post"}],"author":[{"embeddable":true,"href":"https:\/\/borncity.eu\/senioren\/wp-json\/wp\/v2\/users\/1"}],"replies":[{"embeddable":true,"href":"https:\/\/borncity.eu\/senioren\/wp-json\/wp\/v2\/comments?post=24616"}],"version-history":[{"count":2,"href":"https:\/\/borncity.eu\/senioren\/wp-json\/wp\/v2\/posts\/24616\/revisions"}],"predecessor-version":[{"id":24618,"href":"https:\/\/borncity.eu\/senioren\/wp-json\/wp\/v2\/posts\/24616\/revisions\/24618"}],"wp:attachment":[{"href":"https:\/\/borncity.eu\/senioren\/wp-json\/wp\/v2\/media?parent=24616"}],"wp:term":[{"taxonomy":"category","embeddable":true,"href":"https:\/\/borncity.eu\/senioren\/wp-json\/wp\/v2\/categories?post=24616"},{"taxonomy":"post_tag","embeddable":true,"href":"https:\/\/borncity.eu\/senioren\/wp-json\/wp\/v2\/tags?post=24616"}],"curies":[{"name":"wp","href":"https:\/\/api.w.org\/{rel}","templated":true}]}}