{"id":2467,"date":"2017-02-12T01:10:00","date_gmt":"2017-02-12T00:10:00","guid":{"rendered":"http:\/\/borncity.com\/senioren\/?p=2467"},"modified":"2024-10-01T13:02:53","modified_gmt":"2024-10-01T11:02:53","slug":"wetterfhligkeit","status":"publish","type":"post","link":"https:\/\/borncity.eu\/senioren\/2017\/02\/12\/wetterfhligkeit\/","title":{"rendered":"Wetterf&uuml;hligkeit"},"content":{"rendered":"<p><img loading=\"lazy\" decoding=\"async\" title=\"Gesundheit\" style=\"float: left; margin: 0px 10px 0px 0px; display: inline\" border=\"0\" alt=\"Gesundheit\" src=\"http:\/\/www.borncity.com\/blog\/wp-content\/uploads\/2016\/06\/Gesundheit-2.jpg\" width=\"60\" align=\"left\" height=\"56\">Wenn das Wetter umschl\u00e4gt, macht sich dies bei manchen Menschen bemerkbar. Im Volksmund ist von Wetterf\u00fchligkeit die Rede. Neueste Studien verweisen dies ins Reich der Mythen \u2013 aber so mancher Zeitgenossen wei\u00df da anderes zu berichten. <\/p>\n<p><!--more--><\/p>\n<p>Der menschliche K\u00f6rper muss auf jeden Wetterumschwung reagieren. Wird es k\u00e4lter, ziehen sich die Blutgef\u00e4\u00dfe zusammen. Und bei Hitze beginnt man zu schwitzen. Diese Effekte kennt wohl Jeder. Gesundheitliche Risiken hat dies erst einmal nicht. Dieser <a href=\"http:\/\/www.spiegel.de\/gesundheit\/diagnose\/wetter-was-der-temperatur-wechsel-im-koerper-bewirkt-a-1109019.html\" target=\"_blank\" rel=\"noopener\">Spiegel Online-Artikel<\/a> setzt sich damit auseinander, was bei Wetterwechseln im K\u00f6rper passiert. <\/p>\n<p>Aber was ist mit der Wetterf\u00fchligkeit? Pers\u00f6nlich kann ich nur anmerken: Ich kenne das. Bei Regen, K\u00e4lteeinbr\u00fcchen oder Hitzewellen macht mein Nervensystem Stress und es geht mir wesentlich schlechter als in Phasen mit moderaten Temperaturen und Sonnenschein. <\/p>\n<p><img decoding=\"async\" title=\"Wetter\" alt=\"Wetter\" src=\"https:\/\/web.archive.org\/web\/20200714235927\/https:\/\/f62.imgup.net\/Sonnenblum7d92.jpg\"> <\/p>\n<p>Stimmt alles nicht, zumindest, wenn es um Schmerzen im R\u00fccken oder im Knie als Folge von Wetter\u00e4nderungen geht. Das behaupten jedenfalls zwei Studien, die Wissenschaftler in Australien ver\u00f6ffentlicht haben (die Ergebnisse lassen sich bei <a href=\"http:\/\/www.spiegel.de\/gesundheit\/diagnose\/wetterfuehligkeit-verschlimmern-kaelte-und-regen-rueckenschmerzen-a-1129500.html\" target=\"_blank\" rel=\"noopener\">Spiegel Online<\/a> nachlesen). Dem steht aber die Erkenntnis vieler Menschen und Mediziner entgegen, dass Patienten verst\u00e4rkt \u00fcber wetterinduzierte Schmerzen klagen. Ich erinnere an meinen Artikel <a href=\"https:\/\/borncity.eu\/senioren\/2016\/09\/22\/wetterfhligkeit-und-schmerz-jetzt-wissenschaftlich-erforscht\/\">Wetterf\u00fchligkeit und Schmerz \u2013 jetzt wissenschaftlich erforscht<\/a> vom Herbst 2016. Das Ph\u00e4nomen der Wetterempfindlichkeit wird von dem Mediziner Will Dixon von der University of Manchester im Projekt \u201e<a href=\"https:\/\/web.archive.org\/web\/20231226043819\/https:\/\/www.cloudywithachanceofpain.com\/the-project\" target=\"_blank\" rel=\"noopener\">Cloudy with a Chance of Pain<\/a>\" untersucht. Wie sind Ihre Erfahrungen bez\u00fcglich Wetterf\u00fchligkeit?<\/p>\n","protected":false},"excerpt":{"rendered":"<p>Wenn das Wetter umschl\u00e4gt, macht sich dies bei manchen Menschen bemerkbar. Im Volksmund ist von Wetterf\u00fchligkeit die Rede. Neueste Studien verweisen dies ins Reich der Mythen \u2013 aber so mancher Zeitgenossen wei\u00df da anderes zu berichten.<\/p>\n","protected":false},"author":1,"featured_media":0,"comment_status":"open","ping_status":"open","sticky":false,"template":"","format":"standard","meta":{"footnotes":""},"categories":[32],"tags":[83],"class_list":["post-2467","post","type-post","status-publish","format-standard","hentry","category-gesundheit","tag-gesundheit"],"_links":{"self":[{"href":"https:\/\/borncity.eu\/senioren\/wp-json\/wp\/v2\/posts\/2467","targetHints":{"allow":["GET"]}}],"collection":[{"href":"https:\/\/borncity.eu\/senioren\/wp-json\/wp\/v2\/posts"}],"about":[{"href":"https:\/\/borncity.eu\/senioren\/wp-json\/wp\/v2\/types\/post"}],"author":[{"embeddable":true,"href":"https:\/\/borncity.eu\/senioren\/wp-json\/wp\/v2\/users\/1"}],"replies":[{"embeddable":true,"href":"https:\/\/borncity.eu\/senioren\/wp-json\/wp\/v2\/comments?post=2467"}],"version-history":[{"count":1,"href":"https:\/\/borncity.eu\/senioren\/wp-json\/wp\/v2\/posts\/2467\/revisions"}],"predecessor-version":[{"id":26378,"href":"https:\/\/borncity.eu\/senioren\/wp-json\/wp\/v2\/posts\/2467\/revisions\/26378"}],"wp:attachment":[{"href":"https:\/\/borncity.eu\/senioren\/wp-json\/wp\/v2\/media?parent=2467"}],"wp:term":[{"taxonomy":"category","embeddable":true,"href":"https:\/\/borncity.eu\/senioren\/wp-json\/wp\/v2\/categories?post=2467"},{"taxonomy":"post_tag","embeddable":true,"href":"https:\/\/borncity.eu\/senioren\/wp-json\/wp\/v2\/tags?post=2467"}],"curies":[{"name":"wp","href":"https:\/\/api.w.org\/{rel}","templated":true}]}}