{"id":26214,"date":"2024-09-28T00:05:30","date_gmt":"2024-09-27T22:05:30","guid":{"rendered":"https:\/\/borncity.com\/senioren\/?p=26214"},"modified":"2024-09-26T19:26:41","modified_gmt":"2024-09-26T17:26:41","slug":"starb-der-neandertaler-durch-inzucht-aus","status":"publish","type":"post","link":"https:\/\/borncity.eu\/senioren\/2024\/09\/28\/starb-der-neandertaler-durch-inzucht-aus\/","title":{"rendered":"Starb der Neandertaler durch \"Inzucht\" aus?"},"content":{"rendered":"<p>Starben die Neandertaler vor ca. 40.000 Jahren aus, weil sie zu isoliert lebten und die genetische Vielfalt durch \"Inzucht\" reduziert wurde? Genau diesen Schluss legen neue wissenschaftliche Untersuchungen nahe.<\/p>\n<p><!--more--><\/p>\n<p>Der <a href=\"https:\/\/de.wikipedia.org\/wiki\/Neandertaler\" target=\"_blank\" rel=\"noopener\">Neandertaler<\/a> ist ein ausgestorbener Verwandter des anatomisch modernen Menschen. Er entwickelte sich in Europa, parallel zum Homo sapiens in Afrika, aus einem gemeinsamen afrikanischen Vorfahren der Gattung Homo \u2013 dem Homo erectus \u2013 und besiedelte zeitweise gro\u00dfe Teile S\u00fcd-, Mittel- und Osteuropas. Der Name leitet sich aus einem Tal bei D\u00fcsseldorf ab, wo der erste Knochen gefunden wurde.<\/p>\n<p>Die Frage war, warum die Menschenart der Neandertaler vor vielen Zehntausend Jahren ausstarb und nur der moderne Mensch \u00fcberlebte. In der <a href=\"https:\/\/de.wikipedia.org\/wiki\/Neandertaler#Aussterben\" target=\"_blank\" rel=\"noopener\">Wikipedia wird erw\u00e4hnt<\/a>, dass die Begr\u00fcndungen: Kriegerische Handlungen zwischen Neandertalern und modernen Menschen, Ver\u00e4nderungen der Umwelt, an die der Neandertaler sich nicht mehr anpassen konnte etc., werden kontrovers diskutiert.<\/p>\n<p>Eine neue <a href=\"https:\/\/www.sciencedirect.com\/science\/article\/pii\/S2666979X24001770\" target=\"_blank\" rel=\"noopener\">Studie<\/a> greift die Theorie der demografischen Dynamik der Neandertaler-Populationen auf und belegt diese. Die Theorie besagt, dass die geringe Gr\u00f6\u00dfe der lokalen Teilpopulationen und deren zu geringe Vernetzung mit anderen Teilpopulationen die Neandertaler anf\u00e4llig f\u00fcr <a title=\"Inzucht\" href=\"https:\/\/de.wikipedia.org\/wiki\/Inzucht\" target=\"_blank\" rel=\"noopener\">Inzucht<\/a>\u00a0gemacht habe.<\/p>\n<p>In der Studie wurde ein Neandertalerskelett, das 2015 in der Grotte Mandrin im Rh\u00f4netal in S\u00fcdfrankreich entdeckt worden ist, aus Ausgangspunkt verwendet. Aus der Wurzel eines Backenzahn gelang es, DNA des Neandertalers, der vor ca. 52.000 Jahren als eines der letzten Exemplar in dieser Region starb, zu extrahieren.<\/p>\n<p>Ludovic Slimak von der Universit\u00e4t Paul Sabatier in Toulouse (Frankreich) und Martin Sikora von der Universit\u00e4t Kopenhagen (D\u00e4nemark) haben sich dann die Ergebnisse der DNA-Analyse n\u00e4her angesehen.<\/p>\n<p>Genanalysen von \u00e4lteren Neandertaler-Funden zeigten, dass sich die Abstammungslinien von Neandertalern in Sibirien und anderen \u00f6stlichen Regionen von denen in Mittel- und Westeuropa vor 105.000 Jahren trennten.<\/p>\n<p>Die Analyse des vor ca. 52.000 Jahre verstorbenen Neandertalers zeigte, dass sich die DNA gegen\u00fcber den 105.000 Jahre alten Linien kaum ver\u00e4ndert hatte. Die DNA weist eine geringe Vielf\u00e4ltigkeit auf.<\/p>\n<p>Die Forscher werden so zitiert: \"Diese j\u00fcngsten Erkenntnisse legen in starkem Ma\u00dfe nahe, dass \u201eThorin\" eher etwa 42.000 als etwa 50.000 Jahre alt ist und dann einer der allerletzten Neandertaler in dieser Region war. Diese j\u00fcngsten Erkenntnisse legen in starkem Ma\u00dfe nahe, dass \u201eThorin\" eher etwa 42.000 als etwa 50.000 Jahre alt ist und dann einer der allerletzten Neandertaler in dieser Region war.\"<\/p>\n<p>Oder in Kurz: Die letzten Neandertaler lebten in kleinen, isolierten Gruppen, so dass es keinen Gen-Austausch mit anderen Populationen gab. Der moderne Mensch setzte, so die Erkenntnis der Wissenschaft, auf \"Paarungsnetzwerke\", wo Menschen aus entfernten Gruppen Verbindungen eingingen, aus denen Kinder abstammten.<\/p>\n<p>Dass sorgte beim modernen Menschen f\u00fcr genetische Vielfalt, w\u00e4hrend diese beim Neandertaler durch die Isolation und die sich ergebende Inzucht abnahm. Das ist dann wohl der Grund f\u00fcr das Aussterben gewesen, folgern die Wissenschaftler. Ich bin beim RND auf\u00a0<a href=\"https:\/\/www.rnd.de\/wissen\/neue-forschung-gibt-aufschluesse-zum-aussterben-der-neandertaler-QXCEMUIQUFGWDFUCYU7B6H4MQQ.html\" target=\"_blank\" rel=\"noopener\">dieser Artikel<\/a> auf das Thema gesto\u00dfen. Dort lassen sich noch einige Details nachlesen.<\/p>\n","protected":false},"excerpt":{"rendered":"<p>Starben die Neandertaler vor ca. 40.000 Jahren aus, weil sie zu isoliert lebten und die genetische Vielfalt durch \"Inzucht\" reduziert wurde? Genau diesen Schluss legen neue wissenschaftliche Untersuchungen nahe.<\/p>\n","protected":false},"author":1,"featured_media":0,"comment_status":"open","ping_status":"closed","sticky":false,"template":"","format":"standard","meta":{"footnotes":""},"categories":[690],"tags":[207],"class_list":["post-26214","post","type-post","status-publish","format-standard","hentry","category-wissenschaft","tag-wissenschaft"],"_links":{"self":[{"href":"https:\/\/borncity.eu\/senioren\/wp-json\/wp\/v2\/posts\/26214","targetHints":{"allow":["GET"]}}],"collection":[{"href":"https:\/\/borncity.eu\/senioren\/wp-json\/wp\/v2\/posts"}],"about":[{"href":"https:\/\/borncity.eu\/senioren\/wp-json\/wp\/v2\/types\/post"}],"author":[{"embeddable":true,"href":"https:\/\/borncity.eu\/senioren\/wp-json\/wp\/v2\/users\/1"}],"replies":[{"embeddable":true,"href":"https:\/\/borncity.eu\/senioren\/wp-json\/wp\/v2\/comments?post=26214"}],"version-history":[{"count":3,"href":"https:\/\/borncity.eu\/senioren\/wp-json\/wp\/v2\/posts\/26214\/revisions"}],"predecessor-version":[{"id":26216,"href":"https:\/\/borncity.eu\/senioren\/wp-json\/wp\/v2\/posts\/26214\/revisions\/26216"}],"wp:attachment":[{"href":"https:\/\/borncity.eu\/senioren\/wp-json\/wp\/v2\/media?parent=26214"}],"wp:term":[{"taxonomy":"category","embeddable":true,"href":"https:\/\/borncity.eu\/senioren\/wp-json\/wp\/v2\/categories?post=26214"},{"taxonomy":"post_tag","embeddable":true,"href":"https:\/\/borncity.eu\/senioren\/wp-json\/wp\/v2\/tags?post=26214"}],"curies":[{"name":"wp","href":"https:\/\/api.w.org\/{rel}","templated":true}]}}