{"id":26343,"date":"2024-09-30T00:02:07","date_gmt":"2024-09-29T22:02:07","guid":{"rendered":"https:\/\/borncity.com\/senioren\/?p=26343"},"modified":"2024-09-29T11:21:11","modified_gmt":"2024-09-29T09:21:11","slug":"jahrhundert-komet-c-2023-a3-im-anflug","status":"publish","type":"post","link":"https:\/\/borncity.eu\/senioren\/2024\/09\/30\/jahrhundert-komet-c-2023-a3-im-anflug\/","title":{"rendered":"Jahrhundert Komet C\/2023 A3 im Anflug"},"content":{"rendered":"<p>Momentan ist der Komet C\/2023 A3 in Sonnenn\u00e4he und k\u00f6nnte dieser Tage auch in Deutschland zu beobachten sein. Der Himmelsk\u00f6rper wird in den Medien als Jahrhundert-Komet bezeichnet.<\/p>\n<p><!--more--><\/p>\n<p>Entdeckt wurde<a href=\"https:\/\/de.wikipedia.org\/wiki\/C\/2023_A3_(Tsuchinshan-ATLAS)\" target=\"_blank\" rel=\"noopener\"> C\/2023 A3<\/a> (Tsuchinshan-ATLAS) am 9. Januar 2023 &#8211; den sonnenn\u00e4chsten Punkt hat et am 27. September 2024 erreicht. Der K\u00f6rper stammt wahrscheinlich aus der Oortchen Wolke und ben\u00f6tigt ca. 82.000 Jahre f\u00fcr einen Umlauf.<\/p>\n<p><img loading=\"lazy\" decoding=\"async\" src=\"https:\/\/i.postimg.cc\/3J63BjLH\/image.png\" alt=\"Komet C\/2023 A3 (Tsuchinshan-ATLAS)\" width=\"460\" height=\"323\" \/><br \/>\n<span class=\"mw-page-title-main\">Komet C\/2023 A3 (Tsuchinshan-ATLAS)<\/span><\/p>\n<p>Der Komet soll aktuell kurz vor Sonnenaufgang im S\u00fcdosten zu sehen sein. Ich habe am 29. September 2024 mal geschaut &#8211; war zuf\u00e4llig kurz wach. Aber es ist mir nicht gelungen, den Kometen zu finden. Entweder war ich zu sp\u00e4t, oder der Himmelsk\u00f6rper wurde von B\u00e4umen am Horizont verdeckt.<\/p>\n<p>Die Frankfurter Rundschau gibt in <a href=\"https:\/\/www.fr.de\/hessen\/polarlichter-einmal-im-leben-komet-2023-a3-hessen-frankfurt-himmel-nacht-wetter-wolken-zr-93327185.html\" target=\"_blank\" rel=\"noopener\">diesem Artikel<\/a> einige Tipps, wann der Himmelsk\u00f6rper am besten sichtbar ist.\u00a0 Ab Samstag, den 12. Oktober 2024 erreicht A3 seine k\u00fcrzeste Entfernung zur Erde. Dann d\u00fcrfte er eine Stunde nach Sonnenuntergang im Westen sichtbar werden. Auf der Webseite <a href=\"https:\/\/www.scinexx.de\/news\/kosmos\/heller-komet-im-morgengrauen-sichtbar\/\" target=\"_blank\" rel=\"noopener\">scinexx.de<\/a> sowie bei der <a href=\"https:\/\/www.sueddeutsche.de\/wissen\/komet-c-2023-a3-sichtbar-beobachten-lux.5wBKc59Mmz6cDRA6UYbXsi\" target=\"_blank\" rel=\"noopener\">S\u00fcddeutsche Zeitung<\/a> gibt es ebenfalls einige Hinweise.<\/p>\n<p>&nbsp;<\/p>\n","protected":false},"excerpt":{"rendered":"<p>Momentan ist der Komet C\/2023 A3 in Sonnenn\u00e4he und k\u00f6nnte dieser Tage auch in Deutschland zu beobachten sein. Der Himmelsk\u00f6rper wird in den Medien als Jahrhundert-Komet bezeichnet.<\/p>\n","protected":false},"author":1,"featured_media":0,"comment_status":"open","ping_status":"closed","sticky":false,"template":"","format":"standard","meta":{"footnotes":""},"categories":[13],"tags":[119],"class_list":["post-26343","post","type-post","status-publish","format-standard","hentry","category-natur","tag-natur"],"_links":{"self":[{"href":"https:\/\/borncity.eu\/senioren\/wp-json\/wp\/v2\/posts\/26343","targetHints":{"allow":["GET"]}}],"collection":[{"href":"https:\/\/borncity.eu\/senioren\/wp-json\/wp\/v2\/posts"}],"about":[{"href":"https:\/\/borncity.eu\/senioren\/wp-json\/wp\/v2\/types\/post"}],"author":[{"embeddable":true,"href":"https:\/\/borncity.eu\/senioren\/wp-json\/wp\/v2\/users\/1"}],"replies":[{"embeddable":true,"href":"https:\/\/borncity.eu\/senioren\/wp-json\/wp\/v2\/comments?post=26343"}],"version-history":[{"count":4,"href":"https:\/\/borncity.eu\/senioren\/wp-json\/wp\/v2\/posts\/26343\/revisions"}],"predecessor-version":[{"id":26347,"href":"https:\/\/borncity.eu\/senioren\/wp-json\/wp\/v2\/posts\/26343\/revisions\/26347"}],"wp:attachment":[{"href":"https:\/\/borncity.eu\/senioren\/wp-json\/wp\/v2\/media?parent=26343"}],"wp:term":[{"taxonomy":"category","embeddable":true,"href":"https:\/\/borncity.eu\/senioren\/wp-json\/wp\/v2\/categories?post=26343"},{"taxonomy":"post_tag","embeddable":true,"href":"https:\/\/borncity.eu\/senioren\/wp-json\/wp\/v2\/tags?post=26343"}],"curies":[{"name":"wp","href":"https:\/\/api.w.org\/{rel}","templated":true}]}}