{"id":27295,"date":"2024-12-22T00:09:06","date_gmt":"2024-12-21T23:09:06","guid":{"rendered":"https:\/\/borncity.com\/senioren\/?p=27295"},"modified":"2024-12-20T23:32:14","modified_gmt":"2024-12-20T22:32:14","slug":"vorfahr-der-saeugetiere-auf-mallorca-entdeckt","status":"publish","type":"post","link":"https:\/\/borncity.eu\/senioren\/2024\/12\/22\/vorfahr-der-saeugetiere-auf-mallorca-entdeckt\/","title":{"rendered":"Vorfahr der S\u00e4ugetiere auf Mallorca entdeckt"},"content":{"rendered":"<p>Es ist eine Sensation, die vor einigen Tagen bekannt wurde. Forscher haben auf Mallorca Knochen eines Tiers gefunden, das wohl vor 270 Millionen Jahren lebte und als \u00e4ltester Vorfahr der S\u00e4ugetiere gilt.<\/p>\n<p><!--more--><\/p>\n<p>Das Tier besa\u00df wohl die Gr\u00f6\u00dfe eines Hunds sowie S\u00e4belz\u00e4hne, hatte aber weder Ohren noch Fell. Nachfolgender Screenshot eines Artikels zeigt die k\u00fcnstlerische Darstellung des Tiers, dass etwa einen Meter lang war.<\/p>\n<p><a href=\"https:\/\/www.scinexx.de\/news\/biowissen\/aeltester-saeugetier-ahn-lebte-auf-mallorca\/\" target=\"_blank\" rel=\"noopener\"><img loading=\"lazy\" decoding=\"async\" src=\"https:\/\/i.postimg.cc\/mr9Krhr6\/image.png\" alt=\"S\u00e4ugetiervorfahre\" width=\"640\" height=\"470\" \/><\/a><br \/>\nScinexx-Artikel zum Fund<\/p>\n<p>Gefunden wurden die versteinerten Knochen von Gorgonopsiden, eine Tiergattung, in der Serra de Tramuntana. Das ist ein Gebirgszug im Nordwesten Mallorcas. Die Forscher, zeigten sich \u00fcberrascht \u00fcber die Zahl der Funde. Auch das Alter \u00fcberraschte mit 270 bis 280 Millionen Jahren.<\/p>\n<p>Bisher waren versteinerte Knochen von Gorgonopsiden Russland oder S\u00fcdafrika bekannt. Die Funde stammten jedoch von Tieren, die vor 265 Millionen Jahren dort lebten. Die Forschung ging daher bisher davon aus, dass die Tierart in diesen Regionen ihren Ursprung hatte. Nun m\u00fcssen diese Annahmen wohl korrigiert werden, und die \u00e4ltesten bekannten Vorfahren der S\u00e4ugetiere k\u00f6nnten in der Region, in der heute Mallorca liegt, entstanden sein.<\/p>\n<p>Der BR hat in <a href=\"https:\/\/www.br.de\/nachrichten\/wissen\/forscher-entdecken-saeugetier-urahn-auf-mallorca,UXJBVUA\" target=\"_blank\" rel=\"noopener\">diesem Artikel<\/a> einige Informationen zum Fund und den neuen Erkenntnissen ver\u00f6ffentlicht. Einen weiteren Beitrag gibt es auf\u00a0<a href=\"https:\/\/www.\/news\/biowissen\/aeltester-saeugetier-ahn-lebte-auf-mallorca\/\" target=\"_blank\" rel=\"noopener\">scinexx.de<\/a>, die Original-Ver\u00f6ffentlichung findet sich <a href=\"https:\/\/www.nature.com\/articles\/s41467-024-54425-5\" target=\"_blank\" rel=\"noopener\">in Nature<\/a>.<\/p>\n","protected":false},"excerpt":{"rendered":"<p>Es ist eine Sensation, die vor einigen Tagen bekannt wurde. Forscher haben auf Mallorca Knochen eines Tiers gefunden, das wohl vor 270 Millionen Jahren lebte und als \u00e4ltester Vorfahr der S\u00e4ugetiere gilt.<\/p>\n","protected":false},"author":1,"featured_media":0,"comment_status":"open","ping_status":"closed","sticky":false,"template":"","format":"standard","meta":{"footnotes":""},"categories":[690],"tags":[207],"class_list":["post-27295","post","type-post","status-publish","format-standard","hentry","category-wissenschaft","tag-wissenschaft"],"_links":{"self":[{"href":"https:\/\/borncity.eu\/senioren\/wp-json\/wp\/v2\/posts\/27295","targetHints":{"allow":["GET"]}}],"collection":[{"href":"https:\/\/borncity.eu\/senioren\/wp-json\/wp\/v2\/posts"}],"about":[{"href":"https:\/\/borncity.eu\/senioren\/wp-json\/wp\/v2\/types\/post"}],"author":[{"embeddable":true,"href":"https:\/\/borncity.eu\/senioren\/wp-json\/wp\/v2\/users\/1"}],"replies":[{"embeddable":true,"href":"https:\/\/borncity.eu\/senioren\/wp-json\/wp\/v2\/comments?post=27295"}],"version-history":[{"count":3,"href":"https:\/\/borncity.eu\/senioren\/wp-json\/wp\/v2\/posts\/27295\/revisions"}],"predecessor-version":[{"id":27298,"href":"https:\/\/borncity.eu\/senioren\/wp-json\/wp\/v2\/posts\/27295\/revisions\/27298"}],"wp:attachment":[{"href":"https:\/\/borncity.eu\/senioren\/wp-json\/wp\/v2\/media?parent=27295"}],"wp:term":[{"taxonomy":"category","embeddable":true,"href":"https:\/\/borncity.eu\/senioren\/wp-json\/wp\/v2\/categories?post=27295"},{"taxonomy":"post_tag","embeddable":true,"href":"https:\/\/borncity.eu\/senioren\/wp-json\/wp\/v2\/tags?post=27295"}],"curies":[{"name":"wp","href":"https:\/\/api.w.org\/{rel}","templated":true}]}}