{"id":27305,"date":"2024-12-30T00:04:45","date_gmt":"2024-12-29T23:04:45","guid":{"rendered":"https:\/\/borncity.com\/senioren\/?p=27305"},"modified":"2024-12-24T00:13:39","modified_gmt":"2024-12-23T23:13:39","slug":"pakete-ab-2025-muss-das-gewicht-angegeben-werden","status":"publish","type":"post","link":"https:\/\/borncity.eu\/senioren\/2024\/12\/30\/pakete-ab-2025-muss-das-gewicht-angegeben-werden\/","title":{"rendered":"Pakete: Ab 2025 muss das Gewicht angegeben werden"},"content":{"rendered":"<p>Kleiner Hinweis f\u00fcr Leute, die ab dem Jahr 2025 Pakete versenden m\u00f6chten. Bei den meisten dieser Pakete muss nun das Gewicht angegeben werden &#8211; andernfalls darf die Sendung nicht durch den Paketdienst bef\u00f6rdert werden.<\/p>\n<p><!--more--><\/p>\n<p>Die Information ist mir vor Weihnachten <a href=\"https:\/\/www.fr.de\/verbraucher\/neue-post-regel-ab-2025-kunden-muessen-zahl-deutlich-auf-pakete-schreiben-gewicht-angabe-93482303.html\" target=\"_blank\" rel=\"noopener\">hier<\/a> und <a href=\"https:\/\/www.focus.de\/finanzen\/news\/neue-regeln-beim-versand-verbraucher-aufgepasst-2025-muessen-sie-das-gewicht-auf-ihr-paket-schreiben_id_260583310.html\" target=\"_blank\" rel=\"noopener\">hier<\/a> untergekommen. Pakete m\u00fcssen vor dem Versand gewogen werden &#8211; das ist im Prinzip bereits heute bei den meisten Paketversendern der Fall.<\/p>\n<p>Neu ist, dass wegen der Postgesetznovelle ab 2025 bei Paketen von 10 bis 20 kg Gewicht die Gewichtsangabe (PAN-Daten) auf der Sendung notiert werden muss. Bei Postaufklebern gibt es Auswahloptionen unter 10 kg, \u00fcber 10 kg und \u00fcber 20 kg. Das gilt sowohl f\u00fcr gewerbliche als auch f\u00fcr Privatpakete. Sowohl DHL als auch Hermes haben diese Neuerung wohl in Mitteilungen kommuniziert (siehe folgende <a href=\"https:\/\/www.dhl.de\/dam\/jcr:a498594d-6d64-4340-a233-0561b4589731\/dhl-pakete-mit-erhoehtem-gewicht-infoblatt-de-082024.pdf\" target=\"_blank\" rel=\"noopener\">DHL-Mitteilung<\/a>).<\/p>\n<p><a href=\"https:\/\/www.dhl.de\/dam\/jcr:a498594d-6d64-4340-a233-0561b4589731\/dhl-pakete-mit-erhoehtem-gewicht-infoblatt-de-082024.pdf\" target=\"_blank\" rel=\"noopener\"><img loading=\"lazy\" decoding=\"async\" src=\"https:\/\/i.postimg.cc\/jjHDZsG2\/image.png\" alt=\"Paketkennzeichnung 2025\" width=\"640\" height=\"711\" \/><\/a><\/p>\n<p>Die Frankfurter Rundschau hat <a href=\"https:\/\/www.fr.de\/verbraucher\/neue-post-regel-ab-2025-kunden-muessen-zahl-deutlich-auf-pakete-schreiben-gewicht-angabe-93482303.html\" target=\"_blank\" rel=\"noopener\">hier<\/a> alle erforderlichen Informationen zum Thema zusammen getragen. Hintergrund ist der Ansatz, gute Arbeitsbedingungen f\u00fcr die Zusteller zu schaffen. Dazu hei\u00dft es von der <a href=\"https:\/\/www.bundesregierung.de\/breg-de\/aktuelles\/postgesetz-2250528\" target=\"_blank\" rel=\"noopener\">Bundesregierung<\/a>:<\/p>\n<blockquote><p>Zum fairen Wettbewerb geh\u00f6ren auch gute Arbeitsbedingungen. Durch den wachsenden Online-Handel gilt das vor allem in der Paketbranche. Besonders schwere Pakete \u2013 ab einem Gewicht von 20 Kilogramm \u2013 sollen nur noch von zwei Zustellenden gemeinsam oder mit technischer Unterst\u00fctzung ausgetragen werden. F\u00fcr Arbeitnehmerinnen und Arbeitnehmer wird bei der Bundesnetzagentur eine Beschwerdestelle eingerichtet.<\/p><\/blockquote>\n","protected":false},"excerpt":{"rendered":"<p>Kleiner Hinweis f\u00fcr Leute, die ab dem Jahr 2025 Pakete versenden m\u00f6chten. Bei den meisten dieser Pakete muss nun das Gewicht angegeben werden &#8211; andernfalls darf die Sendung nicht durch den Paketdienst bef\u00f6rdert werden.<\/p>\n","protected":false},"author":1,"featured_media":0,"comment_status":"open","ping_status":"closed","sticky":false,"template":"","format":"standard","meta":{"footnotes":""},"categories":[1],"tags":[168],"class_list":["post-27305","post","type-post","status-publish","format-standard","hentry","category-allgemein","tag-allgemein"],"_links":{"self":[{"href":"https:\/\/borncity.eu\/senioren\/wp-json\/wp\/v2\/posts\/27305","targetHints":{"allow":["GET"]}}],"collection":[{"href":"https:\/\/borncity.eu\/senioren\/wp-json\/wp\/v2\/posts"}],"about":[{"href":"https:\/\/borncity.eu\/senioren\/wp-json\/wp\/v2\/types\/post"}],"author":[{"embeddable":true,"href":"https:\/\/borncity.eu\/senioren\/wp-json\/wp\/v2\/users\/1"}],"replies":[{"embeddable":true,"href":"https:\/\/borncity.eu\/senioren\/wp-json\/wp\/v2\/comments?post=27305"}],"version-history":[{"count":4,"href":"https:\/\/borncity.eu\/senioren\/wp-json\/wp\/v2\/posts\/27305\/revisions"}],"predecessor-version":[{"id":27309,"href":"https:\/\/borncity.eu\/senioren\/wp-json\/wp\/v2\/posts\/27305\/revisions\/27309"}],"wp:attachment":[{"href":"https:\/\/borncity.eu\/senioren\/wp-json\/wp\/v2\/media?parent=27305"}],"wp:term":[{"taxonomy":"category","embeddable":true,"href":"https:\/\/borncity.eu\/senioren\/wp-json\/wp\/v2\/categories?post=27305"},{"taxonomy":"post_tag","embeddable":true,"href":"https:\/\/borncity.eu\/senioren\/wp-json\/wp\/v2\/tags?post=27305"}],"curies":[{"name":"wp","href":"https:\/\/api.w.org\/{rel}","templated":true}]}}