{"id":27519,"date":"2025-02-04T00:01:52","date_gmt":"2025-02-03T23:01:52","guid":{"rendered":"https:\/\/borncity.com\/senioren\/?p=27519"},"modified":"2025-02-03T17:24:25","modified_gmt":"2025-02-03T16:24:25","slug":"alzheimer-medikament-lecanemab-weckt-grosse-hoffnungen","status":"publish","type":"post","link":"https:\/\/borncity.eu\/senioren\/2025\/02\/04\/alzheimer-medikament-lecanemab-weckt-grosse-hoffnungen\/","title":{"rendered":"Alzheimer-Medikament Lecanemab weckt gro\u00dfe Hoffnungen"},"content":{"rendered":"<p><img decoding=\"async\" style=\"float: left; margin: 0px 10px 0px 0px; display: inline;\" title=\"Gesundheit\" src=\"https:\/\/www.borncity.com\/blog\/wp-content\/uploads\/2021\/04\/Gesundheit-klein.jpg\" alt=\"Gesundheit (Pexels, frei verwendbar)\" width=\"200\" border=\"0\" \/>Es wird gesch\u00e4tzt, dass Millionen Menschen in Deutschland an einer Form von Demenz leiden. Eine spezielle Form wird als Alzheimer-Demenz diagnostiziert. Aktuell wird eine Gruppe von Wirkstoffen getestet, um das Fortschreiten der Erkrankung im Fr\u00fchstadium zu verz\u00f6gern. Das Alzheimer-Medikament Lecanemab steht vor der EU-Zulassung und weckt dabei Hoffnungen bei Medizinern und Patienten.<\/p>\n<p><!--more--><\/p>\n<p>Die gro\u00dfe Angst \u00e4lterer Menschen besteht darin, die Diagnose \"Alzheimer\" f\u00fcr sich selbst oder f\u00fcr Angeh\u00f6rige zu erhalten. <a href=\"https:\/\/de.wikipedia.org\/wiki\/Alzheimer-Krankheit\" target=\"_blank\" rel=\"noopener\">Alzheimer<\/a> ist eine neurodegenerative Erkrankung des Menschen, die in ihrer h\u00e4ufigsten Form bei Personen \u00fcber dem 65. Lebensjahr auftritt und durch zunehmende Demenz gekennzeichnet ist. Sie ist f\u00fcr 60 bis 70 Prozent aller Demenzerkrankungen verantwortlich.<\/p>\n<p>Charakteristisch ist eine zunehmende Verschlechterung der kognitiven Leistungsf\u00e4higkeit, die in der Regel einhergeht mit einer Abnahme der F\u00e4higkeit, die Aktivit\u00e4ten des t\u00e4glichen Lebens zu bew\u00e4ltigen, mit zunehmenden Verhaltensauff\u00e4lligkeiten und verst\u00e4rkt auftretenden neuropsychiatrischen Symptomen. Eine Heilung gibt es nach bisherigem Wissen nicht.<\/p>\n<h2>Alzheimer-Medikament Leqembi (Lecanemab)<\/h2>\n<p>Nun gibt es vorsichtigen Optimismus, was die medikament\u00f6se Behandlung dieser Erkrankung betrifft. Anfang Januar 2025 gab es verschiedene Meldungen rund um das Thema. In <a href=\"https:\/\/www.mdr.de\/wissen\/medizin-gesundheit\/Neuer-Ansatz-koennte-gegen-Alzheimer-helfen-100.html\" target=\"_blank\" rel=\"noopener\">diesem MDR-Beitrag<\/a> geht die Redaktion auf einen neuen Forschungsansatz aus Israel ein, beim dem mit der Substanz FIB-1-NOL-56 die nat\u00fcrlichen Abwehrkr\u00e4fte der Zellen im Kampf gegen die Alzheimer-Proteine genutzt werden sollen. Aber da ist so schnell noch kein Medikament in Sicht.<\/p>\n<p>Momentan ist aber eine neue Generation von Wirkstoffen zur Behandlung der Alzheimer-Krankheit in der Erprobung. K\u00fcrzlich ist mir die Information untergekommen, dass das Medikament Lecanemab (Handelsname Leqembi) kurz vor der Zulassung in der europ\u00e4ischen Union stehe (in den USA ist es bereits zugelassen).<\/p>\n<p>Der Ausschuss f\u00fcr Humanarzneimittel (CHMP) der Europ\u00e4ischen Arzneimittelagentur (EMA) hat sich laut <a href=\"https:\/\/www.alzheimer-forschung.de\/forschung\/aktuell\/ban2401\/\" target=\"_blank\" rel=\"noopener\">dieser Seite<\/a> der Alzheimer-Forschung f\u00fcr eine Zulassung ausgesprochen. Ich hatte Anfang 2025 mit einer Zulassung gerechnet, aktuell gibt es aber eine Verz\u00f6gerung, weil ein EU-Mitgliedstaat noch Fragen hat.<\/p>\n<p>Lecanemab ist ein Antik\u00f6rper-Wirkstoff, der sich gegen das f\u00fcr die Alzheimer-Krankheit charakteristische Protein Amyloid-beta richtet. Aus diesem bestehen die Ablagerungen im Gehirn, die mit der Zerst\u00f6rung der Nervenzellen in Verbindung gebracht werden.<\/p>\n<p>Erkrankte in einem fr\u00fchen Krankheitsstadium, die bislang nur geringe Einbu\u00dfen ihrer geistigen Leistungsf\u00e4higkeit haben, k\u00f6nnen nach Freigabe des Wirkstoffs behandelt werden. Die Hoffnung ist eine Verz\u00f6gerung der kognitiven Einbu\u00dfen bei Erkrankten im fr\u00fchen Alzheimer-Stadium. Diese belief sich der gro\u00dfen Phase-3-Studie auf 27 Prozent nach 18 Monaten. Auf der oben verlinkten <a href=\"https:\/\/www.alzheimer-forschung.de\/forschung\/aktuell\/ban2401\/\" target=\"_blank\" rel=\"noopener\">Seite<\/a> der Alzheimer-Forschung finden sich eine Reihe Informationen und Antworten auf Fragen rund um Lecanemab.<\/p>\n<p><strong>\u00c4hnlicher Artikel:<br \/>\n<\/strong><a href=\"https:\/\/borncity.eu\/senioren\/2019\/12\/08\/aducanumab-medikament-gegen-alzheimer\/\">Aducanumab: Medikament gegen Alzheimer?<\/a><br \/>\n<a href=\"https:\/\/borncity.eu\/senioren\/2019\/02\/20\/alzheimer-demenz-als-folge-von-zahnfleischinfektionen\/\">Alzheimer-Demenz als Folge von Zahnfleischinfektionen?<\/a><br \/>\n<a href=\"https:\/\/borncity.eu\/senioren\/2017\/12\/16\/eu-standard-fr-alzheimer-diagnose\/\">EU-Standard f\u00fcr Alzheimer-Diagnose<\/a><br \/>\n<a href=\"https:\/\/borncity.eu\/senioren\/2023\/07\/18\/lebensstil-beeinflusst-ob-man-spaeter-dement-wird\/\">Lebensstil beeinflusst, ob man sp\u00e4ter dement wird<\/a><br \/>\n<a href=\"https:\/\/borncity.eu\/senioren\/2017\/09\/06\/drei-faktoren-bestimmen-alzheimer-demenz-risiko\/\">Drei Faktoren bestimmen Alzheimer-Demenz-Risiko<\/a><br \/>\n<a href=\"https:\/\/borncity.eu\/senioren\/2017\/09\/07\/training-hilft-wohl-gegen-alzheimer-demenz\/\">Training hilft wohl gegen Alzheimer-Demenz<\/a><br \/>\n<a href=\"https:\/\/borncity.eu\/senioren\/2019\/06\/25\/die-3-s-frs-gehirn-schlaf-schritte-und-soziales\/\">Die 3 S f\u00fcr's Gehirn: Schlaf, Schritte und Soziales<\/a><br \/>\n<a href=\"https:\/\/borncity.eu\/senioren\/2019\/02\/11\/exzessiver-schlaf-im-alter-indiz-fr-denkleistungsabbau\/\">Exzessiver Schlaf im Alter Indiz f\u00fcr Denkleistungsabbau?<\/a><br \/>\n<a href=\"https:\/\/borncity.eu\/senioren\/2019\/01\/02\/demenz-rckgang-der-neuerkrankungen\/\">Demenz: R\u00fcckgang der Neuerkrankungen<\/a><br \/>\n<a href=\"https:\/\/borncity.eu\/senioren\/2023\/07\/20\/alzheimermittels-donanemab-hemmt-fortschritt-der-krankheit-deutlich\/\" rel=\"bookmark\">Alzheimermittels Donanemab hemmt Fortschritt der Krankheit deutlich<\/a><br \/>\n<a href=\"https:\/\/borncity.eu\/senioren\/2024\/04\/10\/das-gehirn-vor-alzheimer-demenz-schuetzen\/\" rel=\"bookmark\">Das Gehirn vor Alzheimer-Demenz sch\u00fctzen<\/a><\/p>\n","protected":false},"excerpt":{"rendered":"<p>Es wird gesch\u00e4tzt, dass Millionen Menschen in Deutschland an einer Form von Demenz leiden. Eine spezielle Form wird als Alzheimer-Demenz diagnostiziert. Aktuell wird eine Gruppe von Wirkstoffen getestet, um das Fortschreiten der Erkrankung im Fr\u00fchstadium zu verz\u00f6gern. Das Alzheimer-Medikament Lecanemab &hellip; <a href=\"https:\/\/borncity.eu\/senioren\/2025\/02\/04\/alzheimer-medikament-lecanemab-weckt-grosse-hoffnungen\/\">Weiterlesen <span class=\"meta-nav\">&rarr;<\/span><\/a><\/p>\n","protected":false},"author":1,"featured_media":0,"comment_status":"open","ping_status":"closed","sticky":false,"template":"","format":"standard","meta":{"footnotes":""},"categories":[32],"tags":[83],"class_list":["post-27519","post","type-post","status-publish","format-standard","hentry","category-gesundheit","tag-gesundheit"],"_links":{"self":[{"href":"https:\/\/borncity.eu\/senioren\/wp-json\/wp\/v2\/posts\/27519","targetHints":{"allow":["GET"]}}],"collection":[{"href":"https:\/\/borncity.eu\/senioren\/wp-json\/wp\/v2\/posts"}],"about":[{"href":"https:\/\/borncity.eu\/senioren\/wp-json\/wp\/v2\/types\/post"}],"author":[{"embeddable":true,"href":"https:\/\/borncity.eu\/senioren\/wp-json\/wp\/v2\/users\/1"}],"replies":[{"embeddable":true,"href":"https:\/\/borncity.eu\/senioren\/wp-json\/wp\/v2\/comments?post=27519"}],"version-history":[{"count":2,"href":"https:\/\/borncity.eu\/senioren\/wp-json\/wp\/v2\/posts\/27519\/revisions"}],"predecessor-version":[{"id":27521,"href":"https:\/\/borncity.eu\/senioren\/wp-json\/wp\/v2\/posts\/27519\/revisions\/27521"}],"wp:attachment":[{"href":"https:\/\/borncity.eu\/senioren\/wp-json\/wp\/v2\/media?parent=27519"}],"wp:term":[{"taxonomy":"category","embeddable":true,"href":"https:\/\/borncity.eu\/senioren\/wp-json\/wp\/v2\/categories?post=27519"},{"taxonomy":"post_tag","embeddable":true,"href":"https:\/\/borncity.eu\/senioren\/wp-json\/wp\/v2\/tags?post=27519"}],"curies":[{"name":"wp","href":"https:\/\/api.w.org\/{rel}","templated":true}]}}