{"id":27727,"date":"2025-03-24T00:29:06","date_gmt":"2025-03-23T23:29:06","guid":{"rendered":"https:\/\/borncity.com\/senioren\/?p=27727"},"modified":"2025-03-24T17:19:10","modified_gmt":"2025-03-24T16:19:10","slug":"isar-aerospace-klappt-heute-der-erste-testflug","status":"publish","type":"post","link":"https:\/\/borncity.eu\/senioren\/2025\/03\/24\/isar-aerospace-klappt-heute-der-erste-testflug\/","title":{"rendered":"Isar Aerospace: Klappt heute der erste Testflug?"},"content":{"rendered":"<p>Isar Aerospace ist ein deutsches Startup, welches mit einer zweistufigen Rakete die Erdumlaufbahn erreichen will. Wenn alles gut geht, k\u00f6nnte der erste Testflug der Spectrum-Rakete am 20. M\u00e4rz 2025 erfolgen. <strong>Erg\u00e4nzung<\/strong>: Wegen ung\u00fcnstiger Winde wurde der Testflug verschoben.<\/p>\n<p><!--more--><\/p>\n<p><a href=\"https:\/\/de.wikipedia.org\/wiki\/Isar_Aerospace\" target=\"_blank\" rel=\"noopener\">Isar Aerospace<\/a> ist ein deutsches Weltraum-Start-up-Unternehmen mit Sitz in Ottobrunn bei M\u00fcnchen. Gegr\u00fcndet wurde das Unternehmen im Februar 2018 von den Raumfahrtingenieuren Daniel Metzler, Markus Brandl und Josef Peter Fleischmann.<\/p>\n<p><img loading=\"lazy\" decoding=\"async\" class=\"alignnone\" title=\"Spectrum-Rakete von Isar Aerospace\" src=\"https:\/\/i.postimg.cc\/nhXYrKyL\/image.png\" alt=\"Spectrum-Rakete von Isar Aerospace\" width=\"640\" height=\"435\" \/><br \/>\nSpectrum-Rakete von Isar Aerospace, Quelle: Isar Aerospace<\/p>\n<p>Das Unternehmen will mit seiner zweistufigen, 2 Meter Durchmesser aufweisenden <a href=\"https:\/\/www.isaraerospace.com\/spectrum\" target=\"_blank\" rel=\"noopener\">Spektrum-Rakete<\/a> kleine Nutzlasten (700 bis 1000 Kilogramm) in den nahen Erdobit bringen. Die Firma wurde dazu von verschiedenen Unternehmen und der Nato mit Wagniskapital ausgestattet.<\/p>\n<p>Am 14. M\u00e4rz 2025 <a href=\"https:\/\/www.isaraerospace.com\/press\/isar-aerospace-receives-ncaa-permit-for-launch-and-is-ready-for-first-test-flight\" target=\"_blank\" rel=\"noopener\">erhielt<\/a> Isar Aerospace von der norwegischen Zivilluftfahrtbeh\u00f6rde (NCAA) die Startgenehmigung f\u00fcr seinen <a href=\"https:\/\/www.isaraerospace.com\/first-test-flight\" target=\"_blank\" rel=\"noopener\">ersten Testflug<\/a>. Der erste Testflug von Isar Aerospace wird vom And\u00f8ya Spaceport in Norwegen aus starten. Das Unternehmen schreibt hier, dass mit der Mission \u201eGoing Full Spectrum\" der erste Flug einer orbitalen Tr\u00e4gerrakete von Kontinentaleuropa aus durchgef\u00fchrt werde, aber keine Nutzlast enth\u00e4lt. So ganz richtig ist es mit dem ersten Flug aus Europa ist es aber wohl nicht, da erste russische Raketen aus dem europ\u00e4ischen Teil Russlands gestartet wurden.<\/p>\n<p>Diverse Medien wie <a href=\"https:\/\/www.heise.de\/news\/Vor-Isar-Aerospace-Testflug-Die-Rakete-darf-explodieren-10324646.html\" target=\"_blank\" rel=\"noopener\">heise<\/a> berichten, dass der Erstflug f\u00fcr Montag, den 24. M\u00e4rz 2025, zwischen \u00a012.30 und 15.30 Uhr stattfinden k\u00f6nnte. Dass die Rakete beim ersten Start vielleicht explodiert, ist eingeplant. Es geht vor allem darum, beim ersten Start Daten w\u00e4hrend des Flugs zu sammeln, um denn bei den n\u00e4chsten Starts erfolgreicher zu sein. Dr\u00fccken wir mal die Daumen, dass der erste Flug halbwegs erfolgreich verl\u00e4uft.<\/p>\n<p><img loading=\"lazy\" decoding=\"async\" src=\"https:\/\/i.postimg.cc\/m2v2x4Nr\/image.png\" alt=\"Isar Aerospace Testflug verschoben\" width=\"581\" height=\"708\" \/><\/p>\n<p><strong>Erg\u00e4nzung:<\/strong> Wegen ung\u00fcnstiger Winde wurde der Testflug verschoben. Das geht aus obigem Tweet hervor. Spiegel Online hat in <a href=\"https:\/\/www.spiegel.de\/wissenschaft\/start-der-spectrum-rakete-von-isar-aerospace-verschoben-a-75e17cfd-fae9-4280-b7c2-7c90881b126e\" target=\"_blank\" rel=\"noopener\">diesem Artikel<\/a> einige Informationen dazu ver\u00f6ffentlicht.<\/p>\n","protected":false},"excerpt":{"rendered":"<p>Isar Aerospace ist ein deutsches Startup, welches mit einer zweistufigen Rakete die Erdumlaufbahn erreichen will. Wenn alles gut geht, k\u00f6nnte der erste Testflug der Spectrum-Rakete am 20. M\u00e4rz 2025 erfolgen. Erg\u00e4nzung: Wegen ung\u00fcnstiger Winde wurde der Testflug verschoben.<\/p>\n","protected":false},"author":1,"featured_media":0,"comment_status":"open","ping_status":"closed","sticky":false,"template":"","format":"standard","meta":{"footnotes":""},"categories":[655],"tags":[222],"class_list":["post-27727","post","type-post","status-publish","format-standard","hentry","category-technik","tag-raumfahrt"],"_links":{"self":[{"href":"https:\/\/borncity.eu\/senioren\/wp-json\/wp\/v2\/posts\/27727","targetHints":{"allow":["GET"]}}],"collection":[{"href":"https:\/\/borncity.eu\/senioren\/wp-json\/wp\/v2\/posts"}],"about":[{"href":"https:\/\/borncity.eu\/senioren\/wp-json\/wp\/v2\/types\/post"}],"author":[{"embeddable":true,"href":"https:\/\/borncity.eu\/senioren\/wp-json\/wp\/v2\/users\/1"}],"replies":[{"embeddable":true,"href":"https:\/\/borncity.eu\/senioren\/wp-json\/wp\/v2\/comments?post=27727"}],"version-history":[{"count":3,"href":"https:\/\/borncity.eu\/senioren\/wp-json\/wp\/v2\/posts\/27727\/revisions"}],"predecessor-version":[{"id":27737,"href":"https:\/\/borncity.eu\/senioren\/wp-json\/wp\/v2\/posts\/27727\/revisions\/27737"}],"wp:attachment":[{"href":"https:\/\/borncity.eu\/senioren\/wp-json\/wp\/v2\/media?parent=27727"}],"wp:term":[{"taxonomy":"category","embeddable":true,"href":"https:\/\/borncity.eu\/senioren\/wp-json\/wp\/v2\/categories?post=27727"},{"taxonomy":"post_tag","embeddable":true,"href":"https:\/\/borncity.eu\/senioren\/wp-json\/wp\/v2\/tags?post=27727"}],"curies":[{"name":"wp","href":"https:\/\/api.w.org\/{rel}","templated":true}]}}