{"id":28107,"date":"2025-05-30T00:02:19","date_gmt":"2025-05-29T22:02:19","guid":{"rendered":"https:\/\/borncity.com\/senioren\/?p=28107"},"modified":"2025-05-31T17:53:35","modified_gmt":"2025-05-31T15:53:35","slug":"in-der-tuerkei-wirst-du-nun-gewogen","status":"publish","type":"post","link":"https:\/\/borncity.eu\/senioren\/2025\/05\/30\/in-der-tuerkei-wirst-du-nun-gewogen\/","title":{"rendered":"In der T\u00fcrkei wirst Du nun gewogen &#8230;"},"content":{"rendered":"<p><img decoding=\"async\" style=\"float: left; margin: 0px 10px 0px 0px; display: inline;\" title=\"Gesundheit\" src=\"https:\/\/www.borncity.com\/blog\/wp-content\/uploads\/2021\/04\/Gesundheit-klein.jpg\" alt=\"Gesundheit (Pexels, frei verwendbar)\" width=\"200\" border=\"0\" \/>Es war eine Meldung, die mich getriggert hat. In der T\u00fcrkei hat die Politik \u00f6ffentliche Waagen zur Gewichtskontrolle von Personen eingef\u00fchrt. Damit will man das Problem des \u00dcbergewichts in der t\u00fcrkischen Bev\u00f6lkerung bek\u00e4mpfen. Kontrolleure stehen in St\u00e4dten an frequentierten Stellen und greifen sich Menschen mit \u00dcbergewicht heraus, um diese zu wiegen und ggf. zu einer Gesundheitsberatung zu schicken.<\/p>\n<p><!--more--><\/p>\n<p>Der Focus hat das Thema in <a href=\"https:\/\/www.focus.de\/gesundheit\/lerne-dein-gewicht-kennen-erdogan-schickt-kontrolleure-mit-waagen-durch-die-tuerkei_a4df4677-b720-4db5-9db7-ce2b05bc6aff.html\" target=\"_blank\" rel=\"noopener\">diesem Artikel<\/a> aufgegriffen &#8211; das Ganze ist also kein Scherz. Das Ganze l\u00e4uft seit dem 10. Mai 2025 unter dem Motto \"Lerne dein Gewicht kennen\". Auf \u00f6ffentlichen Pl\u00e4tzen stehen Waagen, mit denen sich die Leute wiegen lassen k\u00f6nnen. Ziel ist es, bis zu 10 Millionen t\u00fcrkische B\u00fcrger zu wiegen.<\/p>\n<p>Muhammed Emin Demirkol, Generaldirektor f\u00fcr \u00f6ffentliche Gesundheit, sagte dazu: \"Wir werden in zwei Monaten die Gr\u00f6\u00dfe und das Gewicht von etwa 10 Millionen B\u00fcrgern in 81 St\u00e4dten messen.\"<\/p>\n<p><img loading=\"lazy\" decoding=\"async\" src=\"https:\/\/i.postimg.cc\/xjKmkkDX\/image.png\" alt=\"Gewichtskontrolle in der T\u00fcrkei\" width=\"486\" height=\"524\" \/><\/p>\n<p>Inspekteure des t\u00fcrkischen Gesundheitsministeriums sollen dazu Personen, die \u00fcbergewichtig erscheinen, auffordern, sich wiegen zu lassen. \u00dcber K\u00f6rpergr\u00f6\u00dfe und -Gewicht wird dann der Body-Mass-Index berechnet. Ab einem BMI von 25 sollen die Personen zu einer Gesundheitsberatung geschickt werden.<\/p>\n<p>Das Ganze wirft Wellen &#8211; einerseits ist es nicht gut, wenn ein Gro\u00dfteil der Bev\u00f6lkerung \u00fcbergewichtig ist (die T\u00fcrkei k\u00f6nnte 2060 in diese Falle geraten). Andererseits wirft ein Ern\u00e4hrungswissenschaftler in diesem <a href=\"https:\/\/www.focus.de\/politik\/ausland\/ernaehrungswissenschaftler-uwe-knop-umstrittene-massnahme-tuerkei-fuehrt-oeffentliche-waagen-zur-gewichtskontrolle-ein_5b6d0d72-be01-4d96-ac76-9931a8a00b4c.html\" target=\"_blank\" rel=\"noopener\">Focus-Beitrag<\/a> einen kritischen Blick auf die Beurteilung des BMI und den Zusammenhang mit der Gesundheit. Sein Fazit: Es kommt darauf an &#8211; ein einzelner Wert sagt nichts \u00fcber die Gesundheit aus.<\/p>\n","protected":false},"excerpt":{"rendered":"<p>Es war eine Meldung, die mich getriggert hat. In der T\u00fcrkei hat die Politik \u00f6ffentliche Waagen zur Gewichtskontrolle von Personen eingef\u00fchrt. Damit will man das Problem des \u00dcbergewichts in der t\u00fcrkischen Bev\u00f6lkerung bek\u00e4mpfen. Kontrolleure stehen in St\u00e4dten an frequentierten Stellen &hellip; <a href=\"https:\/\/borncity.eu\/senioren\/2025\/05\/30\/in-der-tuerkei-wirst-du-nun-gewogen\/\">Weiterlesen <span class=\"meta-nav\">&rarr;<\/span><\/a><\/p>\n","protected":false},"author":1,"featured_media":0,"comment_status":"open","ping_status":"closed","sticky":false,"template":"","format":"standard","meta":{"footnotes":""},"categories":[1,32],"tags":[168,83],"class_list":["post-28107","post","type-post","status-publish","format-standard","hentry","category-allgemein","category-gesundheit","tag-allgemein","tag-gesundheit"],"_links":{"self":[{"href":"https:\/\/borncity.eu\/senioren\/wp-json\/wp\/v2\/posts\/28107","targetHints":{"allow":["GET"]}}],"collection":[{"href":"https:\/\/borncity.eu\/senioren\/wp-json\/wp\/v2\/posts"}],"about":[{"href":"https:\/\/borncity.eu\/senioren\/wp-json\/wp\/v2\/types\/post"}],"author":[{"embeddable":true,"href":"https:\/\/borncity.eu\/senioren\/wp-json\/wp\/v2\/users\/1"}],"replies":[{"embeddable":true,"href":"https:\/\/borncity.eu\/senioren\/wp-json\/wp\/v2\/comments?post=28107"}],"version-history":[{"count":5,"href":"https:\/\/borncity.eu\/senioren\/wp-json\/wp\/v2\/posts\/28107\/revisions"}],"predecessor-version":[{"id":28128,"href":"https:\/\/borncity.eu\/senioren\/wp-json\/wp\/v2\/posts\/28107\/revisions\/28128"}],"wp:attachment":[{"href":"https:\/\/borncity.eu\/senioren\/wp-json\/wp\/v2\/media?parent=28107"}],"wp:term":[{"taxonomy":"category","embeddable":true,"href":"https:\/\/borncity.eu\/senioren\/wp-json\/wp\/v2\/categories?post=28107"},{"taxonomy":"post_tag","embeddable":true,"href":"https:\/\/borncity.eu\/senioren\/wp-json\/wp\/v2\/tags?post=28107"}],"curies":[{"name":"wp","href":"https:\/\/api.w.org\/{rel}","templated":true}]}}