{"id":28171,"date":"2025-06-14T00:01:44","date_gmt":"2025-06-13T22:01:44","guid":{"rendered":"https:\/\/borncity.com\/senioren\/?p=28171"},"modified":"2025-06-16T10:12:51","modified_gmt":"2025-06-16T08:12:51","slug":"rosen-trilogie-i-besuch-im-palmengarten-mit-rosenausstellung","status":"publish","type":"post","link":"https:\/\/borncity.eu\/senioren\/2025\/06\/14\/rosen-trilogie-i-besuch-im-palmengarten-mit-rosenausstellung\/","title":{"rendered":"Rosen-Trilogie I: Besuch im Palmengarten mit Rosenausstellung"},"content":{"rendered":"<p><img loading=\"lazy\" decoding=\"async\" class=\"alignleft\" src=\"https:\/\/i.postimg.cc\/7LbSddWS\/image.png\" alt=\"Pfingstrose im Palmengarten\" width=\"105\" height=\"140\" \/>Heute nochmals Impressionen aus dem Palmengarten, in Frankfurt am Main, den ich die Tage besucht habe. Aktuell bl\u00fchen in Deutschland die Rosen und Pfingstrosen. Und im Palmengarten gab es eine\u00a0 gerade zu Ende gehende \"Rosenausstellung\" die den letzten Tag stattfand. Hatte ich gar nicht \"auf dem Radar\" &#8211; und dann haben mich die Rosen sozusagen \"die Woche\" verfolgt, so dass ich eine Trilogie aus drei Beitr\u00e4gen \"um die Rose\" verfasst habe.<\/p>\n<p><!--more--><\/p>\n<h2>Der Palmengarten<\/h2>\n<p>Der\u00a0<a href=\"https:\/\/www.palmengarten.de\/de\/index.html\" target=\"_blank\" rel=\"noopener\">Palmengarten<\/a>\u00a0in Frankfurt geh\u00f6rt mit 22 Hektar Fl\u00e4che zu den gr\u00f6\u00dften botanischen G\u00e4rten Deutschlands. Namensgeber ist das Palmenhaus mit seinen Exponaten aus tropischen Gefilden. Aber auch andere in Glaskuppeln zu besichtigende Exponate, wie das Tropicarium, das W\u00fcstenhaus, das Subantarktishaus etc., sind einen Besuch wert.<\/p>\n<p>Es gibt zudem den Steingarten mit dem angrenzenden See (samt <a href=\"http:\/\/www.palmen-boote.de\/\" target=\"_blank\" rel=\"noopener noreferrer\">Bootsverleih<\/a>) und auf den ausgedehnten Rasenfl\u00e4chen k\u00f6nnen Familien mit ihren Kindern \u2013 mitten in der Stadt \u2013 den Tag im Gr\u00fcnen verbringen. Ende April bis Mitte Mai bl\u00fchen die Azaleen und Rhododendron-Str\u00e4ucher im Palmengarten.<\/p>\n<h2>Besuch im Palmengarten mit Rosenausstellung<\/h2>\n<p>Der in Frankfurt am Main gelegene Palmengarten geh\u00f6rt daher eigentlich jedes Jahr mindestens ein Mal zum Ausflugsziel. Meist liegen diese Besuche im Mai zur Rhododendron-Bl\u00fcte (siehe Artikellinks am Beitragsende). Dieses Jahr haben wir diesen Zeitpunkt aber verpasst. Aber Steingarten und der Rosengarten sind auch immer einen Besuch wert.<\/p>\n<p><img loading=\"lazy\" decoding=\"async\" class=\"alignnone\" title=\"Schildkr\u00f6ten, Palmengarten 19.5.2023\" src=\"https:\/\/i.postimg.cc\/rmT0jLxK\/image.png\" alt=\"Schildkr\u00f6ten, Palmengarten 19.5.2023\" width=\"640\" height=\"608\" \/><br \/>\nSchildkr\u00f6ten am Teich beim Steingarten, Palmengarten 19.5.2023<\/p>\n<p>Was dieses Jahr etwas beim Besuch gest\u00f6rt hat: Im Park leben viele Enten und Graug\u00e4nse, die \"etwas viel Hinterlassenschaft auf den Wegen und Rasenfl\u00e4chen\" drapiert hatten.<\/p>\n<p><img loading=\"lazy\" decoding=\"async\" src=\"https:\/\/i.postimg.cc\/c1v9j2S0\/image.png\" alt=\"Steingarten Palmengarten Frankfurt\" width=\"640\" height=\"482\" \/><br \/>\nSteingarten, Palmengarten 9.6.2025<\/p>\n<p>Daher lud der \"Steingarten\" eher nicht zum Verweilen ein und es ging in Richtung Rosengarten. Hier habe ich keine Fotos des Rosengartens geschossen, sondern mich einfach auf eine Bank gesetzt und die Bilder in den Blickachsen wirken lassen.<\/p>\n<p><img loading=\"lazy\" decoding=\"async\" src=\"https:\/\/borncity.eu\/senioren\/wp-content\/uploads\/2025\/06\/image-1.png\" alt=\"Rosenausstellung Palmengarten\" width=\"602\" height=\"800\" \/><br \/>\nRosenausstellung Palmengarten 9.6.2025<\/p>\n<p>Allerdings gab es die Rosenaustellung &#8211; und das Exemplar in obigem Foto stand vor einem Verkaufspavillon. In der Rosenausstellung im betreffenden Geb\u00e4ude habe ich \u00fcbrigens auch keine Fotos geschossen, sondern mich wieder auf eine Bank gesetzt und das Ambiente wirken lassen. Ach ja, noch ein Eindruck: Es gab tats\u00e4chlich junge Leute, die den Palmengarten und die Rosenausstellung besuchten. Aber es gab auch eine junge Dame, die \"Selfies vor Rosen\" aufnahm &#8211; mein Frau meinte \"um in Social Media zu posten\" &#8211; k\u00f6nnte hin hauen. Ach ja, Pfingstrosen bl\u00fchten in einem getrennten Bereich in vielf\u00e4ltigen Farben.<\/p>\n<p><img loading=\"lazy\" decoding=\"async\" src=\"https:\/\/i.postimg.cc\/7LbSddWS\/image.png\" alt=\"Pfingstrose im Palmengarten\" width=\"600\" height=\"800\" \/><\/p>\n<p>Und dann ergab es sich &#8211; g\u00e4nzlich ungeplant &#8211; dass mich die Rosen verfolgten. Denn am Mittwoch danach ging es in den Rheingau zum Wandern auf den Rheinsteig, mit Ausklang in der Rosenstadt Eltville am Rhein. Hat Appetit auf mehr gemacht, so dass wir einige Tage sp\u00e4ter einen Abstecher zum Rosendorf Steinfurt unternommen haben.<\/p>\n<p><strong>Artikelreihe<\/strong><br \/>\n<a href=\"https:\/\/borncity.eu\/senioren\/2025\/06\/14\/rosen-trilogie-i-besuch-im-palmengarten-mit-rosenausstellung\/\">Rosen-Trilogie I: Besuch im Palmengarten mit Rosenausstellung<\/a><br \/>\n<a href=\"https:\/\/borncity.eu\/senioren\/2025\/06\/15\/rosen-trilogie-ii-rheinsteig-rauenthal-und-rosenstadt-eltville\/\">Rosen-Trilogie II: Rheinsteig (Rauenthal) und Rosenstadt Eltville<\/a><br \/>\n<a href=\"https:\/\/borncity.eu\/senioren\/2025\/06\/16\/rosen-trilogie-iii-abstecher-zum-rosendorf-steinfurt\/\">Rosen-Trilogie III: Abstecher zum Rosendorf Steinfurt<\/a><\/p>\n<p><strong>\u00c4hnliche Artikel:<\/strong><br \/>\n<a href=\"https:\/\/borncity.eu\/senioren\/2016\/05\/22\/rhododendron-blte-im-palmengarten-frankfurtmain\/\" rel=\"bookmark\">Rhododendron-Bl\u00fcte im Palmengarten Frankfurt\/Main<\/a><br \/>\n<a href=\"https:\/\/borncity.eu\/senioren\/2023\/05\/20\/palmengarten-frankfurt-alzaleen-und-rododendronbluete-2023\/\" rel=\"bookmark\">Palmengarten Frankfurt: Alzaleen- und Rododendronbl\u00fcte 2023<\/a><br \/>\n<a href=\"https:\/\/borncity.eu\/senioren\/2024\/04\/30\/fruehling-im-palmengarten-frankfurt-alzaleen-und-rododendronbluete-2024\/\" rel=\"bookmark\">Fr\u00fchling im Palmengarten Frankfurt: Alzaleen- und Rododendronbl\u00fcte 2024<\/a><\/p>\n","protected":false},"excerpt":{"rendered":"<p>Heute nochmals Impressionen aus dem Palmengarten, in Frankfurt am Main, den ich die Tage besucht habe. Aktuell bl\u00fchen in Deutschland die Rosen und Pfingstrosen. Und im Palmengarten gab es eine\u00a0 gerade zu Ende gehende \"Rosenausstellung\" die den letzten Tag stattfand. &hellip; <a href=\"https:\/\/borncity.eu\/senioren\/2025\/06\/14\/rosen-trilogie-i-besuch-im-palmengarten-mit-rosenausstellung\/\">Weiterlesen <span class=\"meta-nav\">&rarr;<\/span><\/a><\/p>\n","protected":false},"author":1,"featured_media":0,"comment_status":"open","ping_status":"closed","sticky":false,"template":"","format":"standard","meta":{"footnotes":""},"categories":[1,18,13],"tags":[168,19,119,6],"class_list":["post-28171","post","type-post","status-publish","format-standard","hentry","category-allgemein","category-foto","category-natur","tag-allgemein","tag-foto","tag-natur","tag-reisen"],"_links":{"self":[{"href":"https:\/\/borncity.eu\/senioren\/wp-json\/wp\/v2\/posts\/28171","targetHints":{"allow":["GET"]}}],"collection":[{"href":"https:\/\/borncity.eu\/senioren\/wp-json\/wp\/v2\/posts"}],"about":[{"href":"https:\/\/borncity.eu\/senioren\/wp-json\/wp\/v2\/types\/post"}],"author":[{"embeddable":true,"href":"https:\/\/borncity.eu\/senioren\/wp-json\/wp\/v2\/users\/1"}],"replies":[{"embeddable":true,"href":"https:\/\/borncity.eu\/senioren\/wp-json\/wp\/v2\/comments?post=28171"}],"version-history":[{"count":8,"href":"https:\/\/borncity.eu\/senioren\/wp-json\/wp\/v2\/posts\/28171\/revisions"}],"predecessor-version":[{"id":28219,"href":"https:\/\/borncity.eu\/senioren\/wp-json\/wp\/v2\/posts\/28171\/revisions\/28219"}],"wp:attachment":[{"href":"https:\/\/borncity.eu\/senioren\/wp-json\/wp\/v2\/media?parent=28171"}],"wp:term":[{"taxonomy":"category","embeddable":true,"href":"https:\/\/borncity.eu\/senioren\/wp-json\/wp\/v2\/categories?post=28171"},{"taxonomy":"post_tag","embeddable":true,"href":"https:\/\/borncity.eu\/senioren\/wp-json\/wp\/v2\/tags?post=28171"}],"curies":[{"name":"wp","href":"https:\/\/api.w.org\/{rel}","templated":true}]}}