{"id":28263,"date":"2025-07-02T00:01:11","date_gmt":"2025-07-01T22:01:11","guid":{"rendered":"https:\/\/borncity.com\/senioren\/?p=28263"},"modified":"2025-07-01T23:49:56","modified_gmt":"2025-07-01T21:49:56","slug":"sommer-2025-fuenf-stille-minuten-am-morgen-im-garten","status":"publish","type":"post","link":"https:\/\/borncity.eu\/senioren\/2025\/07\/02\/sommer-2025-fuenf-stille-minuten-am-morgen-im-garten\/","title":{"rendered":"Sommer 2025: F\u00fcnf stille Minuten am Morgen im Garten"},"content":{"rendered":"<p><img loading=\"lazy\" decoding=\"async\" class=\"alignleft\" src=\"https:\/\/i.postimg.cc\/x1sB40sG\/image.png\" alt=\"Rosen in Steinfurt\" width=\"221\" height=\"212\" \/>Wir haben Juli 2025 und in unserem Garten w\u00e4chst und bl\u00fcht es. Es herrschen sommerliche Temperaturen in Deutschland (die Medien schreiben von Hitzewelle und flippen regelrecht aus &#8211; auch fr\u00fcher war es im Sommer warm). Am fr\u00fcheren Morgen ist es aber, auch im Sommer, speziell im Schatten, noch angenehm k\u00fchl. Und so kommt es, dass ich auch diese Tage, wie jeden Sommer, die K\u00fchle des Morgens nutze, um vor oder nach dem Fr\u00fchst\u00fcck eine Runde durch unseren kleinen Garten zu laufen und zu schauen, was w\u00e4chst und die Auszeit am fr\u00fchen Morgen genie\u00dfe.<\/p>\n<p><!--more--><\/p>\n<p>Am gestrigen Dienstag waren meine Frau und ich bereits recht fr\u00fch mit dem Fr\u00fchst\u00fcck fertig, weil es um 9:00 Uhr zum Sport ging. Also sind wir um 7:30 Uhr in den Garten gegangen. Mein Weg f\u00fchrte mich als erstes in den Vorgarten und zur Stra\u00dfe vor dem Haus. Dann kann ich mich umdrehen, um dann den Treppenaufgang zur\u00fcck zum Haus durch die \"Allee\" an bl\u00fchenden Rosenstr\u00e4uchern zu gehen.<\/p>\n<p><img loading=\"lazy\" decoding=\"async\" src=\"https:\/\/i.postimg.cc\/VLvfqSK2\/image.png\" alt=\"Rosenbl\u00fcte am Hauseingang\" width=\"640\" height=\"482\" \/><\/p>\n<p>Rechts und links von den Rosenb\u00fcschen bl\u00fchen bereits Lavendelst\u00f6cke im Vorgarten. In obigem Foto ist an der Hausecke der Fu\u00dfweg zum \"Nutzgarten\" am Giebel des Hauses zu erahnen. Da steht ein Johannisbeer-Strauch, dessen Fr\u00fcchte beim morgentlichen Fr\u00fchst\u00fcck eine nette Abwechselung im M\u00fcsli bieten.<\/p>\n<p>Vorbei an Pfefferminz-Pflanzen schau ich nach dem gezogenen Salat, den Zucchini-Pflanzen, den Tomaten, mehreren Tomatillo-Pflanzen, dem Rosmarin und den Zwiebeln. Nichts Gro\u00dfes an Nutzgarten, 10 Meter auf 1,5 Meter, aber frischen Salat und frisches Gem\u00fcse gibt es im Sommer schon.<\/p>\n<p>Ach ja, am Zaun zum Nachbargrundst\u00fcck ranken die Weinreben der Nachbarin. Die Zeit des frischen Austriebs der Weinbl\u00e4tter habe ich in den Juni-Wochen genutzt, um gro\u00dfe Bl\u00e4tter abzupfl\u00fccken, in Salzwasser zu blanchieren und dann griechische Dolmades zu machen (gibt es einen eigenen Beitrag hier im Blog zu, am Beitragsende verlinkt). Und die Stachelbeer-Hecke im Vorgarten wurde am vergangenen Samstag abgeerntet, um eine Stachelbeer-Baiser-Torte herzustellen. Sommer ist etwas herrliches.<\/p>\n<p><img loading=\"lazy\" decoding=\"async\" src=\"https:\/\/i.postimg.cc\/Z50LzLVj\/image.png\" alt=\"Wildrosenbusch\" width=\"631\" height=\"800\" \/><\/p>\n<p>Dann geht es an einer duftenden Feige in der Hausecke vorbei, hinter das Haus, zum n\u00e4chsten Rosenstrauch neben der Terrasse. Die Terrasse liegt noch im morgentlichen Schatten und es ist angenehm k\u00fchl. Also f\u00fcr f\u00fcnf Minuten auf einem Terrassenstuhl Platz nehmen, abschalten und den Morgen genie\u00dfen.<\/p>\n<p><img loading=\"lazy\" decoding=\"async\" src=\"https:\/\/i.postimg.cc\/vBSQkbB0\/image.png\" alt=\"Garten mit Rosen\" width=\"640\" height=\"385\" \/><\/p>\n<p>Der Blick f\u00e4llt auf den terrassierten Bereich an der hinteren Grundst\u00fccksgrenze mit diversen bl\u00fchenden Pflanzen. Links von der Terrasse steht ein Schmetterlingsflieder mit seinen tiefblauen Bl\u00fctendolden. Schmetterlinge laben sich m Nektar der vielen Bl\u00fcten. Der Oleanderstrauch auf der Terrasse beginnt ebenfalls zu bl\u00fchen. Und die Zitrone daneben hat sich vom Fr\u00fchlingsschnitt erholt und ist kr\u00e4ftig ausgetrieben. Eine kleine gr\u00fcne Zitrone ist als Fruchtansatz zu erkennen und wird wohl heranreifen.<\/p>\n<p>Meine Frau hat den gr\u00fcnen Daumen &#8211; ich bin eher der Grobmotoriker mit der Kettens\u00e4ge &#8211; bzw. der Heckenschere, der Frau immer viel zu viel an den Str\u00e4uchern abschneidet (aber die B\u00fcsche danken es mit kr\u00e4ftigem Wachstum). Vielleicht bl\u00fcht in zwei Wochen der dreifarbige Hibiskus-Strauch, den ich vor drei Jahren als d\u00fcnne Rute gepflanzt habe.<\/p>\n<p>Diese f\u00fcnf Minuten der Stille im Garten einfach nutzen, um den Bienen, Hummeln und Schmetterlingen zusehen, wie sie die Bl\u00fcten besuchen, um Nektar zu sammeln. Leben kann echt sch\u00f6n sein &#8211; ich mache mir in solchen Momenten bewusst, welches Privileg es ist, in einer solchen Umgebung seit 25 Jahren leben und arbeiten zu d\u00fcrfen &#8211; und nach einem Genickbruch mit inkompletter Querschnittssymptomatik vor 10 Jahren (\u00fcbrigens beim Sport erlitten) heute wieder auf eigenen F\u00fc\u00dfen durch den eigenen Garten laufen zu k\u00f6nnen.<\/p>\n<p><strong>\u00c4hnliche Artikel<\/strong><br \/>\n<a href=\"https:\/\/borncity.eu\/senioren\/2025\/06\/14\/rosen-trilogie-i-besuch-im-palmengarten-mit-rosenausstellung\/\">Rosen-Trilogie I: Besuch im Palmengarten mit Rosenausstellung<\/a><br \/>\n<a href=\"https:\/\/borncity.eu\/senioren\/2025\/06\/15\/rosen-trilogie-ii-rheinsteig-rauenthal-und-rosenstadt-eltville\/\">Rosen-Trilogie II: Rheinsteig (Rauenthal) und Rosenstadt Eltville<\/a><br \/>\n<a href=\"https:\/\/borncity.eu\/senioren\/2025\/06\/16\/rosen-trilogie-iii-abstecher-zum-rosendorf-steinfurt\/\">Rosen-Trilogie III: Abstecher zum Rosendorf Steinfurt<\/a><br \/>\n<a href=\"https:\/\/borncity.eu\/senioren\/2025\/06\/29\/rosenbluete-im-garten-sommer-2025\/\" rel=\"bookmark\">Rosenbl\u00fcte im Garten (Sommer 2025)<\/a><\/p>\n<p><a href=\"https:\/\/borncity.eu\/senioren\/2021\/08\/31\/mann-und-das-drama-um-den-heckenschnitt\/\" rel=\"bookmark\">Mann und das Drama um den Heckenschnitt \u2026<\/a><br \/>\n<a href=\"https:\/\/borncity.eu\/senioren\/2021\/01\/31\/im-keller-wo-die-zitronen-blhen\/\" rel=\"bookmark\">Im Keller, wo die Zitronen bl\u00fchen<\/a><br \/>\n<a href=\"https:\/\/borncity.eu\/senioren\/2020\/10\/16\/urban-gardening-herbstfrchtchen-2020\/\" rel=\"bookmark\">Urban Gardening: Herbstfr\u00fcchtchen 2020<\/a><br \/>\n<a href=\"https:\/\/borncity.eu\/senioren\/2021\/06\/12\/its-dolmades-time-der-frhsommer-ist-da\/\" rel=\"bookmark\">It's Dolmades-Time \u2013 der Fr\u00fchsommer 2021 ist da \u2026<\/a><br \/>\n<a href=\"https:\/\/borncity.eu\/senioren\/2020\/07\/03\/frhsommer-weinbltter-dolmades\/\" rel=\"bookmark\">Fr\u00fchsommer, Weinbl\u00e4tter, Dolmades<\/a><br \/>\n<a href=\"https:\/\/borncity.eu\/senioren\/2021\/09\/24\/gartengeflster-braunfule-an-tomaten\/\" rel=\"bookmark\">Gartengefl\u00fcster: Braunf\u00e4ule an Tomaten bek\u00e4mpfen<\/a><br \/>\n<a href=\"https:\/\/borncity.eu\/senioren\/2022\/08\/01\/der-dmmste-bauer-hat-die-dicksten-tomaten\/\" rel=\"bookmark\">Der d\u00fcmmste Bauer hat die dicksten Tomaten<\/a><br \/>\n<a href=\"https:\/\/borncity.eu\/senioren\/2021\/04\/23\/1er-rhabarberkuchen-wie-gewonnen-so-zerronnen\/\" rel=\"bookmark\">Erster Rhabarberkuchen im Jahr: Wie gewonnen, so zerronnen<\/a><br \/>\n<a href=\"https:\/\/borncity.eu\/senioren\/2020\/08\/24\/lampionblumen-in-meinem-garten\/\" rel=\"bookmark\">Lampionblumen in meinem Garten<\/a><br \/>\n<a href=\"https:\/\/borncity.eu\/senioren\/2021\/01\/27\/der-liebesperlenstrauch-im-garten\/\" rel=\"bookmark\">Der Liebesperlenstrauch im Garten<\/a><br \/>\n<a href=\"https:\/\/borncity.eu\/senioren\/2018\/09\/18\/johannisbeeren-ein-wahrer-fettkiller\/\" rel=\"bookmark\">Johannisbeeren, ein wahrer Fettkiller<\/a><br \/>\n<a href=\"https:\/\/borncity.eu\/senioren\/2020\/07\/13\/schmetterlingsflieder-im-juli-2020\/\" rel=\"bookmark\">Schmetterlingsflieder im Juli 2020<\/a><br \/>\n<a href=\"https:\/\/borncity.eu\/senioren\/2019\/06\/22\/sommergarten-2019-bartnelken\/\" rel=\"bookmark\">Sommergarten 2019: Bartnelken<\/a><br \/>\n<a href=\"https:\/\/borncity.eu\/senioren\/2019\/06\/20\/wilder-sommergarten-2019\/\" rel=\"bookmark\">Wilder Sommergarten: Juni 2019<\/a><br \/>\n<a href=\"https:\/\/borncity.eu\/senioren\/2017\/08\/14\/impressionen-vom-sommergarten-malven-und-mehr\/\" rel=\"bookmark\">Impressionen vom Sommergarten: Malven, Zinnien und mehr<\/a><\/p>\n","protected":false},"excerpt":{"rendered":"<p>Wir haben Juli 2025 und in unserem Garten w\u00e4chst und bl\u00fcht es. Es herrschen sommerliche Temperaturen in Deutschland (die Medien schreiben von Hitzewelle und flippen regelrecht aus &#8211; auch fr\u00fcher war es im Sommer warm). Am fr\u00fcheren Morgen ist es &hellip; <a href=\"https:\/\/borncity.eu\/senioren\/2025\/07\/02\/sommer-2025-fuenf-stille-minuten-am-morgen-im-garten\/\">Weiterlesen <span class=\"meta-nav\">&rarr;<\/span><\/a><\/p>\n","protected":false},"author":1,"featured_media":0,"comment_status":"open","ping_status":"closed","sticky":false,"template":"","format":"standard","meta":{"footnotes":""},"categories":[18,13],"tags":[507,119],"class_list":["post-28263","post","type-post","status-publish","format-standard","hentry","category-foto","category-natur","tag-garten","tag-natur"],"_links":{"self":[{"href":"https:\/\/borncity.eu\/senioren\/wp-json\/wp\/v2\/posts\/28263","targetHints":{"allow":["GET"]}}],"collection":[{"href":"https:\/\/borncity.eu\/senioren\/wp-json\/wp\/v2\/posts"}],"about":[{"href":"https:\/\/borncity.eu\/senioren\/wp-json\/wp\/v2\/types\/post"}],"author":[{"embeddable":true,"href":"https:\/\/borncity.eu\/senioren\/wp-json\/wp\/v2\/users\/1"}],"replies":[{"embeddable":true,"href":"https:\/\/borncity.eu\/senioren\/wp-json\/wp\/v2\/comments?post=28263"}],"version-history":[{"count":6,"href":"https:\/\/borncity.eu\/senioren\/wp-json\/wp\/v2\/posts\/28263\/revisions"}],"predecessor-version":[{"id":28269,"href":"https:\/\/borncity.eu\/senioren\/wp-json\/wp\/v2\/posts\/28263\/revisions\/28269"}],"wp:attachment":[{"href":"https:\/\/borncity.eu\/senioren\/wp-json\/wp\/v2\/media?parent=28263"}],"wp:term":[{"taxonomy":"category","embeddable":true,"href":"https:\/\/borncity.eu\/senioren\/wp-json\/wp\/v2\/categories?post=28263"},{"taxonomy":"post_tag","embeddable":true,"href":"https:\/\/borncity.eu\/senioren\/wp-json\/wp\/v2\/tags?post=28263"}],"curies":[{"name":"wp","href":"https:\/\/api.w.org\/{rel}","templated":true}]}}