{"id":28314,"date":"2025-07-13T00:05:37","date_gmt":"2025-07-12T22:05:37","guid":{"rendered":"https:\/\/borncity.com\/senioren\/?p=28314"},"modified":"2025-07-07T16:30:38","modified_gmt":"2025-07-07T14:30:38","slug":"rewe-und-regionale-produkte-erfolg-gegen-wiesenhof","status":"publish","type":"post","link":"https:\/\/borncity.eu\/senioren\/2025\/07\/13\/rewe-und-regionale-produkte-erfolg-gegen-wiesenhof\/","title":{"rendered":"Rewe und regionale Produkte: Erfolg gegen Wiesenhof"},"content":{"rendered":"<p><img loading=\"lazy\" decoding=\"async\" style=\"float: left; margin: 0px 10px 0px 0px; display: inline; border-width: 0px;\" title=\"Recht\" src=\"https:\/\/www.borncity.com\/blog\/wp-content\/uploads\/2018\/11\/Para.jpg\" alt=\"Paragraph\" width=\"91\" height=\"88\" align=\"left\" border=\"0\" \/>Im Onlineshop von Rewe lie\u00df der Anbieter Wiesenhof verschiedene Wurstprodukte mit dem Hinweis \"von regionalen H\u00f6fen\" bewerben. Da die Produkte deutschlandweit erh\u00e4ltlich sind, kann aus Sicht der Verbraucherzentrale nicht gew\u00e4hrleistet werden, dass sie tats\u00e4chlich aus der Region der jeweiligen K\u00e4ufer und K\u00e4uferinnen stammen und hat geklagt und Recht bekommen.<\/p>\n<p><!--more--><\/p>\n<p>Es ist ein \u00c4rgernis f\u00fcr viele Verbraucher: Es wird im Supermarkt mit regionalen Produkten geworben, die teilweise hunderte Kilometer entfernt produziert wurden. \"Werbung darf nicht irref\u00fchrend sein\", sagt Gabriele Bernhardt, Rechtsexpertin der Verbraucherzentrale Baden-W\u00fcrttemberg, \"dagegen hat die Wiesenhof Gefl\u00fcgel-Kontor GmbH mit ihrer Werbung f\u00fcr Gefl\u00fcgelwurst klar versto\u00dfen.\"<\/p>\n<p>Die Verbraucherzentrale hat dann gegen diese irref\u00fchrende Werbung geklagt. Der Hersteller Wiesenhof bekam zun\u00e4chst vor dem Landgericht Oldenburg Recht und konnte weiter deutschlandweit mit \"Regional\" werben. Aber die Verbraucherzentrale hat Revision vor dem Oberlandesgericht Oldenburg beantragt und erhielt vollumf\u00e4nglich Recht (<a href=\"https:\/\/www.verbraucherzentrale-bawue.de\/verbandsklagen\/klage-gegen-wiesenhof-96367\" target=\"_blank\" rel=\"noopener\">Az. 6 U 23\/25<\/a>, nicht rechtskr\u00e4ftig).<br \/>\n\u00ad<br \/>\n\u00adWenn das Gefl\u00fcgelfleisch \u2013 wie im vorliegenden Fall \u2013 aus unterschiedlichen Regionen stammt, kann nicht sichergestellt werden, dass das Produkt auch aus der jeweiligen Region stammt, in der es verkauft wird. Die Bewerbung mit dem Versprechen \u201evon regionalen H\u00f6fen\" ist daher irref\u00fchrend.<\/p>\n<p><img decoding=\"async\" title=\"Recht\" src=\"https:\/\/borncity.eu\/senioren\/wp-content\/uploads\/2023\/05\/RKElCF4.jpg\" alt=\"Recht\" \/><br \/>\n(Quelle: Pexels Lizenz)<\/p>\n<p>In erster Instanz hatte das Landgericht Oldenburg noch zugunsten von Wiesenhof entschieden und die Werbung als zul\u00e4ssig eingestuft. Der Grund: Eine Irref\u00fchrung liege nicht vor, da der regionale Bezug auch zuf\u00e4llig zutreffen k\u00f6nne. \u201eHier hat das OLG klargestellt, dass der Werbeclaim \u201evon regionalen H\u00f6fen\" nicht verwendet werden darf, da eine Irref\u00fchrung der Verbraucher:innen grunds\u00e4tzlich m\u00f6glich ist und nicht ausgeschlossen werden kann\", erkl\u00e4rt Bernhardt.<\/p>\n<h2>Markeninhaber ist f\u00fcr Werbung verantwortlich<\/h2>\n<p>Wiesenhof hatte sich au\u00dferdem darauf berufen, nicht daf\u00fcr verantwortlich zu sein, wie andere Anbieter \u2013 in diesem Fall Rewe \u2013 f\u00fcr ihre Produkte werben. Auch dieser Argumentation widersprach das OLG. Da die Wiesenhof Gefl\u00fcgel-Kontor GmbH f\u00fcr das Marketing des Konzerns zust\u00e4ndig sei, h\u00e4tte sie ihre Marke f\u00fcr diese Art von Werbung nicht zur Verf\u00fcgung stellen d\u00fcrfen und sei sehr wohl daf\u00fcr verantwortlich.<\/p>\n<p>Der Claim ist laut Urteil des OLG \u201eso offensichtlich irref\u00fchrend, dass schon die blo\u00dfe Kenntnis von seiner Verwendung die Beklagte [Wiesenhof] zur Pr\u00fcfung und zum Eingreifen veranlassen musste.\"<\/p>\n<p>Auch Rewe als Betreiberin des Onlineshops hatte die Verbraucherzentrale in die Verantwortung genommen und vor dem Landgericht K\u00f6ln ein Anerkenntnisurteil in ihrem Sinne erhalten (Az. 84 O 68\/24, nicht rechtskr\u00e4ftig)<\/p>\n<p>Gabriele Bernhardt zeigt sich mit dem Urteil zufrieden, fordert jedoch auch gesetzliche Regelungen. \u201eUns erreichen regelm\u00e4\u00dfig Verbraucherbeschwerden zu irref\u00fchrenden oder falschen Angaben zur Regionalit\u00e4t von Lebensmitteln\", sagt die Juristin, \u201ees braucht klare Regeln und Definitionen, was \u201aregional' bedeutet \u2013 erst dann k\u00f6nnen Verbraucher sich beim Einkauf auf die Angaben wirklich verlassen.\"<\/p>\n","protected":false},"excerpt":{"rendered":"<p>Im Onlineshop von Rewe lie\u00df der Anbieter Wiesenhof verschiedene Wurstprodukte mit dem Hinweis \"von regionalen H\u00f6fen\" bewerben. Da die Produkte deutschlandweit erh\u00e4ltlich sind, kann aus Sicht der Verbraucherzentrale nicht gew\u00e4hrleistet werden, dass sie tats\u00e4chlich aus der Region der jeweiligen K\u00e4ufer &hellip; <a href=\"https:\/\/borncity.eu\/senioren\/2025\/07\/13\/rewe-und-regionale-produkte-erfolg-gegen-wiesenhof\/\">Weiterlesen <span class=\"meta-nav\">&rarr;<\/span><\/a><\/p>\n","protected":false},"author":1,"featured_media":0,"comment_status":"open","ping_status":"closed","sticky":false,"template":"","format":"standard","meta":{"footnotes":""},"categories":[1,28],"tags":[168],"class_list":["post-28314","post","type-post","status-publish","format-standard","hentry","category-allgemein","category-essen","tag-allgemein"],"_links":{"self":[{"href":"https:\/\/borncity.eu\/senioren\/wp-json\/wp\/v2\/posts\/28314","targetHints":{"allow":["GET"]}}],"collection":[{"href":"https:\/\/borncity.eu\/senioren\/wp-json\/wp\/v2\/posts"}],"about":[{"href":"https:\/\/borncity.eu\/senioren\/wp-json\/wp\/v2\/types\/post"}],"author":[{"embeddable":true,"href":"https:\/\/borncity.eu\/senioren\/wp-json\/wp\/v2\/users\/1"}],"replies":[{"embeddable":true,"href":"https:\/\/borncity.eu\/senioren\/wp-json\/wp\/v2\/comments?post=28314"}],"version-history":[{"count":2,"href":"https:\/\/borncity.eu\/senioren\/wp-json\/wp\/v2\/posts\/28314\/revisions"}],"predecessor-version":[{"id":28316,"href":"https:\/\/borncity.eu\/senioren\/wp-json\/wp\/v2\/posts\/28314\/revisions\/28316"}],"wp:attachment":[{"href":"https:\/\/borncity.eu\/senioren\/wp-json\/wp\/v2\/media?parent=28314"}],"wp:term":[{"taxonomy":"category","embeddable":true,"href":"https:\/\/borncity.eu\/senioren\/wp-json\/wp\/v2\/categories?post=28314"},{"taxonomy":"post_tag","embeddable":true,"href":"https:\/\/borncity.eu\/senioren\/wp-json\/wp\/v2\/tags?post=28314"}],"curies":[{"name":"wp","href":"https:\/\/api.w.org\/{rel}","templated":true}]}}