{"id":28499,"date":"2025-08-17T00:06:03","date_gmt":"2025-08-16T22:06:03","guid":{"rendered":"https:\/\/borncity.com\/senioren\/?p=28499"},"modified":"2025-08-15T21:11:29","modified_gmt":"2025-08-15T19:11:29","slug":"mein-spiegelbild-astrophysiker-harry-enke-arbeitet-mit-71-noch-vollzeit","status":"publish","type":"post","link":"https:\/\/borncity.eu\/senioren\/2025\/08\/17\/mein-spiegelbild-astrophysiker-harry-enke-arbeitet-mit-71-noch-vollzeit\/","title":{"rendered":"Mein Spiegelbild? Astrophysiker Harry Enke arbeitet mit 71 noch Vollzeit"},"content":{"rendered":"<p><img loading=\"lazy\" decoding=\"async\" class=\"alignleft\" src=\"https:\/\/i.postimg.cc\/TYPpqZXF\/image.png\" alt=\"Astrophysiker Harry Enke arbeitet mit 71 noch Vollzeit\" width=\"248\" height=\"200\" \/>Es war eine Schlagzeile, die mir die Tage in einer Tageszeitung aufgefallen ist. Harry Enke ist 71 Jahre alt, aber noch l\u00e4ngst nicht in Rente. Er ist Astrophysiker und leitet am Astrophysikalischen Institut Potsdam eine Abteilung f\u00fcr Supercomputing und E-Science. Derzeit sitzt er auf einer Vollzeitstelle, aufh\u00f6ren will er noch nicht. Da klingelte was, und ich dachte beim Lesen in einen Spiegel zu schauen. Zeit f\u00fcr einen kleinen Beitrag.<\/p>\n<p><!--more--><\/p>\n<p><img loading=\"lazy\" decoding=\"async\" src=\"https:\/\/vg07.met.vgwort.de\/na\/73061781330144f7a095728c7cc4a76f\" alt=\"\" width=\"1\" height=\"1\" \/>In den vergangenen Tagen wurde ja diskutiert, dass unsere Sozialsysteme in finanzielle Schieflage geraten sind und Menschen bis 70 Jahre arbeiten m\u00fcssten, bis die Rente kommt. Das schafft der Dachdecker nicht, war eine Aussage. Im Rahmen dieser Diskussion las ich dann Beitr\u00e4ge von \"Dachdecker\"-Berufen, wo Firmeninhaber durchaus f\u00fcr Arbeiten bis 70 pl\u00e4dierten. Aber die \u00c4lteren ben\u00f6tigen angepasste Arbeitspl\u00e4tze, war die Aussage, die der Leistungsf\u00e4higkeit angepasst sind. Aus meiner Sicht ein valides Argument.<\/p>\n<h2>Arbeiten im Alter<\/h2>\n<p>Hier im Blog habe ich mich ja mehrfach mit Arbeiten im Alter, als Rentner noch Geld verdienen m\u00fcssen etc. befasst (siehe Artikel am Beitragsende). Ja, ich kann verstehen, dass einzelne Menschen mit 65 bis 67 Jahren genug vom Arbeitsleben haben und \"in Rente gehen m\u00f6chten\". Und es gibt die Menschen, deren Rente so gering ausf\u00e4llt, dass sie auch neben der Rente noch arbeiten m\u00fcssen.<\/p>\n<p>Aber es gibt Menschen, die mit Freude am liebsten bis 100 arbeiten wollen. Wolfgang Krupp, ehemaliger Chef der Textilfirma Trigema, ist erst 2023 mit \u00fcber 80 Jahren aus der Unternehmensleitung ausgeschieden und machte im Mai 2025 durch einen Suizid-Versuch Schlagzeilen. Im Artikel <a href=\"https:\/\/borncity.eu\/senioren\/2025\/06\/25\/wenn-die-rente-nicht-kommen-will-apothekerin-mit-102\/\" rel=\"bookmark\">Wenn die Rente nicht kommen will: Apothekerin mit 102<\/a> hatte ich \u00fcber eine Dame aus Japan berichtet, die auch mit 102 Jahren noch eine Apotheke in Tokyo f\u00fchrt. Alles hat seine Zeit, und irgendwann kommt auch die Rente.<\/p>\n<p>Das ist die Bandbreite dessen, was das Thema \"erst mit 70 in Rente\" umfasst. Es gibt Menschen, die k\u00f6nnen nicht bis zu dieser Grenze arbeiten. Und es gibt Menschen, die wollen auch jenseits der gesetzlichen Altersruhegrenze noch arbeiten. Derzeit wird das alles noch \"\u00fcber einen Kamm geschoren\", speziell bei Unternehmen.<\/p>\n<p>Mir sind die F\u00e4lle im Bekanntenkreis vor Augen, und die Entwicklung, als es auf die Rente zu ging. Ich hatte einen Mitarbeiter im Unternehmen, welches ich 1993 verlassen habe. Der wusste damals schon, wann er \"in Rente geht\". Ich fand es schlimm, zu wissen, noch 25 und mehr Jahre irgendwo arbeiten zu m\u00fcssen, wo es keine Freude macht. War f\u00fcr mich der Grund, das Unternehmen zu verlassen. Im Fr\u00fchjahr 2025 haben wir diese Person beerdigt, verstorben mit 71 Jahren.<\/p>\n<p>Ich habe eine weitere Person vor Augen, die Zeit ihres Lebens (zumindest in der Phase, wo ich sie\u00a0 kannte) auf den Arbeitgeber geschimpft hat und die Rente mit 60 (wegen Schwerbehinderung) herbeigesehnt hat. Und ich kenne die frustrierenden Geschichten von Bekannten, die positiv oder wenig von ihrer Arbeit berichteten &#8211; also zufrieden schienen. Und so 1 1\/2 Jahre vor der Rente kippte die Stimmung, weil der Mensch im Unternehmen nicht mehr gesch\u00e4tzt wurde, so dass die Tage bis zur Rente gez\u00e4hlt wurden.<\/p>\n<p>Aber ich kenne auch die F\u00e4lle, wo Menschen mit Freude auch \u00fcber das gesetzliche Renteneintrittsalter hinaus arbeiten. Am Ende dieses Beitrags gibt es Links auf weitere Beitr\u00e4ge, wo Menschen genau das tun und bis ins hohe Alter arbeiten. Und damit sind wir Thema dieses Beitrags angelangt.<\/p>\n<h2>Astrophysiker Harry Enke arbeitet mit 71 noch Vollzeit<\/h2>\n<p>Es war die Geschichte von Harry Enke, der als Astrophysiker am Astrophysikalischen Institut Potsdam eine Abteilung f\u00fcr Supercomputing und E-Science leitet und mit 71 Jahren noch auf einer Vollzeitstelle arbeitet.<\/p>\n<p><img loading=\"lazy\" decoding=\"async\" src=\"https:\/\/i.postimg.cc\/TYPpqZXF\/image.png\" alt=\"Astrophysiker Harry Enke arbeitet mit 71 noch Vollzeit\" width=\"640\" height=\"515\" \/><br \/>\nHarry Enke arbeitet mit 71 noch Vollzeit<\/p>\n<p>Obiges Foto zeigt Harry Enke vor seinen Institutsr\u00e4umen. Ich verzichte auf eine Verlinkung, weil der Artikel nur mit Abonnement gelesen werden kann. Aber in einem Beitrag war die Rede von \"Astrophysik ist auch mein Hobby\", als Begr\u00fcndung, warum Herr Enke auch noch mit 71 Jahren eine Vollzeitstelle in der Wissenschaft bekleidet und arbeitet. Ich hatte Zugriff auf den gesamten Artikeltext und kam aus den deja-vue-Erlebnissen nicht mehr heraus.<\/p>\n<p>Harry Enkes Berufsweg als Astrophysiker war nicht so vorgezeichnet. Der junge Enkes fing als Werkzeugmacher an. Dann hat er hat Festk\u00f6rperphysik studiert. W\u00e4hrend seiner Promotion hat er im Corporate Design gearbeitet, und Computerprogramme f\u00fcr Office-Anwendungen geschrieben.<\/p>\n<p>Meine Wenigkeit ist 1969 als Elektroinstallateurs-Lehrling ins Berufsleben gestartet, wahnsinnig spannend, aber mit argen H\u00f6hen und Tiefen. H\u00e4tte vielleicht auch ein KFZ-Mechaniker werden k\u00f6nnen (wie im Beitrag <a href=\"https:\/\/borncity.eu\/senioren\/?p=16713\">Meine \u201eSchrauberjahre\"-Teil 1: Der F\u00fchrerschein \u2026<\/a> durchschimmert).<\/p>\n<p>Warum es dann doch kein KFZ-Mechaniker wurde und wie mein Berufsleben verlief, habe ich im Beitrag\u00a0<a href=\"https:\/\/borncity.eu\/senioren\/2021\/05\/17\/der-jung-soll-was-anstndiges-lernen\/\">Jung soll was anst\u00e4ndiges lernen<\/a> skizziert. Nach der Lehre habe ich meine Fachhochschulreife nachgeholt. Warum das so lief, hatte ich im Beitrag\u00a0<a href=\"https:\/\/borncity.eu\/senioren\/2021\/11\/24\/fast-wre-ich-papst-geworden\/\" rel=\"bookmark\">Lebenslinien: Fast w\u00e4re ich Papst geworden<\/a> angerissen &#8211; Wechself\u00e4lle des Lebens.<\/p>\n<p>Im Anschluss habe ich nach meinem Wehrdienst keine Physik oder Astrophysik, sondern Physikalische Technik studiert. Die Ingenieurtechnik an einer Fachhochschule lag mir n\u00e4her als theoretische Physik und Astrophysik, auch wenn es mich interessiert h\u00e4tte.<\/p>\n<p>Die Ingenieure der physikalischen Technik sind die Leute, die oft die Instrumente f\u00fcr Astronomen und Physiker bauen. Seinerzeit h\u00e4tte ich vielleicht in der Forschung landen k\u00f6nnen, wie ich augenzwinkernd im Beitrag\u00a0<a href=\"https:\/\/borncity.eu\/senioren\/2025\/06\/10\/wie-ich-fast-am-nobel-preis-vorbei-geschrammt-waere\/\" rel=\"bookmark\">Wie ich \"fast\" am Nobel-Preis vorbei geschrammt w\u00e4re \u2026<\/a> verraten habe.<\/p>\n<p>Aber die Lebenswege von Enke und mir haben sich doch etwas anders entwickelt. Er fuhr eines Tages an seiner heutigen Arbeitsstelle vorbei und dachte \"da will ich arbeiten\", bewarb sich und bekam die heutige Stelle. F\u00fcr mich kamen als junger Ingenieur weder Post noch irgend ein Institut oder eine Beh\u00f6rde als Arbeitgeber in Frage. Ich wollte hoch hinaus, mit Raketen zu den Sternen fliegen (oder das m\u00f6glich machen), und was bewegen. Ach ja, Science Fiction habe ich &#8211; wie Enke &#8211; auch gerne gelesen. Aber Theorie war nichts f\u00fcr mich, und Geduld schon zwei Mal nicht.<\/p>\n<p>Hat also mit den Sternen nicht ganz geklappt, und ich habe nach 1,5 Jahren den Exit gew\u00e4hlt, dann bin ich \"in der Informatik, bei Rechnern und in der Software-Entwicklung\" gelandet, was mich mehr faszinierte (und 1981 \"brandhei\u00dfer Schei\u00df\" war, Steve Jobs hat damals Apple, und Bill Gates Microsoft, zum Erfolg gef\u00fchrt). Die T\u00e4tigkeit in der Informatik hat die Grundlagen f\u00fcr einen weiteren Lebensweg gelegt, denn 1993 hatte ich genug vom Arbeitsleben als Angestellter, h\u00e4ngte einen Job im unteren Management an den Nagel und wollte (flapsig gesprochen) \"reich und ber\u00fchmt\" werden.<\/p>\n<p>Denn ich machte mein Hobby zum Beruf, n\u00e4mlich das Schreiben von Computerb\u00fcchern als freiberuflich t\u00e4tiger Autor. Hier kommt wieder die Ber\u00fchrung mit Enke, der Astrophysik als Hobby bezeichnet. Ich sage schon mal \"ich habe mein Hobby zum Beruf gemacht, und musste seit dieser Zeit nie wieder arbeiten\". Gut, Computerb\u00fccher sind seit Jahren tot und tragen nicht mehr zum Lebensunterhalt bei. Aber ich bin am 1. Oktober 2025 seit 32 Jahren erfolgreich selbst\u00e4ndig. Seit 18 Jahren bin ich auch als Blogger unterwegs und kann seit 2015 sogar davon leben.<\/p>\n<p>Im Gegensatz zu Harry Enke habe ich mit 67 meine Rente beantragt (war ein eigenes Abenteuer als K\u00fcnstler, siehe <a href=\"https:\/\/borncity.eu\/senioren\/2021\/04\/22\/ich-pseudo-rentner\/\" rel=\"bookmark\">Ich Pseudo-Rentner \u2026<\/a>), bin mit 70 aber immer noch selbst\u00e4ndig und finanziere mich (oder meine \"Betriebsrente\") \u00fcber meine Blogs. Ans Aufh\u00f6ren mag ich, wie Harry Enke, solange noch nicht denken, wie es m\u00f6glich ist, ich es noch kann und es Spa\u00df macht.<\/p>\n<p>Und damit haben wir die gesamte Bandbreite von \"noch arbeiten m\u00fcssen\" bis \"auch im Alter noch arbeiten d\u00fcrfen und was sinnvolles tun\". Man sollte also nicht alle Menschen \u00fcber einen Kamm scheren. Aber ich blicke &#8211; so wie vermutlich auch Harry Enke &#8211; mit Dankbarkeit und Freude auf mein Berufsleben zur\u00fcck und wei\u00df es zu sch\u00e4tzen, auch mit 70 einer sinnvollen Besch\u00e4ftigung nachgehen zu d\u00fcrfen. Auch wenn meine Frau sagt: \"Kannst Du nicht endlich Rentner sein, den Keller aufr\u00e4umen und dann mit Pantoffeln im Wohnzimmersessel Zeitung lesen\".<\/p>\n<p><strong>\u00c4hnliche Artikel:<\/strong><br \/>\n<a href=\"https:\/\/borncity.eu\/senioren\/2019\/09\/16\/rent-a-rentner-arbeitsvermittlung-fr-senioren\/\">Rent a Rentner: Arbeitsvermittlung f\u00fcr Senioren<\/a><br \/>\n<a href=\"https:\/\/borncity.eu\/senioren\/2019\/07\/11\/arbeitsleben-beeinflusst-die-lebenserwartung\/\">Arbeitsleben beeinflusst die Lebenserwartung<\/a><br \/>\n<a href=\"https:\/\/borncity.eu\/senioren\/2018\/10\/17\/mehr-senioren-arbeiten-neben-dem-ruhestand\/\">Mehr Senioren arbeiten neben dem Ruhestand<\/a><br \/>\n<a href=\"https:\/\/borncity.eu\/senioren\/2018\/10\/01\/rente-mit-63-und-anrechnung-von-arbeitslosenzeiten\/\">Urteil: Anrechnung von Arbeitslosenzeiten bei Rente mit 63<\/a><br \/>\n<a href=\"https:\/\/borncity.eu\/senioren\/2021\/05\/27\/heute-sprecherin-petra-gerster-abschied-in-den-ruhestand-lebbe-geht-weider\/\">Heute-Sprecherin Petra Gerster, Abschied in den Ruhestand: \"Lebbe geht weider\"<\/a><br \/>\n<a href=\"https:\/\/borncity.eu\/senioren\/2020\/11\/20\/ruhestand-ehepaare-verfgen-durchschnittlich-ber-2907-euro-netto-monatlich\/\">Ruhestand: Ehepaare haben durchschnittlich \u00fcber 2907 Euro Netto monatlich<\/a><br \/>\n<a href=\"https:\/\/borncity.eu\/senioren\/2021\/06\/16\/heute-sprecher-claus-kleber-hrt-ende-2021-auf\/\">Heute-Sprecher Claus Kleber h\u00f6rt Ende 2021 auf \u2026<\/a><br \/>\n<a href=\"https:\/\/borncity.eu\/senioren\/2020\/11\/23\/mr-tagesschau-jan-hofer-geht-in-rente\/\">Mr. Tagesschau, Jan Hofer, geht in Rente<\/a><br \/>\n<a href=\"https:\/\/borncity.eu\/senioren\/2020\/12\/15\/jan-geh-du-voran-hofers-letzte-tagesschau\/\">Jan, geh Du voran \u2013 Hofers letzte Tagesschau \u2026<\/a><\/p>\n<p><a href=\"https:\/\/borncity.eu\/senioren\/?p=1713\">Tipp: Die Rentenberatung der Deutsche Rentenversicherung<\/a><br \/>\n<a href=\"https:\/\/borncity.eu\/senioren\/?p=1724\">Rentenantr\u00e4ge bei der Deutsche Rentenversicherung anfordern<\/a><br \/>\n<a href=\"https:\/\/borncity.eu\/senioren\/?p=1728\">Tipp: Erg\u00e4nzende Informationen f\u00fcr Rentner bei der DRV<\/a><br \/>\n<a href=\"https:\/\/borncity.eu\/senioren\/2016\/10\/13\/rentenantrge-bei-der-deutsche-rentenversicherung-anfordern\/\">Rentenantr\u00e4ge bei der Deutsche Rentenversicherung anfordern<\/a><br \/>\n<a href=\"https:\/\/borncity.eu\/senioren\/2017\/01\/05\/tipp-online-rechner-fr-rentenhhe-und-beginn\/\">Tipp: Online-Rechner f\u00fcr Rentenh\u00f6he und \u2013beginn<\/a><br \/>\n<a href=\"https:\/\/borncity.eu\/senioren\/2018\/06\/11\/urteil-zum-versorgungsausgleich-nach-tod-des-begnstigten\/\">Urteil zum Versorgungsausgleich nach Tod des Beg\u00fcnstigten<\/a><br \/>\n<a href=\"https:\/\/borncity.eu\/senioren\/2018\/10\/01\/rente-mit-63-und-anrechnung-von-arbeitslosenzeiten\/\">Urteil: Anrechnung von Arbeitslosenzeiten bei Rente mit 63<\/a><br \/>\n<a href=\"https:\/\/borncity.eu\/senioren\/2018\/10\/19\/pflegende-angehrige-tipps-fr-mehr-rente\/\">Pflegende Angeh\u00f6rige: Tipps f\u00fcr mehr Rente<\/a><br \/>\n<a href=\"https:\/\/borncity.eu\/senioren\/2018\/10\/17\/mehr-senioren-arbeiten-neben-dem-ruhestand\/\">Mehr Senioren arbeiten neben dem Ruhestand<\/a><br \/>\n<a href=\"https:\/\/borncity.eu\/senioren\/2018\/11\/09\/gekrzte-mtterrente-und-die-rentenerhhung-2019\/\">Gek\u00fcrzte M\u00fctterrente und die Rentenerh\u00f6hung 2019<\/a><br \/>\n<a href=\"https:\/\/borncity.eu\/senioren\/2018\/01\/18\/arbeiten-im-hheren-lebensalter\/\">Arbeiten im h\u00f6heren Lebensalter \u2026 warum nicht?<\/a><br \/>\n<a href=\"https:\/\/borncity.eu\/senioren\/2021\/10\/16\/die-arbeitswelt-von-morgen-und-die-alternde-gesellschaft\/\">Die Arbeitswelt von morgen und die alternde Gesellschaft<\/a><br \/>\n<a href=\"https:\/\/borncity.eu\/senioren\/2022\/08\/09\/arbeiten-im-rentenalter-1-3-der-deutschen-frchten-dass-die-rente-nicht-reicht\/\" rel=\"bookmark\">Arbeiten im Rentenalter: 1\/3 der Deutschen f\u00fcrchten, dass die Rente nicht reicht<\/a><br \/>\n<a href=\"https:\/\/borncity.eu\/senioren\/2022\/06\/13\/42-stunden-pro-woche-arbeiten-statt-mit-70-in-rente\/\" rel=\"bookmark\">42 Stunden pro Woche arbeiten, statt mit 70 in Rente?<\/a><br \/>\n<a href=\"https:\/\/borncity.eu\/senioren\/2016\/09\/12\/arbeiten-im-ruhestand-immer-mehr-tun-es\/\">Arbeiten im Ruhestand\u2013immer mehr tun es<\/a><br \/>\n<a href=\"https:\/\/borncity.eu\/senioren\/2021\/04\/22\/ich-pseudo-rentner\/\" rel=\"bookmark\">Ich Pseudo-Rentner \u2026<\/a><\/p>\n<p><a href=\"https:\/\/borncity.eu\/senioren\/2017\/08\/08\/es-ist-nie-zu-spt-japanerin-entwickelt-mit-ber-80-apps-2\/\">Es ist nie zu sp\u00e4t: Japanerin entwickelt mit \u00fcber 80 Apps<\/a><br \/>\n<a href=\"https:\/\/borncity.eu\/senioren\/2017\/12\/07\/100-jahr-und-noch-nix-mit-rente\/\">100 Jahre alt und noch nix mit Rente<\/a><br \/>\n<a href=\"https:\/\/borncity.eu\/senioren\/2017\/04\/03\/94-jahre-und-kein-bisschen-mde-seit-44-jahren-bei-mcdonalds\/\">94 Jahre und kein bisschen m\u00fcde \u2013 seit 44 Jahren bei McDonalds<\/a><br \/>\n<a href=\"https:\/\/web.archive.org\/web\/20231222113824\/https:\/\/borncity.eu\/senioren\/2017\/11\/21\/bette-nash-die-dienstlteste-stewardess-der-welt\/\">Bette Nash: Dienst\u00e4lteste Stewardess der Welt<\/a><br \/>\n<a href=\"https:\/\/borncity.eu\/senioren\/2017\/03\/22\/yoga-lehrerin-mit-98\/\">Yoga-Lehrerin mit 98<\/a><br \/>\n<a href=\"https:\/\/borncity.eu\/senioren\/2025\/06\/25\/wenn-die-rente-nicht-kommen-will-apothekerin-mit-102\/\" rel=\"bookmark\">Wenn die Rente nicht kommen will: Apothekerin mit 102<\/a><\/p>\n<p><a href=\"https:\/\/borncity.eu\/senioren\/2021\/05\/17\/der-jung-soll-was-anstndiges-lernen\/\">Jung soll was anst\u00e4ndiges lernen<\/a><br \/>\n<a href=\"https:\/\/borncity.eu\/senioren\/?p=16713\">Meine \u201eSchrauberjahre\"-Teil 1: Der F\u00fchrerschein \u2026<\/a><br \/>\n<a href=\"https:\/\/borncity.eu\/senioren\/?p=16723\">Meine \u201eSchrauberjahre\"-Teil 2: Das neue Moped \u2026<\/a><br \/>\n<a href=\"https:\/\/borncity.eu\/senioren\/?p=16732\">Meine \u201eSchrauberjahre\"-Teil 3: Ein Auto wird gebraucht \u2026<\/a><br \/>\n<a href=\"https:\/\/borncity.eu\/senioren\/2021\/06\/24\/mein-r4-und-der-erste-urlaub-in-holland\/\" rel=\"bookmark\">Mein R4 und der erste Urlaub in Holland<\/a><br \/>\n<a href=\"https:\/\/borncity.eu\/senioren\/2021\/09\/03\/mein-datsun-cherry-sportcoup-und-lastwagen-in-einem\/\">Mein Datsun Cherry: Sportcoup\u00e9 und Lastwagen in einem<\/a><br \/>\n<a href=\"https:\/\/borncity.eu\/senioren\/2021\/12\/08\/mein-autodealer-frs-leben\/\">Mein Autodealer f\u00fcrs Leben<\/a><\/p>\n","protected":false},"excerpt":{"rendered":"<p>Es war eine Schlagzeile, die mir die Tage in einer Tageszeitung aufgefallen ist. Harry Enke ist 71 Jahre alt, aber noch l\u00e4ngst nicht in Rente. Er ist Astrophysiker und leitet am Astrophysikalischen Institut Potsdam eine Abteilung f\u00fcr Supercomputing und E-Science. &hellip; <a href=\"https:\/\/borncity.eu\/senioren\/2025\/08\/17\/mein-spiegelbild-astrophysiker-harry-enke-arbeitet-mit-71-noch-vollzeit\/\">Weiterlesen <span class=\"meta-nav\">&rarr;<\/span><\/a><\/p>\n","protected":false},"author":1,"featured_media":0,"comment_status":"open","ping_status":"closed","sticky":false,"template":"","format":"standard","meta":{"footnotes":""},"categories":[1],"tags":[168],"class_list":["post-28499","post","type-post","status-publish","format-standard","hentry","category-allgemein","tag-allgemein"],"_links":{"self":[{"href":"https:\/\/borncity.eu\/senioren\/wp-json\/wp\/v2\/posts\/28499","targetHints":{"allow":["GET"]}}],"collection":[{"href":"https:\/\/borncity.eu\/senioren\/wp-json\/wp\/v2\/posts"}],"about":[{"href":"https:\/\/borncity.eu\/senioren\/wp-json\/wp\/v2\/types\/post"}],"author":[{"embeddable":true,"href":"https:\/\/borncity.eu\/senioren\/wp-json\/wp\/v2\/users\/1"}],"replies":[{"embeddable":true,"href":"https:\/\/borncity.eu\/senioren\/wp-json\/wp\/v2\/comments?post=28499"}],"version-history":[{"count":7,"href":"https:\/\/borncity.eu\/senioren\/wp-json\/wp\/v2\/posts\/28499\/revisions"}],"predecessor-version":[{"id":28506,"href":"https:\/\/borncity.eu\/senioren\/wp-json\/wp\/v2\/posts\/28499\/revisions\/28506"}],"wp:attachment":[{"href":"https:\/\/borncity.eu\/senioren\/wp-json\/wp\/v2\/media?parent=28499"}],"wp:term":[{"taxonomy":"category","embeddable":true,"href":"https:\/\/borncity.eu\/senioren\/wp-json\/wp\/v2\/categories?post=28499"},{"taxonomy":"post_tag","embeddable":true,"href":"https:\/\/borncity.eu\/senioren\/wp-json\/wp\/v2\/tags?post=28499"}],"curies":[{"name":"wp","href":"https:\/\/api.w.org\/{rel}","templated":true}]}}