{"id":28616,"date":"2025-08-25T00:02:01","date_gmt":"2025-08-24T22:02:01","guid":{"rendered":"https:\/\/borncity.com\/senioren\/?p=28616"},"modified":"2025-08-24T15:36:09","modified_gmt":"2025-08-24T13:36:09","slug":"soziales-pflichtjahr-fuer-rentner-was-halten-sie-davon","status":"publish","type":"post","link":"https:\/\/borncity.eu\/senioren\/2025\/08\/25\/soziales-pflichtjahr-fuer-rentner-was-halten-sie-davon\/","title":{"rendered":"Soziales Pflichtjahr f\u00fcr Rentner, was halten Sie davon?"},"content":{"rendered":"<p><img loading=\"lazy\" decoding=\"async\" style=\"float: left; margin: 0px 10px 0px 0px; display: inline; border-width: 0px;\" title=\"Recht\" src=\"https:\/\/www.borncity.com\/blog\/wp-content\/uploads\/2018\/11\/Para.jpg\" alt=\"Paragraph\" width=\"91\" height=\"88\" align=\"left\" border=\"0\" \/>Es war nach der Forderung nach einem \"Boomer-Soli\" der zweite Vorschlag von DIW-Chef Marcel Fratzscher, der erkennbar auf Ablehnung sto\u00dfen musste. Es geht um den Vorschlag, ein soziales Pflichtjahr f\u00fcr Rentner einzuf\u00fchren.<\/p>\n<p><!--more--><\/p>\n<h2>Die Vorschl\u00e4ge von Marcel Fratzscher<\/h2>\n<p><img loading=\"lazy\" decoding=\"async\" src=\"https:\/\/vg07.met.vgwort.de\/na\/34ae390280194c8a8cb67f4f919d76f4\" alt=\"\" width=\"1\" height=\"1\" \/><a href=\"https:\/\/de.wikipedia.org\/wiki\/Marcel_Fratzscher\" target=\"_blank\" rel=\"noopener\">Marcel Fratzscher<\/a> ist \u00d6konom und Wirtschaftsforscher, Professor f\u00fcr\u00a0Makro\u00f6konomie\u00a0an der\u00a0Humboldt-Universit\u00e4t zu Berlin, sowie seit 2013 Pr\u00e4sident des\u00a0<a title=\"Deutsches Institut f\u00fcr Wirtschaftsforschung\" href=\"https:\/\/de.wikipedia.org\/wiki\/Deutsches_Institut_f%C3%BCr_Wirtschaftsforschung\" target=\"_blank\" rel=\"noopener\">Deutschen Instituts f\u00fcr Wirtschaftsforschung<\/a> (DIW). Schaue ich mir seinen Werdegang an, war er Zeit seines Lebens Schreibtischmensch, der wohl eher nichts von der Lebenswirklichkeit vieler arbeitender Menschen mitbekommen hat.<\/p>\n<p>Fratzscher wei\u00df sich mit kontr\u00e4ren Vorschl\u00e4gen ins Gespr\u00e4ch zu bringen.<\/p>\n<h3>Der Boomer-Soli<\/h3>\n<p>Im Juli 2025, es herrschte gerade Sommerloch, kam vom DIW der Vorschlag f\u00fcr <a href=\"https:\/\/www.diw.de\/de\/diw_01.c.967996.de\/boomer-soli____kann_deutsches_rentensystem_stabilisieren.html\" target=\"_blank\" rel=\"noopener\">eine Sonderabgabe<\/a>, die Rentner zur Stabilisierung des Rentensystems leisten sollten. Das Schlagwort des Boomer-Soli, eine 10 prozentige Abgabe auf alle Alterseink\u00fcnfte, war in die Welt gesetzt. Der Vorschlag wurde &#8211; wohl mit Recht &#8211; in die Mottenkiste sozialistischer Vorschl\u00e4ge gesperrt und erhielt eine klare Absage. Der VDK hat <a href=\"https:\/\/www.vdk.de\/aktuelles\/aktuelle-meldungen\/artikel\/was-ist-der-boomer-soli-und-was-sagt-der-vdk-dazu-rente-umverteilung\/#:~:text=%E2%80%9C-,Boomer%2DSoli%20%E2%80%93%20was%20bedeutet%20das?,Unterst%C3%BCtzung%20%C3%A4rmerer%20Rentner%20zahlen%20sollen.\" target=\"_blank\" rel=\"noopener\">hier<\/a> seine Stellungnahme dazu ver\u00f6ffentlicht.<\/p>\n<h3>Verpflichtendes soziales Jahr<\/h3>\n<p>Letzte Woche kam dann von Marcel Fratzscher und dem DIW die Forderung, dass alle Rentner ein \"verpflichtendes soziales Jahr\" ableisten sollten, um der Generationsgerechtigkeit Gen\u00fcge zu leisten. Rentner sollten verpflichtend in Pflegeeinrichtungen oder bei der Bundeswehr ihr verpflichtendes \"soziales Jahr\" ableisten.<\/p>\n<p>Ge\u00e4u\u00dfert wurde der Vorschlag in einem Spiegel-Interview (leider hinter Paywall) gemacht. Spiegel Online hat in <a href=\"https:\/\/www.spiegel.de\/wirtschaft\/soziales\/marcel-fratzscher-idee-des-diw-chefs-fuer-rentner-pflichtjahr-stoesst-auf-kritik-a-42af4a56-35da-4b11-a87c-3778bc37792a\" target=\"_blank\" rel=\"noopener\">diesem Artikel<\/a> einige Aussagen zusammen gefasst. Das Redaktionsnetzwerk Deutschland (RND) hat das Thema <a href=\"https:\/\/www.rnd.de\/politik\/soziales-pflichtjahr-fuer-rentner-seniorenverbaende-kritisieren-idee-als-realitaetsfern-CRJHUNVQAND63N4YTKZK7U6UIE.html\" target=\"_blank\" rel=\"noopener\">hier<\/a> aufgegriffen. Der Vorsto\u00df des \u00d6konomen Fratzscher, ein soziales Jahr f\u00fcr Rentner einzuf\u00fchren, st\u00f6\u00dft auf viel Ablehnung. Seniorenverb\u00e4nde und Politik wiesen den Vorschlag als unausgegoren und wenig durchdacht zur\u00fcck. Auch rechtlich scheinen die H\u00fcrden hoch zu sein.<\/p>\n<h2>Was halten Sie von solchen Vorschl\u00e4gen?<\/h2>\n<p>Wenn ich \u00fcberlege, welche Aussagen Marcel Fratzscher get\u00e4tigt hat, frage ich mich schon spontan, wo der Realit\u00e4tssinn des DIW geblieben ist. Nach vielen Jahrzehnten Arbeitsleben sollen Menschen verpflichtet werden, noch ein Jahr kostenlos Sozialdienst zu leisten. Oder irgend etwas bei der Bundeswehr zu machen, wenn sie mal gedient haben.<\/p>\n<p>Mal abgesehen vom Umstand, dass Bundeswehreinrichtungen in der Regel nicht nebenan beim Rentner angesiedelt sind &#8211; und einen Blockwart braucht es auch nicht, hakt es auch an anderen Stellen. \u00c4ltere haben oft enorme Schwierigkeiten, kurz vor Rentenantritt in der Pflege \u00c4ltere den Arbeitstag rum zu bringen. Und jetzt sollen Millionen Rentner in fachfremde Gebiete zwangsverpflichtet werden &#8211; etwas anderes ist der Vorschlag ja nicht. Gnade uns Gott, wenn wir mal pflegebed\u00fcrftig werden und Zwangsverpflichtete auf uns los gelassen werden.<\/p>\n<p>Viele Menschen im Rentenalter weisen mit Recht darauf hin, ihren Beitrag an die Gesellschaft geleistet zu haben. Weiterhin setzt sich knapp die H\u00e4lfte bereits ehrenamtlich f\u00fcr die Gesellschaft oder f\u00fcr die Familie (Betreuung der Enkel) ein. Da vom DIW eine Solidarit\u00e4t mit der \"j\u00fcngeren Generation\" zu fordern, finde ich unredlich. Wer hat denn die Ausbildung vom Kindergarten bis zum Berufsabschluss finanziert? Doch die heute in Rente gegangene Generation.\u00a0Einen <a href=\"https:\/\/www.rnd.de\/politik\/diw-chef-fratzscher-will-arbeitspflicht-fuer-rentner-eine-schlechte-idee-MGAKBDKPYJEORCO3WYYMPNLKQA.html\" target=\"_blank\" rel=\"noopener\">interessanten Kommentar<\/a> habe ich beim RND gelesen.<\/p>\n<p>Pers\u00f6nlich h\u00e4tte ich auch nichts dagegen, den politisch abgeschafften Nachhaltigkeitsfaktor in die Berechnung der zuk\u00fcnftigen Rentenerh\u00f6hungen wieder einzuf\u00fchren. Auch die geplante Erh\u00f6hung der M\u00fctterrente erscheint mir eher ein Wahlgeschenk, was nicht finanzierbar ist.<\/p>\n<p>In Summe kommt es mir so vor, dass vom DIW und anderen Stellen \"Schreibtisch-Papiere\" ohne viel Substanz kommen, die f\u00fcr viel \u00c4rger kommen, aber nichts bewirken, sondern eher Verbitterung bei der \u00e4lteren Generation hervorrufen. Wie wird der gesamte Sachverhalt von Ihnen als Leser oder Leserin gesehen?<\/p>\n","protected":false},"excerpt":{"rendered":"<p>Es war nach der Forderung nach einem \"Boomer-Soli\" der zweite Vorschlag von DIW-Chef Marcel Fratzscher, der erkennbar auf Ablehnung sto\u00dfen musste. Es geht um den Vorschlag, ein soziales Pflichtjahr f\u00fcr Rentner einzuf\u00fchren.<\/p>\n","protected":false},"author":1,"featured_media":0,"comment_status":"open","ping_status":"closed","sticky":false,"template":"","format":"standard","meta":{"footnotes":""},"categories":[1],"tags":[168],"class_list":["post-28616","post","type-post","status-publish","format-standard","hentry","category-allgemein","tag-allgemein"],"_links":{"self":[{"href":"https:\/\/borncity.eu\/senioren\/wp-json\/wp\/v2\/posts\/28616","targetHints":{"allow":["GET"]}}],"collection":[{"href":"https:\/\/borncity.eu\/senioren\/wp-json\/wp\/v2\/posts"}],"about":[{"href":"https:\/\/borncity.eu\/senioren\/wp-json\/wp\/v2\/types\/post"}],"author":[{"embeddable":true,"href":"https:\/\/borncity.eu\/senioren\/wp-json\/wp\/v2\/users\/1"}],"replies":[{"embeddable":true,"href":"https:\/\/borncity.eu\/senioren\/wp-json\/wp\/v2\/comments?post=28616"}],"version-history":[{"count":5,"href":"https:\/\/borncity.eu\/senioren\/wp-json\/wp\/v2\/posts\/28616\/revisions"}],"predecessor-version":[{"id":28621,"href":"https:\/\/borncity.eu\/senioren\/wp-json\/wp\/v2\/posts\/28616\/revisions\/28621"}],"wp:attachment":[{"href":"https:\/\/borncity.eu\/senioren\/wp-json\/wp\/v2\/media?parent=28616"}],"wp:term":[{"taxonomy":"category","embeddable":true,"href":"https:\/\/borncity.eu\/senioren\/wp-json\/wp\/v2\/categories?post=28616"},{"taxonomy":"post_tag","embeddable":true,"href":"https:\/\/borncity.eu\/senioren\/wp-json\/wp\/v2\/tags?post=28616"}],"curies":[{"name":"wp","href":"https:\/\/api.w.org\/{rel}","templated":true}]}}