{"id":28990,"date":"2025-11-10T00:05:59","date_gmt":"2025-11-09T23:05:59","guid":{"rendered":"https:\/\/borncity.eu\/senioren\/?p=28990"},"modified":"2025-11-10T02:12:27","modified_gmt":"2025-11-10T01:12:27","slug":"nebeltage-in-rhein-main-aber-sonne-auf-dem-feldberg-ts","status":"publish","type":"post","link":"https:\/\/borncity.eu\/senioren\/2025\/11\/10\/nebeltage-in-rhein-main-aber-sonne-auf-dem-feldberg-ts\/","title":{"rendered":"Nebeltage in Rhein-Main, aber Sonne auf dem Feldberg\/Ts."},"content":{"rendered":"<p><img loading=\"lazy\" decoding=\"async\" class=\"alignleft\" src=\"https:\/\/i.postimg.cc\/7GvFnR1N\/image.png\" alt=\"Nebel \u00fcber Rhein-Main\" width=\"180\" height=\"126\" \/>Was machst Du, wenn im November der Tag durch Nebel nur noch dunkel und trostlos daherkommt? Du liest, trinkst eventuell Tee mit Rum; oder Du versuchst an die Sonne zu kommen. An der K\u00fcste bliebe nur noch ein Flieger, aber in manchen Gegenden hat es Berge, die oft \u00fcber der Nebelschicht in der Sonne liegen.<\/p>\n<p><!--more--><\/p>\n<p>Letzten Freitag, den 9. November 2025, machte der Monat seinem Namen alle Ehre. Es lag eine dicke Nebelschicht \u00fcber der Rhein-Main-Ebene. Eigentlich wollten wir einen Ausflug in den nahen Rheingau machen. Meine Frau meinte \"da brauchen wir nicht hin, im Nebel macht das keinen Sinn\", also bei Nebel keine wirkliche Option. Was tun, sprach Zeus?<\/p>\n<p>Gestern hatte ich im Beitrag\u00a0<a href=\"https:\/\/borncity.eu\/senioren\/2025\/11\/09\/einfach-wow-flugzeug-auf-reisehoehe-aus-anderem-flieger-gefilmt\/\">Einfach Wow: Flugzeug auf Reiseh\u00f6he aus anderem Flieger gefilmt<\/a> eine Aufnahme aus ca. 12 km H\u00f6he aus einem Flugzeug gezeigt. Das flog hoch \u00fcber den Wolken &#8211; nix Nebel, sondern Sonne pur. Kenne ich aus meiner Zeit, als ich noch beruflich Flugreisen unternehmen musste. Aber schnell zum Flughafen in Frankfurt fahren, Flugzeug chartern, um \u00fcber die Wolken zu kommen? Auch keine Option, also Plan B?<\/p>\n<p>Nun, wir haben das Gl\u00fcck, seit Jahrzehnten im Taunus leben und arbeiten zu d\u00fcrfen. Und so hat es direkt vor den Toren unseres Wohnorts den \"Gro\u00dfen Feldberg\" im Taunus, ganze 825,2 Meter hoch (\u00fcber Normal-Null) und ca. 16 km von uns entfernt. Also am Mittag kurz im Internet geschaut, was die Webcam auf dem Gro\u00dfen Feldberg anzeigt. Da schien die Sonne. Also ins Auto gesetzt und in Richtung Feldberg gefahren.<\/p>\n<p><img loading=\"lazy\" decoding=\"async\" src=\"https:\/\/i.postimg.cc\/wjt5y3n8\/image.png\" alt=\"Feldberg im Taunus\" width=\"640\" height=\"427\" \/><\/p>\n<p>Der Nebel wurde auf der Fahrt immer dichter und meine Zuversicht sank min\u00fctlich. Aber ca. 1,5 km Luftlinie vor dem Gipfel des Feldbergs riss der Nebel auf und wir fuhren im Sonnenschein. Also das Auto auf einem Parkplatz, auf 681 Meter H\u00f6he, weit vor dem Gipfel abgestellt, und eine Wanderung durch die Taunusw\u00e4lder zum Gipfel unternommen. Obiges Foto zeigt bereits die sonnendurchfluteten Nadelw\u00e4lder, w\u00e4hrend die Tallagen nebelverhangen waren. Nachfolgendes Foto wurde vom Gipfel des Feldbergs aufgenommen und zeigt ebenfalls die nebelverhangenen Tallagen.<\/p>\n<p><img loading=\"lazy\" decoding=\"async\" src=\"https:\/\/i.postimg.cc\/wjt5y3n8\/image.png\" alt=\"Taunus mit Nebel in Rhein-Main-Ebene\" width=\"640\" height=\"427\" \/><\/p>\n<p>Und in nachfolgendem Bild begr\u00fc\u00dfte uns bereits der Funkturm auf dem Plateau des Gro\u00dfen Feldbergs, voll im Sonnenlicht liegend.<\/p>\n<p><img loading=\"lazy\" decoding=\"async\" src=\"https:\/\/i.postimg.cc\/c4HZ38ZK\/image.png\" alt=\"Fernmeldeturm auf dem Gro\u00dfen Feldberg \/ Taunus\" width=\"602\" height=\"800\" \/><\/p>\n<p>Hier noch ein Blick auf die T\u00fcrme des Feldberg-Plateaus, die in der Nachmittagssonne lagen.<\/p>\n<p><img loading=\"lazy\" decoding=\"async\" src=\"https:\/\/i.postimg.cc\/C5CNLKrh\/image.png\" alt=\"Feldberg-Plateau mit T\u00fcrmen\" width=\"640\" height=\"482\" \/>Nach einigen Stunden und ca. 7 Kilometer Wanderung kamen wir etwas m\u00fcde aber zufrieden wieder am Wanderparkplatz beim abgestellten Auto an. Pers\u00f6nlich war ich sogar hoch zufrieden, da ich seit Mitte August wegen eines umgeknickten Fu\u00dfes bez\u00fcglich Wandern etwas l\u00e4diert war.<\/p>\n<p>Allerdings setzte auf der R\u00fcckfahrt wenige H\u00f6henmeter sp\u00e4ter wieder der Nebel ein. Es wurde schnell dunkel, und der Freitag war \"gelaufen\". Samstag h\u00e4tte es wieder die M\u00f6glichkeit gegeben, ein paar Minuten Sonne auf dem Feldberg-Plateau zu tanken. Aber da hat meine Frau gestreikt. Weitere Impressionen aus dem Taunus gibt es in nachfolgenden Artikeln.<\/p>\n<p><strong>\u00c4hnliche Artikel:<\/strong><br \/>\n<a href=\"https:\/\/borncity.eu\/senioren\/2022\/01\/31\/sonnenuntergang-im-taunus-28-januar-2022\/\" rel=\"bookmark\">Sonnenuntergang im Taunus (28. Januar 2022)<\/a><br \/>\n<a href=\"https:\/\/borncity.eu\/senioren\/2020\/08\/21\/abendrot-im-taunus\/\" rel=\"bookmark\">Abendrot im Taunus \u2026<\/a><br \/>\n<a href=\"https:\/\/borncity.eu\/senioren\/2022\/01\/16\/wow-moment-taunus-im-abendlicht-und-mit-nebelschicht-januar-2022\/\" rel=\"bookmark\">Wow-Moment: Taunus im Abendlicht und mit Nebelschicht (Januar 2022)<\/a><br \/>\n<a href=\"https:\/\/borncity.eu\/senioren\/2022\/11\/16\/nebelmeer-im-november-2022\/\" rel=\"bookmark\">Nebelmeer im November 2022<\/a><br \/>\n<a href=\"https:\/\/borncity.eu\/senioren\/2021\/05\/13\/vatertag-2021-mai-nebel-ber-dem-taunus\/\" rel=\"bookmark\">Vatertag 2021: Mai-Nebel \u00fcber dem Taunus<\/a><br \/>\n<a href=\"https:\/\/borncity.eu\/senioren\/2021\/04\/28\/morgenstimmung-frankfurt-und-taunus\/\" rel=\"bookmark\">Morgenstimmung: Frankfurt und Taunus<\/a><br \/>\n<a href=\"https:\/\/borncity.eu\/senioren\/2018\/11\/19\/novemberimpressionen-herbstwald-wandern-am-taunussteig\/\" rel=\"bookmark\">Novemberimpressionen: Herbstwald, Wandern am Taunussteig<\/a><br \/>\n<a href=\"https:\/\/borncity.eu\/senioren\/2023\/05\/06\/start-in-den-mai-ein-genialer-tag\/\" rel=\"bookmark\">Start in den Mai \u2013 ein genialer Tag<\/a><\/p>\n","protected":false},"excerpt":{"rendered":"<p>Was machst Du, wenn im November der Tag durch Nebel nur noch dunkel und trostlos daherkommt? Du liest, trinkst eventuell Tee mit Rum; oder Du versuchst an die Sonne zu kommen. An der K\u00fcste bliebe nur noch ein Flieger, aber &hellip; <a href=\"https:\/\/borncity.eu\/senioren\/2025\/11\/10\/nebeltage-in-rhein-main-aber-sonne-auf-dem-feldberg-ts\/\">Weiterlesen <span class=\"meta-nav\">&rarr;<\/span><\/a><\/p>\n","protected":false},"author":1,"featured_media":0,"comment_status":"open","ping_status":"closed","sticky":false,"template":"","format":"standard","meta":{"footnotes":""},"categories":[1,13],"tags":[225,119],"class_list":["post-28990","post","type-post","status-publish","format-standard","hentry","category-allgemein","category-natur","tag-fotos","tag-natur"],"_links":{"self":[{"href":"https:\/\/borncity.eu\/senioren\/wp-json\/wp\/v2\/posts\/28990","targetHints":{"allow":["GET"]}}],"collection":[{"href":"https:\/\/borncity.eu\/senioren\/wp-json\/wp\/v2\/posts"}],"about":[{"href":"https:\/\/borncity.eu\/senioren\/wp-json\/wp\/v2\/types\/post"}],"author":[{"embeddable":true,"href":"https:\/\/borncity.eu\/senioren\/wp-json\/wp\/v2\/users\/1"}],"replies":[{"embeddable":true,"href":"https:\/\/borncity.eu\/senioren\/wp-json\/wp\/v2\/comments?post=28990"}],"version-history":[{"count":5,"href":"https:\/\/borncity.eu\/senioren\/wp-json\/wp\/v2\/posts\/28990\/revisions"}],"predecessor-version":[{"id":28995,"href":"https:\/\/borncity.eu\/senioren\/wp-json\/wp\/v2\/posts\/28990\/revisions\/28995"}],"wp:attachment":[{"href":"https:\/\/borncity.eu\/senioren\/wp-json\/wp\/v2\/media?parent=28990"}],"wp:term":[{"taxonomy":"category","embeddable":true,"href":"https:\/\/borncity.eu\/senioren\/wp-json\/wp\/v2\/categories?post=28990"},{"taxonomy":"post_tag","embeddable":true,"href":"https:\/\/borncity.eu\/senioren\/wp-json\/wp\/v2\/tags?post=28990"}],"curies":[{"name":"wp","href":"https:\/\/api.w.org\/{rel}","templated":true}]}}