{"id":29020,"date":"2025-11-19T00:02:16","date_gmt":"2025-11-18T23:02:16","guid":{"rendered":"https:\/\/borncity.eu\/senioren\/?p=29020"},"modified":"2025-11-12T15:46:04","modified_gmt":"2025-11-12T14:46:04","slug":"elektroautos-risiko-eines-akku-brands-und-versenkte-tuergriffe-als-todesfalle","status":"publish","type":"post","link":"https:\/\/borncity.eu\/senioren\/2025\/11\/19\/elektroautos-risiko-eines-akku-brands-und-versenkte-tuergriffe-als-todesfalle\/","title":{"rendered":"Elektroautos: Risiko eines Akku-Brands und versenkte T\u00fcrgriffe als Todesfalle"},"content":{"rendered":"<p><img loading=\"lazy\" decoding=\"async\" class=\"\" style=\"float: left; margin: 0px 10px 0px 0px; display: inline;\" title=\"VW-K\u00e4fer\" src=\"https:\/\/borncity.eu\/senioren\/wp-content\/uploads\/2023\/05\/FsKkrZe.jpg\" alt=\"VW-K\u00e4fer\" width=\"365\" height=\"231\" \/>Der hier links gezeigte VW-K\u00e4fer hat ja noch einen Verbrennungsmotor. Der Trend beim PKW geht ja in Richtung Elektroantrieb. Und da sind bisher LiIo-Akkus verbaut, die bei Besch\u00e4digungen lichterloh brennen. Und moderne Autos haben oft aus Design-Gr\u00fcnden versenkte T\u00fcrgriffe. Bei Unf\u00e4llen lassen sich die Fahrzeuge von Helfern nicht \u00f6ffnen und es kommt immer wieder vor, dass Unfallopfer in ihren Fahrzeugen hilflos verbrennen. Zeit f\u00fcr einen Blick auf diese Thematik.<\/p>\n<p><!--more--><\/p>\n<h2>Risiko Akku-Brand beim Elektroauto?<\/h2>\n<p><img loading=\"lazy\" decoding=\"async\" src=\"https:\/\/vg01.met.vgwort.de\/na\/b57e9ded1e384fbe9fe6b9b81f4a720a\" alt=\"\" width=\"1\" height=\"1\" \/>Zuerst mal ein kurzer Blick auf die Frage: Wie oft brennen Elektroautos und sind diese Br\u00e4nde leicht zu l\u00f6schen. Ein Pulver- oder Schaum-Feuerl\u00f6scher sind bei Akku-Br\u00e4nden von Elektroautos praktisch wirkungslos. Aber Akku-Br\u00e4nde lassen sich wohl gut mittels Wasser l\u00f6schen.<\/p>\n<p style=\"text-align: left;\">Ich habe vor einiger Zeit <a href=\"https:\/\/www.feuerwehrmagazin.de\/nachrichten\/news\/elektroauto-in-flammen-einsatz-fuer-den-abrollbehaelter-e-brand-93315\" target=\"_blank\" rel=\"noopener\">gelesen<\/a>, dass Feuerwehren Elektro-Autos nach einem Unfall teilweise in einem mit Wasser gef\u00fcllten Container versehen, weil die Brandgefahr bei besch\u00e4digten Akkus einfach zu hoch ist. Entz\u00fcndet sich das Hochvolt-Akku innerhalb bestimmter Zeiten, sorgt das Wasserbad daf\u00fcr, dass der Brand sich nicht ausbreiten kann.\u00a0Das Auto kann man nach diesem \"Wasserbad\" nat\u00fcrlich zum Schrott geben.<\/p>\n<p>Eine wassergef\u00fcllte Mulde zum L\u00f6schen von Fahrzeugbr\u00e4nden wird f\u00fcr die Feuerwehr aber kaum als praktikabel angesehen.\u00a0Die Feuerwehr hat i.d.R. entsprechende <a href=\"https:\/\/hlfs.hessen.de\/sites\/hlfs.hessen.de\/files\/2022-09\/LehrU_Einsatzhinweise%20E-Fahrzeuge_V003_0.pdf\" target=\"_blank\" rel=\"noopener\">Datenbl\u00e4tter<\/a>, wie beim L\u00f6schen vorzugehen ist. Der ADAC behandelt in <a href=\"https:\/\/www.adac.de\/rund-ums-fahrzeug\/elektromobilitaet\/elektroauto\/e-auto-loeschen\/\" target=\"_blank\" rel=\"noopener\">diesem Artikel<\/a> von 2024 auch das Thema Brand beim Elektroauto.<\/p>\n<p><a href=\"https:\/\/www.merkur.de\/welt\/autos-brennen-leichter-und-sind-schwerer-zu-loeschen-alles-quatsch-sagt-die-feuerwehr-zr-94029617.html\" target=\"_blank\" rel=\"noopener\"><img loading=\"lazy\" decoding=\"async\" class=\"alignnone\" title=\"E-Auto-Br\u00e4nde\" src=\"https:\/\/i.postimg.cc\/FsdVWw7b\/image.png\" alt=\"E-Auto-Br\u00e4nde\" width=\"618\" height=\"500\" \/><\/a><\/p>\n<p>Das Risiko f\u00fcr Br\u00e4nde ist nicht h\u00f6her als bei Verbrennungsmotoren, hei\u00dft es im ADAC-Artikel. Und der in obigem Foto zitierte <a href=\"https:\/\/www.merkur.de\/welt\/autos-brennen-leichter-und-sind-schwerer-zu-loeschen-alles-quatsch-sagt-die-feuerwehr-zr-94029617.html\" target=\"_blank\" rel=\"noopener\">Artikel des Merkur<\/a> geht ebenfalls in diese Richtung &#8211; Tenor: Alles f\u00fcr die Feuerwehr kein wirkliches Problem.<\/p>\n<h2>Unfallopfer verbrennen in E-Auto<\/h2>\n<p>Aber es gibt noch eine Entwicklung bzw. ein Problem, weshalb ich diesen Beitrag ver\u00f6ffentliche. Getreu dem Motto \"Design schl\u00e4gt Hirn\" kommen moderne Autos mit versenkbaren T\u00fcrgriffen, die bei Unf\u00e4llen zu Todesfallen f\u00fcr die Insassen werden. Bei Stromausfall auf Grund eines Unfalls lassen sich die T\u00fcren von au\u00dfen oft nicht \u00f6ffnen. Brennt das Fahrzeug, kommen die Insassen zu Tode.<\/p>\n<p>Mir ist ein tragischer Unfall Anfang September 2025 in Schwerte in Erinnerung (siehe <a href=\"https:\/\/www.presseportal.de\/blaulicht\/pm\/65856\/6112932\" target=\"_blank\" rel=\"noopener\">Polizeibericht<\/a>) bei dem ein Tesla gegen einen Baum prallte und sofort in Flammen auf ging. Da sich die T\u00fcren nicht \u00f6ffnen lie\u00dfen &#8211; die Griffe schmolzen laut <a href=\"https:\/\/www.nordkurier.de\/panorama\/kinder-verbrennen-in-e-auto-experte-warnt-vor-einem-gefaehrlichen-trend-3965358\" target=\"_blank\" rel=\"noopener\">diesem Artikel<\/a> sofort &#8211; verstarben der\u00a043 Jahre alte Fahrer aus Iserlohn und zwei neunj\u00e4hrige Kinder in dem brennenden Auto.<\/p>\n<p><a href=\"https:\/\/www.t-online.de\/nachrichten\/panorama\/ungluecke\/id_100897764\/tesla-unfall-e-auto-fahrer-verbrennt-bei-celle-.html\" target=\"_blank\" rel=\"noopener\">Anfang September 2025<\/a> gab es einen weiteren Unfall mit einem Tesla, bei dem der Fahrer ebenfalls verbrannte. Im <a href=\"https:\/\/www.sn-online.de\/lokales\/schaumburg\/nenndorf\/wie-gefaehrlich-sind-e-autos-PH3LOL5B5FH7JK3Q3LKATDANZY.html\" target=\"_blank\" rel=\"noopener\">November 2024 verbrannten<\/a> zwei Personen in einem Elektroauto, einen Unfall hatte. <a href=\"https:\/\/kurier.at\/chronik\/oesterreich\/e-auto-gefaehrlich-unfall-feuer-strom\/402932815\" target=\"_blank\" rel=\"noopener\">Dieser Artikel<\/a> von August 2024 thematisiert ebenfalls zwei Tote in \u00d6sterreich.<\/p>\n<p><a href=\"https:\/\/x.com\/MyLordBebo\/status\/1977722716061856110\" target=\"_blank\" rel=\"noopener\"><img loading=\"lazy\" decoding=\"async\" src=\"https:\/\/i.postimg.cc\/0Nb2RgJH\/image.png\" alt=\"Brennendes Elektroauto mit verschlossenen T\u00fcren\" width=\"604\" height=\"713\" \/><\/a><\/p>\n<p>Ein besonderes Problem sind wohl T\u00fcren, die sich nicht \u00f6ffnen lassen. Obiges <a href=\"https:\/\/x.com\/MyLordBebo\/status\/1977722716061856110\" target=\"_blank\" rel=\"noopener\">Bild zeigt<\/a> einen Videoausschnitt eines brennenden chinesischen Elektro-PKW Xiaomi SU7, dessen T\u00fcren sich nach einem Unfall nicht \u00f6ffnen lie\u00dfen. Die Helfer an der Unfallstelle haben keine Chance, das Fahrzeug zu \u00f6ffnen, so dass der Fahrer verbrannte. Sucht man auf Plattformen wie x.com nach bestimmten <a href=\"https:\/\/x.com\/search?q=burning%20ev%20china&amp;src=typed_query\" target=\"_blank\" rel=\"noopener\">Begriffen<\/a>, scheinen E-Auto-Br\u00e4nde in China ein h\u00e4ufigeres Problem zu sein.<\/p>\n","protected":false},"excerpt":{"rendered":"<p>Der hier links gezeigte VW-K\u00e4fer hat ja noch einen Verbrennungsmotor. Der Trend beim PKW geht ja in Richtung Elektroantrieb. Und da sind bisher LiIo-Akkus verbaut, die bei Besch\u00e4digungen lichterloh brennen. Und moderne Autos haben oft aus Design-Gr\u00fcnden versenkte T\u00fcrgriffe. Bei &hellip; <a href=\"https:\/\/borncity.eu\/senioren\/2025\/11\/19\/elektroautos-risiko-eines-akku-brands-und-versenkte-tuergriffe-als-todesfalle\/\">Weiterlesen <span class=\"meta-nav\">&rarr;<\/span><\/a><\/p>\n","protected":false},"author":1,"featured_media":0,"comment_status":"open","ping_status":"closed","sticky":false,"template":"","format":"standard","meta":{"footnotes":""},"categories":[9,655],"tags":[11,103],"class_list":["post-29020","post","type-post","status-publish","format-standard","hentry","category-sicherheit","category-technik","tag-sicherheit","tag-technik"],"_links":{"self":[{"href":"https:\/\/borncity.eu\/senioren\/wp-json\/wp\/v2\/posts\/29020","targetHints":{"allow":["GET"]}}],"collection":[{"href":"https:\/\/borncity.eu\/senioren\/wp-json\/wp\/v2\/posts"}],"about":[{"href":"https:\/\/borncity.eu\/senioren\/wp-json\/wp\/v2\/types\/post"}],"author":[{"embeddable":true,"href":"https:\/\/borncity.eu\/senioren\/wp-json\/wp\/v2\/users\/1"}],"replies":[{"embeddable":true,"href":"https:\/\/borncity.eu\/senioren\/wp-json\/wp\/v2\/comments?post=29020"}],"version-history":[{"count":1,"href":"https:\/\/borncity.eu\/senioren\/wp-json\/wp\/v2\/posts\/29020\/revisions"}],"predecessor-version":[{"id":29021,"href":"https:\/\/borncity.eu\/senioren\/wp-json\/wp\/v2\/posts\/29020\/revisions\/29021"}],"wp:attachment":[{"href":"https:\/\/borncity.eu\/senioren\/wp-json\/wp\/v2\/media?parent=29020"}],"wp:term":[{"taxonomy":"category","embeddable":true,"href":"https:\/\/borncity.eu\/senioren\/wp-json\/wp\/v2\/categories?post=29020"},{"taxonomy":"post_tag","embeddable":true,"href":"https:\/\/borncity.eu\/senioren\/wp-json\/wp\/v2\/tags?post=29020"}],"curies":[{"name":"wp","href":"https:\/\/api.w.org\/{rel}","templated":true}]}}