{"id":2914,"date":"2017-05-01T09:37:53","date_gmt":"2017-05-01T07:37:53","guid":{"rendered":"http:\/\/borncity.com\/senioren\/?p=2914"},"modified":"2020-12-11T16:52:14","modified_gmt":"2020-12-11T15:52:14","slug":"1-mai-impressionen-unser-l-leuchtet-gelb","status":"publish","type":"post","link":"https:\/\/borncity.eu\/senioren\/2017\/05\/01\/1-mai-impressionen-unser-l-leuchtet-gelb\/","title":{"rendered":"1. Mai-Impressionen: Unser &Ouml;l leuchtet gelb"},"content":{"rendered":"<p>Erster Mai, Tag der Arbeit, oder Tag der Mu\u00dfe \u2013 zur Maiwanderung d\u00fcrfte es zu nass werden. Daf\u00fcr hat sich der April mit einem Sonnentag verabschiedet. Auf einem langen Spaziergang (vorgezogene Mai-Wanderung) bin ich gestern an vielen bl\u00fchenden Rapsfeldern vorbei gekommen.<\/p>\n<p><img loading=\"lazy\" decoding=\"async\" src=\"https:\/\/i.imgur.com\/6XhnzXO.jpg\" width=\"619\" height=\"456\" \/><\/p>\n<p><!--more--><\/p>\n<p>Der Kontrast zwischen den gr\u00fcnen Gerstensprossen und dem gelb bl\u00fchenden Raps im Hintergrund, der blaue Himmel und der bereits voll belaubte Wald hat mich schon begeistert. 'Maianfang' halt, wo die Natur nur so sprie\u00dft und gr\u00fcnt \u2013 da kann ich gut verstehen, warum unsere Altvorderen vor 100 bis 200 Jahren die 'Liebe zum Wald' pflegten und es sie zum 1. Mai nach drau\u00dfen zog.<\/p>\n<p>Zur\u00fcck zu den Rapsfeldern. Oft sieht man ja nur Monokulturen auf den Feldern (siehe folgende Fotos). Aber in diesem Abschnitt unserer Wanderung wechselten sich W\u00e4lder, Wiesen, und Rapsfelder mit \u00c4ckern, auf denen andere Pflanzen einges\u00e4ht waren, ab &#8211; so dass sich teilweise recht reizvolle Ausblicke und Farbkombinationen ergaben.<\/p>\n<p><img decoding=\"async\" src=\"https:\/\/i.imgur.com\/83RS8rn.jpg\" \/><\/p>\n<p>Dieses beliebte Ausflugsziel (<a href=\"http:\/\/www.landgasthof-rote-muehle.de\/\" target=\"_blank\" rel=\"noopener noreferrer\">Rote M\u00fchle<\/a>, zwischen den Taunus\u00f6rtchen <a href=\"https:\/\/www.kelkheim.de\/_rubric\/index.php?rubric=DE+Home\" target=\"_blank\" rel=\"noopener noreferrer\">Kelkheim<\/a> und <a href=\"https:\/\/de.wikipedia.org\/wiki\/Schneidhain\" target=\"_blank\" rel=\"noopener noreferrer\">K\u00f6nigstein-Schneidhain<\/a>), lag auch auf dem Weg. Da war Himmel und H\u00f6lle los. Hier noch ein paar Impressionen vom gestrigen 30. April 2017.<\/p>\n<p><img decoding=\"async\" src=\"https:\/\/i.imgur.com\/uTs58Ui.jpg\" \/><\/p>\n<p>Das sind die typischen Monokulturen mit Raps \u2013 rund um den <a href=\"https:\/\/web.archive.org\/web\/20180508000127\/http:\/\/www.rettershof-kelkheim.de:80\/index.php\/rundwanderwege-um-den-rettershof.html\" target=\"_blank\" rel=\"noopener noreferrer\">Rettershof <\/a>im Taunus aufgenommen \u2013 Raps, so weit das Auge reicht.<\/p>\n<p><img decoding=\"async\" src=\"https:\/\/i.imgur.com\/CgM5X4y.jpg\" \/><\/p>\n<p>Im Hintergrund die Taunusw\u00e4lder und die ersten H\u00e4user unserer heimischen Gefilde. Hier noch ein Ausblick in die andere Richtung &#8211; Richtung Kelkheim-<a href=\"https:\/\/de.wikipedia.org\/wiki\/Ruppertshain\" target=\"_blank\" rel=\"noopener noreferrer\">Ruppertshain <\/a>mit dem Sendeturm am Horizont &#8211; diese Farben k\u00f6nnen mich schon begeistern.<\/p>\n<p><img decoding=\"async\" src=\"https:\/\/i.imgur.com\/bg6GUTQ.jpg\" \/><\/p>\n<blockquote><p>Das ist \u00fcbrigens '<a href=\"https:\/\/de.wikipedia.org\/wiki\/Nele_Neuhaus\" target=\"_blank\" rel=\"noopener noreferrer\">Nele Neuhaus-Land<\/a>', spielte die Handlung ihres ersten Taunus-Krimis doch auch auf einem (fiktiven) Reiterhof in Ruppertshain<\/p><\/blockquote>\n<p>Und dann stand ich an der auf obigem Foto sichtbaren <a href=\"https:\/\/web.archive.org\/web\/20180508000127\/http:\/\/www.rettershof-kelkheim.de:80\/index.php\/rundwanderwege-um-den-rettershof.html\" target=\"_blank\" rel=\"noopener noreferrer\">Stra\u00dfenkreuzung <\/a>pl\u00f6tzlich vor einem Schild 'Unser \u00d6l leuchtet gelb'. Erkl\u00e4rung: Der Raps wird angebaut, um aus den Samen Raps\u00f6l zu pressen. Hier noch Aufnahmen vom Vorjahr (siehe <a href=\"https:\/\/borncity.eu\/senioren\/2016\/05\/13\/mai-impressionen-raps-apfelblte-und-mehr\/\">Mai-Impressionen: Raps- und Apfelbl\u00fcte<\/a>) &#8211; dort aber in Richtung <a href=\"https:\/\/de.wikipedia.org\/wiki\/Fischbach_(Taunus)#Gimbacher_Hof\" target=\"_blank\" rel=\"noopener noreferrer\">Gimbacher Hof<\/a> und mit Blick auf Frankfurt.<\/p>\n<p><a title=\"https:\/\/i.imgur.com\/CgM5X4y.jpg\" href=\"https:\/\/i.imgur.com\/cZZEu70.jpg\"><img decoding=\"async\" src=\"https:\/\/i.imgur.com\/1dHYzx3.jpg\" \/><\/a><\/p>\n<p><img decoding=\"async\" src=\"https:\/\/i.imgur.com\/aQEhsaV.jpg\" \/><\/p>\n<p>Das obige Foto zeigt den Blick auf die Frankfurter Skyline und den Turm des <a href=\"http:\/\/www.rhein-main-wiki.de\/index.php?title=Kloster_Kelkheim\" target=\"_blank\" rel=\"noopener noreferrer\">Klosters Kelkheim<\/a> am Waldrand.<\/p>\n","protected":false},"excerpt":{"rendered":"<p>Erster Mai, Tag der Arbeit, oder Tag der Mu\u00dfe \u2013 zur Maiwanderung d\u00fcrfte es zu nass werden. Daf\u00fcr hat sich der April mit einem Sonnentag verabschiedet. Auf einem langen Spaziergang (vorgezogene Mai-Wanderung) bin ich gestern an vielen bl\u00fchenden Rapsfeldern vorbei &hellip; <a href=\"https:\/\/borncity.eu\/senioren\/2017\/05\/01\/1-mai-impressionen-unser-l-leuchtet-gelb\/\">Weiterlesen <span class=\"meta-nav\">&rarr;<\/span><\/a><\/p>\n","protected":false},"author":1,"featured_media":0,"comment_status":"open","ping_status":"open","sticky":false,"template":"","format":"standard","meta":{"footnotes":""},"categories":[18,13],"tags":[19,119,498],"class_list":["post-2914","post","type-post","status-publish","format-standard","hentry","category-foto","category-natur","tag-foto","tag-natur","tag-raps"],"_links":{"self":[{"href":"https:\/\/borncity.eu\/senioren\/wp-json\/wp\/v2\/posts\/2914","targetHints":{"allow":["GET"]}}],"collection":[{"href":"https:\/\/borncity.eu\/senioren\/wp-json\/wp\/v2\/posts"}],"about":[{"href":"https:\/\/borncity.eu\/senioren\/wp-json\/wp\/v2\/types\/post"}],"author":[{"embeddable":true,"href":"https:\/\/borncity.eu\/senioren\/wp-json\/wp\/v2\/users\/1"}],"replies":[{"embeddable":true,"href":"https:\/\/borncity.eu\/senioren\/wp-json\/wp\/v2\/comments?post=2914"}],"version-history":[{"count":0,"href":"https:\/\/borncity.eu\/senioren\/wp-json\/wp\/v2\/posts\/2914\/revisions"}],"wp:attachment":[{"href":"https:\/\/borncity.eu\/senioren\/wp-json\/wp\/v2\/media?parent=2914"}],"wp:term":[{"taxonomy":"category","embeddable":true,"href":"https:\/\/borncity.eu\/senioren\/wp-json\/wp\/v2\/categories?post=2914"},{"taxonomy":"post_tag","embeddable":true,"href":"https:\/\/borncity.eu\/senioren\/wp-json\/wp\/v2\/tags?post=2914"}],"curies":[{"name":"wp","href":"https:\/\/api.w.org\/{rel}","templated":true}]}}