{"id":29233,"date":"2026-01-14T00:02:54","date_gmt":"2026-01-13T23:02:54","guid":{"rendered":"https:\/\/borncity.eu\/senioren\/?p=29233"},"modified":"2026-01-09T08:32:19","modified_gmt":"2026-01-09T07:32:19","slug":"eu-vorschlag-fuer-verpflichtende-zusatzrente","status":"publish","type":"post","link":"https:\/\/borncity.eu\/senioren\/2026\/01\/14\/eu-vorschlag-fuer-verpflichtende-zusatzrente\/","title":{"rendered":"EU-Vorschlag f\u00fcr verpflichtende Zusatzrente"},"content":{"rendered":"<p><img loading=\"lazy\" decoding=\"async\" style=\"float: left; margin: 0px 10px 0px 0px; display: inline; border-width: 0px;\" title=\"Recht\" src=\"https:\/\/www.borncity.com\/blog\/wp-content\/uploads\/2018\/11\/Para.jpg\" alt=\"Paragraph\" width=\"91\" height=\"88\" align=\"left\" border=\"0\" \/>Die EU-Kommission will die (betriebliche) Altersvorsorge reformieren und hat bereits Ende 2025 einige Vorschl\u00e4ge in Form eines \"Supplementary Pension Package\" vorgeschlagen. Das soll die Absicherung durch Zusatzrenten in den Mitgliedstaaten verbessern.<br \/>\n<!--more--><\/p>\n<p>Die Diskussion \u00fcber die Zukunftsf\u00e4higkeit des Rentensystems in Deutschland und in anderen EU-L\u00e4ndern ist ja in vollem Gange. Die Lebensarbeitszeit hoch, und das Rentenniveau herunter setzen, sind die Vorschl\u00e4ge, um die demographischen Herausforderungen zu meistern.<\/p>\n<h2>EU-Paket f\u00fcr Zusatzrenten vorgeschlagen<\/h2>\n<p>Von der EU wurde im November 2025 ein sogenanntes \"Supplementary Pension Package\" (deutsch \"Paket f\u00fcr Zusatzrenten\") vorgeschlagen, welches die Rentenversicherung in den EU-Mitgliedstaaten verbessern soll. Im Dokument\u00a0<a href=\"https:\/\/ec.europa.eu\/commission\/presscorner\/detail\/de\/qanda_25_2739\" target=\"_blank\" rel=\"noopener\">Fragen und Antworten zum Paket f\u00fcr Zusatzrenten<\/a> begr\u00fcndet die EU-Kommission ihren Vorschlag und schreibt:<\/p>\n<blockquote><p>Die dramatischen Verschiebungen in der demografischen Landschaft haben tiefgreifende Auswirkungen auf die Rentensysteme und die Altersvorsorge der Europ\u00e4erinnen und Europ\u00e4er.<\/p>\n<p>Da die Bev\u00f6lkerung altert und die Erwerbsbev\u00f6lkerung schrumpft, muss unbedingt daf\u00fcr gesorgt werden, dass die Menschen im Ruhestand einen angemessenen Lebensstandard aufrechterhalten k\u00f6nnen.<\/p>\n<p>Die staatlichen Rentensysteme bilden das R\u00fcckgrat der Altersversorgungssysteme in allen Mitgliedstaaten. Da die Bev\u00f6lkerung rasch altert, die Erwerbsbev\u00f6lkerung schrumpft und atypische Besch\u00e4ftigungsverh\u00e4ltnisse zunehmen, wird es jedoch immer wichtiger, daf\u00fcr Sorge zu tragen, dass die B\u00fcrgerinnen und B\u00fcrger ein ausk\u00f6mmliches und st\u00e4rker diversifiziertes Ruhestandseinkommen erzielen k\u00f6nnen.<\/p><\/blockquote>\n<p>Die L\u00f6sung sollen Zusatzrenten &#8211; betriebliche und private Altersversorgungssysteme -darstellen, die die staatlichen Renten aufstocken. Dieser Sektor ist in vielen Mitgliedstaaten kaum entwickelt.<\/p>\n<p>Nach Angaben der Europ\u00e4ischen Aufsichtsbeh\u00f6rde f\u00fcr das Versicherungswesen und die betriebliche Altersversorgung (EIOPA) sind nur 20 % der Europ\u00e4erinnen und Europ\u00e4er an ein betriebliches Altersversorgungssystem angeschlossen, und lediglich 18 % verf\u00fcgen \u00fcber ein privates Altersvorsorgeprodukt.<\/p>\n<h3>Vorschl\u00e4ge der EU-Kommission<\/h3>\n<p>Die EU-Kommission hat daher verschiedene Vorschl\u00e4ge vorgelegt, denen die L\u00e4ndern nat\u00fcrlich zustimmen m\u00fcssen.\u00a0Das Paket umfasst eine Empfehlung der Kommission an die Mitgliedstaaten zu folgenden Themen:<\/p>\n<ul>\n<li><strong>Renten-Tracking-Systeme<\/strong>, mit deren Hilfe die Menschen einen besseren \u00dcberblick \u00fcber ihre Rentenanspr\u00fcche und die voraussichtlichen Leistungen erhalten und ihren Ruhestand planen k\u00f6nnen<\/li>\n<li><strong>\u00dcbersichten \u00fcber die Altersversorgung<\/strong>, die sowohl die staatlichen als auch die Zusatzrenten umfassen und den politischen Entscheidungstr\u00e4gern einen umfassenden und detaillierteren \u00dcberblick \u00fcber die Tragf\u00e4higkeit und Angemessenheit der Rentensysteme geben<\/li>\n<li><strong>Automatische Mitgliedschaft im Zusatzrentensystem<\/strong>, in deren Rahmen Erwerbst\u00e4tige in Zusatzrentenpl\u00e4ne aufgenommen werden, sofern sie sich nicht dagegen entscheiden \u2013 sie k\u00f6nnen also frei w\u00e4hlen<\/li>\n<\/ul>\n<p>Der letztgenannte Punkt wird in diesem <a href=\"https:\/\/www.fr.de\/wirtschaft\/eu-rentenplan-sorgt-fuer-aufsehen-bruessel-will-alle-zur-aktienrente-zwingen-zr-94061628.html\">FR-Aktuell-Beitrag<\/a> und <a href=\"https:\/\/www.chip.de\/news\/geld-finanzen-recht\/ist-eine-zusaetzliche-pflicht-rente-die-loesung-was-von-der-eu-gerade-vorgeschlagen-wird_104b8f10-7a2e-4357-8fd8-6677c97a13e9.html\" target=\"_blank\" rel=\"noopener\">in diesem Artikel<\/a> von Anfang Januar 2026 aufgegriffen.\u00a0Die Berliner Morgenpost <a href=\"https:\/\/www.morgenpost.de\/politik\/article410531148\/eu-kommission-will-betriebliche-altersvorsorge-reformieren.html\" target=\"_blank\" rel=\"noopener\">berichtete<\/a> bereits im November 2025 \u00fcber die EU-Pl\u00e4ne. Der Verband der Versicherer hat im November 2025 ebenfalls <a href=\"https:\/\/www.gdv.de\/gdv\/medien\/medieninformationen\/eu-kommission-reformiert-pepp-chance-fuer-moderne-altersvorsorge-in-europa-194270\" target=\"_blank\" rel=\"noopener\">eine Meldung<\/a> dazu ver\u00f6ffentlicht.<\/p>\n<h3>Weitere Vorschl\u00e4ge zur EU-Finanzmarktregulierung<\/h3>\n<p>Das Paket der EU umfasst auch zwei Legislativvorschl\u00e4ge zu Bereichen, die bereits der EU-Finanzmarktregulierung unterliegen:<\/p>\n<ul>\n<li><strong>eine \u00c4nderungsrichtlinie \u00fcber Einrichtungen der betrieblichen Altersversorgung (EbAV\u00a0II)<\/strong>, die es diesen Einrichtungen erm\u00f6glicht, effizienter und in gr\u00f6\u00dferem Ma\u00dfstab zu wirtschaften, und\u00a0\u2013 bei versch\u00e4rfter Aufsicht\u00a0\u2013 \u00fcberm\u00e4\u00dfige Anlagebeschr\u00e4nkungen aufhebt. Mit diesen Ma\u00dfnahmen werden die Systeme ihre Kosten senken k\u00f6nnen, w\u00e4hrend der Nutzen der B\u00fcrgerinnen und B\u00fcrger maximiert wird.<\/li>\n<li><strong>eine \u00c4nderung der Verordnung \u00fcber ein Paneurop\u00e4isches Privates Pensionsprodukt (PEPP)<\/strong>, mit der dieses private Altersvorsorgeprodukt f\u00fcr Sparende und Finanzmarktteilnehmer attraktiver wird.<\/li>\n<\/ul>\n<p>Mit dem Paket wird auch eine Mitteilung der Kommission ver\u00f6ffentlicht, in der der Standard, der f\u00fcr die Verm\u00f6gensverwaltung der Altersversorgungssysteme gilt (<strong>Grundsatz der unternehmerischen Vorsicht<\/strong>), erl\u00e4utert wird, damit die Zusatzrentensysteme nicht vor Kapitalbeteiligungen zur\u00fcckschrecken.<\/p>\n<p>So w\u00fcrden die B\u00fcrgerinnen und B\u00fcrger mit ihrem angesparten Verm\u00f6gen langfristig h\u00f6here Renditen erzielen k\u00f6nnen, und der Wirtschaft der EU sollen neue Finanzierungsquellen erschlossen werden, schreibt die EU-Kommission. Und hier liegt der Hase teilweise im Pfeffer &#8211; es sollen Finanzierungsquellen f\u00fcr die Wirtschaft erschlossen werden &#8211; die Versicherten interessieren nicht.<\/p>\n<p>Der <a href=\"https:\/\/www.fr.de\/wirtschaft\/eu-rentenplan-sorgt-fuer-aufsehen-bruessel-will-alle-zur-aktienrente-zwingen-zr-94061628.html\">FR-Aktuell-Beitrag<\/a> erinnert an das Risiko von Rentenfonds, die die EU den Mitgliedstaaten vorschl\u00e4gt. Ein Versorgungswerk der Zahn\u00e4rzte in Deutschland durch Fehlinvestitionen in Schieflage geraten. Man ist z.B. \u00fcber eine Versicherung, die die Gelder verwaltete und pleite ging, nicht in der Lage, die Zusatzrenten wie geplant zu bedienen. Das Versorgungswerk hat bis zu einer Milliarde an Einlagen verloren. Ich erinnere mich auch an eine private Lebensversicherung, deren Kapitaleinlagen durch wilde Finanzspekulationen eines Vorstands arge Verluste erlitt. Da die Gesellschaft noch viele Jahre bis zur Auszahlung meiner Vertr\u00e4ge hatte, konnten die Verluste weitgehend ausgeglichen werden.<\/p>\n<p>Der obige EU-Vorschlag sieht gl\u00fccklicherweise eine Opt-out-Regelung vor, d.h. wer nicht teilnehmen m\u00f6chte, kann sich aktiv abmelden. Ob, wie und wann die Vorschl\u00e4ge Realit\u00e4t und von den Mitgliedstaaten umgesetzt werden, steht derzeit in den Sternen. Denn f\u00fcr die Altersversorgung und die Struktur der Rentensysteme sind in erster Linie die EU- Mitgliedstaaten zust\u00e4ndig. Daran \u00e4ndert auch dieses Paket nichts. Es ist an den Mitgliedstaaten, die Voraussetzungen daf\u00fcr zu schaffen, dass sich ihre eigenen Zusatzrentensektoren entfalten k\u00f6nnen und B\u00fcrgerinnen und B\u00fcrger diese Angebote leichter in Anspruch nehmen k\u00f6nnen.<\/p>\n","protected":false},"excerpt":{"rendered":"<p>Die EU-Kommission will die (betriebliche) Altersvorsorge reformieren und hat bereits Ende 2025 einige Vorschl\u00e4ge in Form eines \"Supplementary Pension Package\" vorgeschlagen. Das soll die Absicherung durch Zusatzrenten in den Mitgliedstaaten verbessern.<\/p>\n","protected":false},"author":1,"featured_media":0,"comment_status":"open","ping_status":"closed","sticky":false,"template":"","format":"standard","meta":{"footnotes":""},"categories":[1],"tags":[168,450,324],"class_list":["post-29233","post","type-post","status-publish","format-standard","hentry","category-allgemein","tag-allgemein","tag-recht","tag-rente"],"_links":{"self":[{"href":"https:\/\/borncity.eu\/senioren\/wp-json\/wp\/v2\/posts\/29233","targetHints":{"allow":["GET"]}}],"collection":[{"href":"https:\/\/borncity.eu\/senioren\/wp-json\/wp\/v2\/posts"}],"about":[{"href":"https:\/\/borncity.eu\/senioren\/wp-json\/wp\/v2\/types\/post"}],"author":[{"embeddable":true,"href":"https:\/\/borncity.eu\/senioren\/wp-json\/wp\/v2\/users\/1"}],"replies":[{"embeddable":true,"href":"https:\/\/borncity.eu\/senioren\/wp-json\/wp\/v2\/comments?post=29233"}],"version-history":[{"count":3,"href":"https:\/\/borncity.eu\/senioren\/wp-json\/wp\/v2\/posts\/29233\/revisions"}],"predecessor-version":[{"id":29236,"href":"https:\/\/borncity.eu\/senioren\/wp-json\/wp\/v2\/posts\/29233\/revisions\/29236"}],"wp:attachment":[{"href":"https:\/\/borncity.eu\/senioren\/wp-json\/wp\/v2\/media?parent=29233"}],"wp:term":[{"taxonomy":"category","embeddable":true,"href":"https:\/\/borncity.eu\/senioren\/wp-json\/wp\/v2\/categories?post=29233"},{"taxonomy":"post_tag","embeddable":true,"href":"https:\/\/borncity.eu\/senioren\/wp-json\/wp\/v2\/tags?post=29233"}],"curies":[{"name":"wp","href":"https:\/\/api.w.org\/{rel}","templated":true}]}}