{"id":2927,"date":"2017-05-14T01:23:00","date_gmt":"2017-05-13T23:23:00","guid":{"rendered":"http:\/\/borncity.com\/senioren\/?p=2927"},"modified":"2021-07-01T19:33:29","modified_gmt":"2021-07-01T17:33:29","slug":"schuhe-und-fubden-parisianfloors-und-mehr","status":"publish","type":"post","link":"https:\/\/borncity.eu\/senioren\/2017\/05\/14\/schuhe-und-fubden-parisianfloors-und-mehr\/","title":{"rendered":"Schuhe und Fu&szlig;b&ouml;den &ndash; @parisianfloors und mehr"},"content":{"rendered":"<p>Das Internet h\u00e4lt die kuriosesten Geschichten f\u00fcr Leute mit Neugier bereit. Heute m\u00f6chte ich @parisianfloors vorstellen. Sebastian Erras fotografiert franz\u00f6sische Fu\u00dfb\u00f6den \u2013 aber nicht einfach so, sondern mit seinen Schuhen darauf. <\/p>\n<blockquote class=\"instagram-media\" style=\"border-left-width: 0px; max-width: 658px; border-right-width: 0px; width: 99.37%; background: #fff; border-bottom-width: 0px; padding-bottom: 0px; padding-top: 0px; padding-left: 0px; margin: 1px; padding-right: 0px; border-top-width: 0px; box-shadow: 0 0 1px 0 rgba(0,0,0,0.5),0 1px 10px 0 rgba(0,0,0,0.15); border-radius: 3px\" data-instgrm-captioned data-instgrm-version=\"7\">\n<div style=\"padding-bottom: 8px; padding-top: 8px; padding-left: 8px; padding-right: 8px\">\n<div style=\"width: 100%; background: #f8f8f8; padding-bottom: 50%; text-align: center; padding-top: 50%; padding-left: 0px; margin-top: 40px; line-height: 0; padding-right: 0px\">\n<div style=\"height: 44px; width: 44px; background: url(data:image\/png;base64,iVBORw0KGgoAAAANSUhEUgAAACwAAAAsCAMAAAApWqozAAAABGdBTUEAALGPC\/xhBQAAAAFzUkdCAK7OHOkAAAAMUExURczMzPf399fX1+bm5mzY9AMAAADiSURBVDjLvZXbEsMgCES5\/P8\/t9FuRVCRmU73JWlzosgSIIZURCjo\/ad+EQJJB4Hv8BFt+IDpQoCx1wjOSBFhh2XssxEIYn3ulI\/6MNReE07UIWJEv8UEOWDS88LY97kqyTliJKKtuYBbruAyVh5wOHiXmpi5we58Ek028czwyuQdLKPG1Bkb4NnM+VeAnfHqn1k4+GPT6uGQcvu2h2OVuIf\/gWUFyy8OWEpdyZSa3aVCqpVoVvzZZ2VTnn2wU8qzVjDDetO90GSy9mVLqtgYSy231MxrY6I2gGqjrTY0L8fxCxfCBbhWrsYYAAAAAElFTkSuQmCC); position: relative; margin: 0px auto -44px; display: block; top: -22px\"><\/div>\n<\/div>\n<p style=\"padding-bottom: 0px; padding-top: 0px; padding-left: 4px; margin: 8px 0px 0px; padding-right: 4px\"><a style=\"word-wrap: break-word; font-size: 14px; text-decoration: none; font-family: arial,sans-serif; font-weight: normal; color: #000; font-style: normal; line-height: 17px\" href=\"https:\/\/www.instagram.com\/p\/BTgHXKpFWfd\/\" target=\"_blank\" rel=\"noopener noreferrer\">75004 &#8211; Rue de Rivoli Have a beautiful long weekend everyone! #parisianfloors#ihavethisthingwithfloors#fromwhereistand#ihavethisthingwithtiles#selfeet#pairs#letincelle#bistro#parisresto#restaurant#floor#design#interiordesign#architecture#tiles#mosaic#shoes#sneakers#etro<\/a><\/p>\n<p style=\"overflow: hidden; margin-bottom: 0px; font-size: 14px; font-family: arial,sans-serif; white-space: nowrap; text-overflow: ellipsis; color: #c9c8cd; padding-bottom: 7px; text-align: center; padding-top: 8px; padding-left: 0px; margin-top: 8px; line-height: 17px; padding-right: 0px\">A post shared by Parisian floors (@parisianfloors) on <time style=\"font-size: 14px; font-family: arial,sans-serif; line-height: 17px\" datetime=\"2017-04-30T07:52:46+00:00\">Apr 30, 2017 at 12:52am PDT<\/time><\/p>\n<\/div>\n<\/blockquote>\n<p><script async defer src=\"\/\/platform.instagram.com\/en_US\/embeds.js\"><\/script><!--more--><\/p>\n<p>Zum Hintergrund: K\u00fcrzlich bin ich in einem <a href=\"https:\/\/web.archive.org\/web\/20170625070054\/http:\/\/community.seniorentreff.de\/forum\/board\/Instagram-brauchts-des;tpc105,348842\" target=\"_blank\" rel=\"noopener noreferrer\">Seniorenforum<\/a> auf die Frage gesto\u00dfen, ob man Instagram braucht. <a href=\"https:\/\/www.instagram.com\/\" target=\"_blank\" rel=\"noopener noreferrer\">Instagram<\/a> ist ein amerikanischer Anbieter, auf dessen Webseite Leute Fotos und Videos, die man mit Freunden teilen will, kostenlos einstellen k\u00f6nnen. Die Wikipedia h\u00e4lt f\u00fcr Interessierte <a href=\"https:\/\/de.wikipedia.org\/wiki\/Instagram\" target=\"_blank\" rel=\"noopener noreferrer\">diese Erkl\u00e4rung<\/a> bereit. Instagram ist ein wenig als die Plattform f\u00fcr Selfies (also Fotos, mit dem Smartphone von sich selbst geschossen) von jungen Leuten in Verruf geraten. Und ein gro\u00dfer Teil des Erfolgs basiert auf genau diesem Drang der Teenies, Selfies zu ver\u00f6ffentlichen und zu teilen. <\/p>\n<h3>Instagram ist mehr als 'Selfies' \u2013 da gibt es Perlen<\/h3>\n<p>Wer aber vorurteilsfrei an das Thema heran geht (ich selbst habe kein Konto bei Instagram), findet dort auch einige 'Perlen'. So hatte ich vor einiger Zeit den Beitrag <a href=\"https:\/\/borncity.eu\/senioren\/2017\/04\/30\/kunst-aus-dreck-von-nikita-golubev\/\">Kunst aus Dreck \u2013 von Nikita Golubev<\/a> hier im Blog. Der russische Streetart-K\u00fcnstler Niktia Golubev verziert verdreckte Lastwagen mit wahren Kunstwerken (Pinsel und Finger gen\u00fcgt), fotografiert dies und ver\u00f6ffentlich das Ganze auf Instagram unter dem K\u00fcrzel <a href=\"https:\/\/web.archive.org\/web\/20170514133812\/http:\/\/www.pictaram.com:80\/user\/proboynick\/342170194\" target=\"_blank\" rel=\"noopener noreferrer\">proboynick<\/a>.<\/p>\n<h3>Abgefahren: @parisianfloors <\/h3>\n<p>Ganz abgefahren finde ich die Arbeit von Sebastian Erras, der franz\u00f6sische Fu\u00dfb\u00f6den mit seinen Schuhen darauf fotografiert. Sebastian stammt aus Amberg in Bayern und hat BWL studiert. Aber er lebt in Frankreich (weil er Franz\u00f6sisch lernen wollte) und stellt Wohnungen f\u00fcr das Portal wimdu vor. Und da kommt er in Ferienwohnungen und \u2013Appartements mit herrlichen Mosaik-Fu\u00dfb\u00f6den. Da kam ihm wohl die Idee zu seinem Projekt. <\/p>\n<p>Ich bin vor langer Zeit <a href=\"https:\/\/web.archive.org\/web\/20160305075259\/http:\/\/www.bento.de:80\/style\/erfolgreich-auf-instagram-wie-parisianfloors-mit-seinen-fotos-beruehmt-wird-54139\/\" target=\"_blank\" rel=\"noopener noreferrer\">hier<\/a> auf das Thema gesto\u00dfen \u2013 und erinnerte mich beim Lesen der erw\u00e4hnten Forenfrage daran (schon gab es die Idee f\u00fcr den Blog-Beitrag). Sebastian Erras ver\u00f6ffentlicht die Fotos auf seiner Instagram-Seite <a href=\"https:\/\/www.instagram.com\/parisianfloors\/\" target=\"_blank\" rel=\"noopener noreferrer\">@parisianfloors<\/a>. Hier einige Kostenproben seiner Arbeit.<\/p>\n<blockquote class=\"instagram-media\" style=\"border-left-width: 0px; max-width: 658px; border-right-width: 0px; width: 99.37%; background: #fff; border-bottom-width: 0px; padding-bottom: 0px; padding-top: 0px; padding-left: 0px; margin: 1px; padding-right: 0px; border-top-width: 0px; box-shadow: 0 0 1px 0 rgba(0,0,0,0.5),0 1px 10px 0 rgba(0,0,0,0.15); border-radius: 3px\" data-instgrm-captioned data-instgrm-version=\"7\">\n<div style=\"padding-bottom: 8px; padding-top: 8px; padding-left: 8px; padding-right: 8px\">\n<div style=\"width: 100%; background: #f8f8f8; padding-bottom: 50%; text-align: center; padding-top: 50%; padding-left: 0px; margin-top: 40px; line-height: 0; padding-right: 0px\">\n<div style=\"height: 44px; width: 44px; background: url(data:image\/png;base64,iVBORw0KGgoAAAANSUhEUgAAACwAAAAsCAMAAAApWqozAAAABGdBTUEAALGPC\/xhBQAAAAFzUkdCAK7OHOkAAAAMUExURczMzPf399fX1+bm5mzY9AMAAADiSURBVDjLvZXbEsMgCES5\/P8\/t9FuRVCRmU73JWlzosgSIIZURCjo\/ad+EQJJB4Hv8BFt+IDpQoCx1wjOSBFhh2XssxEIYn3ulI\/6MNReE07UIWJEv8UEOWDS88LY97kqyTliJKKtuYBbruAyVh5wOHiXmpi5we58Ek028czwyuQdLKPG1Bkb4NnM+VeAnfHqn1k4+GPT6uGQcvu2h2OVuIf\/gWUFyy8OWEpdyZSa3aVCqpVoVvzZZ2VTnn2wU8qzVjDDetO90GSy9mVLqtgYSy231MxrY6I2gGqjrTY0L8fxCxfCBbhWrsYYAAAAAElFTkSuQmCC); position: relative; margin: 0px auto -44px; display: block; top: -22px\"><\/div>\n<\/div>\n<p style=\"padding-bottom: 0px; padding-top: 0px; padding-left: 4px; margin: 8px 0px 0px; padding-right: 4px\"><a style=\"word-wrap: break-word; font-size: 14px; text-decoration: none; font-family: arial,sans-serif; font-weight: normal; color: #000; font-style: normal; line-height: 17px\" href=\"https:\/\/www.instagram.com\/p\/BTWdLxHFFzu\/\" target=\"_blank\" rel=\"noopener noreferrer\">75004 &#8211; Rue du Roi de Sicile #parisianfloors#ihavethisthingwithfloors#ihavethisthingwithtiles#fromwhereistand#selfeet#paris#tiles#floor#mosaic#taveline#design#pattern#architecture#interiordesign#shoes#marais#patinaconcept#andressendra<\/a><\/p>\n<p style=\"overflow: hidden; margin-bottom: 0px; font-size: 14px; font-family: arial,sans-serif; white-space: nowrap; text-overflow: ellipsis; color: #c9c8cd; padding-bottom: 7px; text-align: center; padding-top: 8px; padding-left: 0px; margin-top: 8px; line-height: 17px; padding-right: 0px\">A post shared by Parisian floors (@parisianfloors) on <time style=\"font-size: 14px; font-family: arial,sans-serif; line-height: 17px\" datetime=\"2017-04-26T13:51:02+00:00\">Apr 26, 2017 at 6:51am PDT<\/time><\/p>\n<\/div>\n<\/blockquote>\n<p><script async defer src=\"\/\/platform.instagram.com\/en_US\/embeds.js\"><\/script> <\/p>\n<blockquote class=\"instagram-media\" style=\"border-left-width: 0px; max-width: 658px; border-right-width: 0px; width: 99.37%; background: #fff; border-bottom-width: 0px; padding-bottom: 0px; padding-top: 0px; padding-left: 0px; margin: 1px; padding-right: 0px; border-top-width: 0px; box-shadow: 0 0 1px 0 rgba(0,0,0,0.5),0 1px 10px 0 rgba(0,0,0,0.15); border-radius: 3px\" data-instgrm-captioned data-instgrm-version=\"7\">\n<div style=\"padding-bottom: 8px; padding-top: 8px; padding-left: 8px; padding-right: 8px\">\n<div style=\"width: 100%; background: #f8f8f8; padding-bottom: 50%; text-align: center; padding-top: 50%; padding-left: 0px; margin-top: 40px; line-height: 0; padding-right: 0px\">\n<div style=\"height: 44px; width: 44px; background: url(data:image\/png;base64,iVBORw0KGgoAAAANSUhEUgAAACwAAAAsCAMAAAApWqozAAAABGdBTUEAALGPC\/xhBQAAAAFzUkdCAK7OHOkAAAAMUExURczMzPf399fX1+bm5mzY9AMAAADiSURBVDjLvZXbEsMgCES5\/P8\/t9FuRVCRmU73JWlzosgSIIZURCjo\/ad+EQJJB4Hv8BFt+IDpQoCx1wjOSBFhh2XssxEIYn3ulI\/6MNReE07UIWJEv8UEOWDS88LY97kqyTliJKKtuYBbruAyVh5wOHiXmpi5we58Ek028czwyuQdLKPG1Bkb4NnM+VeAnfHqn1k4+GPT6uGQcvu2h2OVuIf\/gWUFyy8OWEpdyZSa3aVCqpVoVvzZZ2VTnn2wU8qzVjDDetO90GSy9mVLqtgYSy231MxrY6I2gGqjrTY0L8fxCxfCBbhWrsYYAAAAAElFTkSuQmCC); position: relative; margin: 0px auto -44px; display: block; top: -22px\"><\/div>\n<\/div>\n<p style=\"padding-bottom: 0px; padding-top: 0px; padding-left: 4px; margin: 8px 0px 0px; padding-right: 4px\"><a style=\"word-wrap: break-word; font-size: 14px; text-decoration: none; font-family: arial,sans-serif; font-weight: normal; color: #000; font-style: normal; line-height: 17px\" href=\"https:\/\/www.instagram.com\/p\/BSjFTrplXdr\/\" target=\"_blank\" rel=\"noopener noreferrer\">Once you enter the Triennale di Milano you will immediately discover an enormous mosaic installation at the entrance. Of course I couldn't resist snapping my vision of it with my new @philippemodelparis sneakers. #philippemodel #2steps2italy #mdw2017<\/a><\/p>\n<p style=\"overflow: hidden; margin-bottom: 0px; font-size: 14px; font-family: arial,sans-serif; white-space: nowrap; text-overflow: ellipsis; color: #c9c8cd; padding-bottom: 7px; text-align: center; padding-top: 8px; padding-left: 0px; margin-top: 8px; line-height: 17px; padding-right: 0px\">A post shared by Parisian floors (@parisianfloors) on <time style=\"font-size: 14px; font-family: arial,sans-serif; line-height: 17px\" datetime=\"2017-04-06T15:01:08+00:00\">Apr 6, 2017 at 8:01am PDT<\/time><\/p>\n<\/div>\n<\/blockquote>\n<p><script async defer src=\"\/\/platform.instagram.com\/en_US\/embeds.js\"><\/script> <\/p>\n<blockquote class=\"instagram-media\" style=\"border-left-width: 0px; max-width: 658px; border-right-width: 0px; width: 99.37%; background: #fff; border-bottom-width: 0px; padding-bottom: 0px; padding-top: 0px; padding-left: 0px; margin: 1px; padding-right: 0px; border-top-width: 0px; box-shadow: 0 0 1px 0 rgba(0,0,0,0.5),0 1px 10px 0 rgba(0,0,0,0.15); border-radius: 3px\" data-instgrm-captioned data-instgrm-version=\"7\">\n<div style=\"padding-bottom: 8px; padding-top: 8px; padding-left: 8px; padding-right: 8px\">\n<div style=\"width: 100%; background: #f8f8f8; padding-bottom: 50%; text-align: center; padding-top: 50%; padding-left: 0px; margin-top: 40px; line-height: 0; padding-right: 0px\">\n<div style=\"height: 44px; width: 44px; background: url(data:image\/png;base64,iVBORw0KGgoAAAANSUhEUgAAACwAAAAsCAMAAAApWqozAAAABGdBTUEAALGPC\/xhBQAAAAFzUkdCAK7OHOkAAAAMUExURczMzPf399fX1+bm5mzY9AMAAADiSURBVDjLvZXbEsMgCES5\/P8\/t9FuRVCRmU73JWlzosgSIIZURCjo\/ad+EQJJB4Hv8BFt+IDpQoCx1wjOSBFhh2XssxEIYn3ulI\/6MNReE07UIWJEv8UEOWDS88LY97kqyTliJKKtuYBbruAyVh5wOHiXmpi5we58Ek028czwyuQdLKPG1Bkb4NnM+VeAnfHqn1k4+GPT6uGQcvu2h2OVuIf\/gWUFyy8OWEpdyZSa3aVCqpVoVvzZZ2VTnn2wU8qzVjDDetO90GSy9mVLqtgYSy231MxrY6I2gGqjrTY0L8fxCxfCBbhWrsYYAAAAAElFTkSuQmCC); position: relative; margin: 0px auto -44px; display: block; top: -22px\"><\/div>\n<\/div>\n<p style=\"padding-bottom: 0px; padding-top: 0px; padding-left: 4px; margin: 8px 0px 0px; padding-right: 4px\"><a style=\"word-wrap: break-word; font-size: 14px; text-decoration: none; font-family: arial,sans-serif; font-weight: normal; color: #000; font-style: normal; line-height: 17px\" href=\"https:\/\/www.instagram.com\/p\/BSk5SiUlsHt\/\" target=\"_blank\" rel=\"noopener noreferrer\">My last day here in Milan with @philippemodelparis has started. I still have time to explore the last hidden treasures of Milan Design Week and soak up some last inspiration. While walking through the neighborhood of Brera I discovered this cute restaurant with brazilian\/japanese inspired food. The decor was set to give a tropical beach vibe and it couldn't have been a better match for my Tucan sneakers! Check @philippemodelparis Instagram Stories to discover my adventures on this last day in Milan! #philippemodel #2steps2italy #mdw2017<\/a><\/p>\n<p style=\"overflow: hidden; margin-bottom: 0px; font-size: 14px; font-family: arial,sans-serif; white-space: nowrap; text-overflow: ellipsis; color: #c9c8cd; padding-bottom: 7px; text-align: center; padding-top: 8px; padding-left: 0px; margin-top: 8px; line-height: 17px; padding-right: 0px\">A post shared by Parisian floors (@parisianfloors) on <time style=\"font-size: 14px; font-family: arial,sans-serif; line-height: 17px\" datetime=\"2017-04-07T07:54:36+00:00\">Apr 7, 2017 at 12:54am PDT<\/time><\/p>\n<\/div>\n<\/blockquote>\n<p><script async defer src=\"\/\/platform.instagram.com\/en_US\/embeds.js\"><\/script> <\/p>\n<blockquote class=\"instagram-media\" style=\"border-left-width: 0px; max-width: 658px; border-right-width: 0px; width: 99.37%; background: #fff; border-bottom-width: 0px; padding-bottom: 0px; padding-top: 0px; padding-left: 0px; margin: 1px; padding-right: 0px; border-top-width: 0px; box-shadow: 0 0 1px 0 rgba(0,0,0,0.5),0 1px 10px 0 rgba(0,0,0,0.15); border-radius: 3px\" data-instgrm-captioned data-instgrm-version=\"7\">\n<div style=\"padding-bottom: 8px; padding-top: 8px; padding-left: 8px; padding-right: 8px\">\n<div style=\"width: 100%; background: #f8f8f8; padding-bottom: 50%; text-align: center; padding-top: 50%; padding-left: 0px; margin-top: 40px; line-height: 0; padding-right: 0px\">\n<div style=\"height: 44px; width: 44px; background: url(data:image\/png;base64,iVBORw0KGgoAAAANSUhEUgAAACwAAAAsCAMAAAApWqozAAAABGdBTUEAALGPC\/xhBQAAAAFzUkdCAK7OHOkAAAAMUExURczMzPf399fX1+bm5mzY9AMAAADiSURBVDjLvZXbEsMgCES5\/P8\/t9FuRVCRmU73JWlzosgSIIZURCjo\/ad+EQJJB4Hv8BFt+IDpQoCx1wjOSBFhh2XssxEIYn3ulI\/6MNReE07UIWJEv8UEOWDS88LY97kqyTliJKKtuYBbruAyVh5wOHiXmpi5we58Ek028czwyuQdLKPG1Bkb4NnM+VeAnfHqn1k4+GPT6uGQcvu2h2OVuIf\/gWUFyy8OWEpdyZSa3aVCqpVoVvzZZ2VTnn2wU8qzVjDDetO90GSy9mVLqtgYSy231MxrY6I2gGqjrTY0L8fxCxfCBbhWrsYYAAAAAElFTkSuQmCC); position: relative; margin: 0px auto -44px; display: block; top: -22px\"><\/div>\n<\/div>\n<p style=\"padding-bottom: 0px; padding-top: 0px; padding-left: 4px; margin: 8px 0px 0px; padding-right: 4px\"><a style=\"word-wrap: break-word; font-size: 14px; text-decoration: none; font-family: arial,sans-serif; font-weight: normal; color: #000; font-style: normal; line-height: 17px\" href=\"https:\/\/www.instagram.com\/p\/BSls0n3lU1m\/\" target=\"_blank\" rel=\"noopener noreferrer\">It's my last day in Milan here with @philippemodelparis. It has been an amazing experience so far. I can highly recommend coming to Milan during Milan Design Week and see all the creative design installations. I hope you followed and enjoyed my Instagram Stories Takeover on @philippemodelparis account. A big thank you to @philippemodelparis for having invited me to Milan and letting me share all these moments with you! #philippemodel #2steps2italy #mdw2017<\/a><\/p>\n<p style=\"overflow: hidden; margin-bottom: 0px; font-size: 14px; font-family: arial,sans-serif; white-space: nowrap; text-overflow: ellipsis; color: #c9c8cd; padding-bottom: 7px; text-align: center; padding-top: 8px; padding-left: 0px; margin-top: 8px; line-height: 17px; padding-right: 0px\">A post shared by Parisian floors (@parisianfloors) on <time style=\"font-size: 14px; font-family: arial,sans-serif; line-height: 17px\" datetime=\"2017-04-07T15:24:54+00:00\">Apr 7, 2017 at 8:24am PDT<\/time><\/p>\n<\/div>\n<\/blockquote>\n<p><script async defer src=\"\/\/platform.instagram.com\/en_US\/embeds.js\"><\/script> <\/p>\n<blockquote class=\"instagram-media\" style=\"border-left-width: 0px; max-width: 658px; border-right-width: 0px; width: 99.37%; background: #fff; border-bottom-width: 0px; padding-bottom: 0px; padding-top: 0px; padding-left: 0px; margin: 1px; padding-right: 0px; border-top-width: 0px; box-shadow: 0 0 1px 0 rgba(0,0,0,0.5),0 1px 10px 0 rgba(0,0,0,0.15); border-radius: 3px\" data-instgrm-captioned data-instgrm-version=\"7\">\n<div style=\"padding-bottom: 8px; padding-top: 8px; padding-left: 8px; padding-right: 8px\">\n<div style=\"width: 100%; background: #f8f8f8; padding-bottom: 50%; text-align: center; padding-top: 50%; padding-left: 0px; margin-top: 40px; line-height: 0; padding-right: 0px\">\n<div style=\"height: 44px; width: 44px; background: url(data:image\/png;base64,iVBORw0KGgoAAAANSUhEUgAAACwAAAAsCAMAAAApWqozAAAABGdBTUEAALGPC\/xhBQAAAAFzUkdCAK7OHOkAAAAMUExURczMzPf399fX1+bm5mzY9AMAAADiSURBVDjLvZXbEsMgCES5\/P8\/t9FuRVCRmU73JWlzosgSIIZURCjo\/ad+EQJJB4Hv8BFt+IDpQoCx1wjOSBFhh2XssxEIYn3ulI\/6MNReE07UIWJEv8UEOWDS88LY97kqyTliJKKtuYBbruAyVh5wOHiXmpi5we58Ek028czwyuQdLKPG1Bkb4NnM+VeAnfHqn1k4+GPT6uGQcvu2h2OVuIf\/gWUFyy8OWEpdyZSa3aVCqpVoVvzZZ2VTnn2wU8qzVjDDetO90GSy9mVLqtgYSy231MxrY6I2gGqjrTY0L8fxCxfCBbhWrsYYAAAAAElFTkSuQmCC); position: relative; margin: 0px auto -44px; display: block; top: -22px\"><\/div>\n<\/div>\n<p style=\"padding-bottom: 0px; padding-top: 0px; padding-left: 4px; margin: 8px 0px 0px; padding-right: 4px\"><a style=\"word-wrap: break-word; font-size: 14px; text-decoration: none; font-family: arial,sans-serif; font-weight: normal; color: #000; font-style: normal; line-height: 17px\" href=\"https:\/\/www.instagram.com\/p\/BSf3GDile9J\/\" target=\"_blank\" rel=\"noopener noreferrer\">Day 2 of my Milan experience with @philippemodelparis starts and I want to start the day off with a floor from an iconic location with some of the most amazing mosaic floors &#8211; Galleria Vittorio Emanuele. Don't forget to check out @philippemodelparis Instagram Stories for all the Behind the scenes footage of my day. I am gonna explore some really cool stuff today! #philippemodel #2steps2italy #mdw2017<\/a><\/p>\n<p style=\"overflow: hidden; margin-bottom: 0px; font-size: 14px; font-family: arial,sans-serif; white-space: nowrap; text-overflow: ellipsis; color: #c9c8cd; padding-bottom: 7px; text-align: center; padding-top: 8px; padding-left: 0px; margin-top: 8px; line-height: 17px; padding-right: 0px\">A post shared by Parisian floors (@parisianfloors) on <time style=\"font-size: 14px; font-family: arial,sans-serif; line-height: 17px\" datetime=\"2017-04-05T08:59:13+00:00\">Apr 5, 2017 at 1:59am PDT<\/time><\/p>\n<\/div>\n<\/blockquote>\n<p><script async defer src=\"\/\/platform.instagram.com\/en_US\/embeds.js\"><\/script> <\/p>\n<p>Ich finde die Fotos faszinierend \u2013 die Kunst der Fu\u00dfb\u00f6den und die Idee, da ein Paar Schuhe abzubilden \u2013 das hat schon was. Sebastian Erras ist zwischenzeitlich so ber\u00fchmt, dass Schuhhersteller ihm Exemplare bereitstellen, nur um auf seinen Fotos zu landen. Die Hinweise auf seine neuen Schuhe finden sich denn auch in den aktuelleren Fotos (z.B. von der gesponsorten Reise nach Mailand) \u2013 sei es ihm geg\u00f6nnt.<\/p>\n","protected":false},"excerpt":{"rendered":"<p>Das Internet h\u00e4lt die kuriosesten Geschichten f\u00fcr Leute mit Neugier bereit. Heute m\u00f6chte ich @parisianfloors vorstellen. Sebastian Erras fotografiert franz\u00f6sische Fu\u00dfb\u00f6den \u2013 aber nicht einfach so, sondern mit seinen Schuhen darauf. 75004 &#8211; Rue de Rivoli Have a beautiful long &hellip; <a href=\"https:\/\/borncity.eu\/senioren\/2017\/05\/14\/schuhe-und-fubden-parisianfloors-und-mehr\/\">Weiterlesen <span class=\"meta-nav\">&rarr;<\/span><\/a><\/p>\n","protected":false},"author":1,"featured_media":0,"comment_status":"open","ping_status":"open","sticky":false,"template":"","format":"standard","meta":{"footnotes":""},"categories":[1,18],"tags":[225,500,499],"class_list":["post-2927","post","type-post","status-publish","format-standard","hentry","category-allgemein","category-foto","tag-fotos","tag-fussboeden","tag-schuhe"],"_links":{"self":[{"href":"https:\/\/borncity.eu\/senioren\/wp-json\/wp\/v2\/posts\/2927","targetHints":{"allow":["GET"]}}],"collection":[{"href":"https:\/\/borncity.eu\/senioren\/wp-json\/wp\/v2\/posts"}],"about":[{"href":"https:\/\/borncity.eu\/senioren\/wp-json\/wp\/v2\/types\/post"}],"author":[{"embeddable":true,"href":"https:\/\/borncity.eu\/senioren\/wp-json\/wp\/v2\/users\/1"}],"replies":[{"embeddable":true,"href":"https:\/\/borncity.eu\/senioren\/wp-json\/wp\/v2\/comments?post=2927"}],"version-history":[{"count":0,"href":"https:\/\/borncity.eu\/senioren\/wp-json\/wp\/v2\/posts\/2927\/revisions"}],"wp:attachment":[{"href":"https:\/\/borncity.eu\/senioren\/wp-json\/wp\/v2\/media?parent=2927"}],"wp:term":[{"taxonomy":"category","embeddable":true,"href":"https:\/\/borncity.eu\/senioren\/wp-json\/wp\/v2\/categories?post=2927"},{"taxonomy":"post_tag","embeddable":true,"href":"https:\/\/borncity.eu\/senioren\/wp-json\/wp\/v2\/tags?post=2927"}],"curies":[{"name":"wp","href":"https:\/\/api.w.org\/{rel}","templated":true}]}}