{"id":29404,"date":"2026-02-11T00:03:35","date_gmt":"2026-02-10T23:03:35","guid":{"rendered":"https:\/\/borncity.eu\/senioren\/?p=29404"},"modified":"2026-02-10T12:01:32","modified_gmt":"2026-02-10T11:01:32","slug":"artemis-2-mondflug-der-nasa-auf-maerz-2026-verschoben","status":"publish","type":"post","link":"https:\/\/borncity.eu\/senioren\/2026\/02\/11\/artemis-2-mondflug-der-nasa-auf-maerz-2026-verschoben\/","title":{"rendered":"Artemis 2-Mondflug der NASA auf M\u00e4rz 2026 verschoben"},"content":{"rendered":"<p><img loading=\"lazy\" decoding=\"async\" class=\"alignleft\" title=\"Orion-Raumschiff\" src=\"https:\/\/i.imgur.com\/GxvfOKM.png\" alt=\"Orion-Raumschiff\" width=\"283\" height=\"144\" data-cmp-info=\"10\" \/>Eigentlich war der Start der amerikanischen Artemis 2-Mission, bei der vier Personen zu einer Mondumrundung aufbrechen sollten, f\u00fcr den 8. Februar 2026 geplant. Das Ganze musste aber, erst wegen K\u00e4lte, und nun wohl wegen weiterer Arbeiten auf die n\u00e4chsten Startfenster im M\u00e4rz 2026 verschoben werden.<\/p>\n<p><!--more--><\/p>\n<p>Gut vorbereitet \"waren wir ja\", ich hatte meinen Namen auf eine Speicherkarte schreiben lassen (siehe\u00a0<a href=\"https:\/\/borncity.eu\/senioren\/2025\/09\/10\/lass-deinen-namen-mit-artemis-ii-2025-zum-mond-fliegen\/\" rel=\"bookmark\">Lass deinen Namen mit Artemis II Anfang 2026 zum Mond fliegen \u2026<\/a>). Und am 8. Februar 2026 h\u00e4tte es los gehen sollen (siehe <a href=\"https:\/\/borncity.eu\/senioren\/2026\/01\/16\/artemis-ii-bemannter-flug-um-den-mond-fuer-februar-2026-geplant\/\" rel=\"bookmark\">Artemis II: Bemannter Mond-Flug f\u00fcr Februar 2026 geplant<\/a>). Aber ein K\u00e4lteeinbruch in Florida brachte die Startvorbereitungen der US-Raumfahrtbeh\u00f6rde NASA in Verzug.<\/p>\n<p><img loading=\"lazy\" decoding=\"async\" class=\"alignnone\" title=\"Artemis 2 Starttermine\" src=\"https:\/\/i.postimg.cc\/Hn5gxCH1\/image.png\" alt=\"Artemis 2 Starttermine\" width=\"637\" height=\"684\" \/><\/p>\n<p>Die Tage hatte ich gelesen, dass der 8. Februar 2026 als Starttermin gestrichen und der M\u00e4rz 2026 als neues Ziel ins Auge gefasst werde. Nun ist mir obiger Post der europ\u00e4ischen Raumfahrtbeh\u00f6rde ESA untergekommen. Dort werden die neuen Startfenster f\u00fcr den Flug aufgef\u00fchrt.<\/p>\n<blockquote><p>Immerhin, es wirkt, die ESA hat obigen Post mit der Quellenangabe \"M. Born\" versehen. Bald hei\u00dft es nicht mehr \"<a href=\"https:\/\/de.wikipedia.org\/wiki\/Kilroy_was_here\" target=\"_blank\" rel=\"noopener\">Kilroy was here<\/a>\", sondern \"Born war schon da\" ;-).<\/p><\/blockquote>\n<p>Und nun sitzt die Besatzung, bestehend aus drei M\u00e4nnern (einer aus Kanada) und einer Frau, in Quarant\u00e4ne. Mutma\u00dflich vertreiben die sich die Zeit mit Karten spielen. Immerhin <a href=\"https:\/\/www.heise.de\/news\/iPhones-im-All-Astronauten-duerfen-moderne-Smartphones-mitnehmen-11168051.html\" target=\"_blank\" rel=\"noopener\">las ich k\u00fcrzlich<\/a>, die Mannschaft darf sich ein iPhone von Apple &#8211; oder ein Android-Smartphone &#8211; zum Mondflug mitnehmen, um \"sch\u00f6ne Fotos\" zu schie\u00dfen.<\/p>\n<h2>Artemis II soll Menschen zum Mond bringen<\/h2>\n<p>Die Artemis II-Mission ist dann als Generalprobe f\u00fcr die bemannte Landung von Menschen auf dem Mond geplant. Mit der Orion Raumkapsel sollen vier Astronauten (drei M\u00e4nner und eine Frau) zum Mond fliegen und diesen umrunden.<\/p>\n<p><img decoding=\"async\" title=\"Orion-Raumschiff\" src=\"https:\/\/i.imgur.com\/GxvfOKM.png\" alt=\"Orion-Raumschiff\" data-cmp-info=\"10\" \/><br \/>\nOrion-Raumschiff mit Antriebsstufe, Quelle: NASA<\/p>\n<p>Eigentlich h\u00e4tte dieser Flug bereits im Jahr 2024 stattfinden sollen. Aber im Jahr 2024 wurde die Artemis 2 -Mission aufgrund einer Reihe von sicherheitsrelevanten Problemen von November 2024 auf September 2025 verschoben. Und nun sind wir schon bei M\u00e4rz 2026. Nachfolgend finden sich noch Links zu Artikeln \u00fcber die Artemis-Missionen der NASA.<\/p>\n<p><strong>\u00c4hnliche Artikel:<\/strong><br \/>\n<a href=\"https:\/\/borncity.eu\/senioren\/2022\/07\/25\/nasa-artemis-1-mondmission-start-am-29-august-2022\/\">NASA Artemis 1 Mondmission: Start am 29. August 2022?<\/a><br \/>\n<a href=\"https:\/\/borncity.eu\/senioren\/2022\/05\/25\/nasa-verffentlicht-startdaten-fr-artemis-1-mondmission\/\">NASA ver\u00f6ffentlicht Startdaten f\u00fcr Artemis 1 Mondmission<\/a><br \/>\n<a href=\"https:\/\/borncity.eu\/senioren\/2022\/08\/19\/artemis-mondflug-bereits-am-29-august-2022\/\">Artemis Mondflug bereits am 29. August 2022?<\/a><br \/>\n<a href=\"https:\/\/borncity.eu\/senioren\/2022\/08\/25\/nasa-fr-den-artemis-mondflug-am-29-august-2022-bereit\/\">NASA f\u00fcr den Artemis Mondflug am 29. August 2022 bereit<\/a><br \/>\n<a href=\"https:\/\/borncity.eu\/senioren\/2022\/09\/03\/nasa-fr-zweiten-startversuch-fr-den-artemis-mondflug-am-3-september-2022-bereit\/\">NASA f\u00fcr zweiten Startversuch f\u00fcr den Artemis Mondflug am 3. September 2022 bereit<\/a><br \/>\n<a href=\"https:\/\/borncity.eu\/senioren\/2022\/09\/10\/artemis-wann-geht-es-zurck-zum-mond-start-am-23-oder-der-27-september\/\">Artemis: Wann geht es zur\u00fcck zum Mond? Start am 23. oder der 27. September?<\/a><br \/>\n<a href=\"https:\/\/borncity.eu\/senioren\/2022\/09\/15\/nasa-verschiebt-erneut-den-start-der-artemis-1-mondmission-auf-27-9-oder-2-10\/\">NASA verschiebt erneut den Start der Artemis 1 Mondmission auf 27.9 oder 2.10.<\/a><br \/>\n<a href=\"https:\/\/borncity.eu\/senioren\/2022\/09\/26\/artemis-start-der-mondmission-zum-27-9-2022-verschoben\/\">Artemis: Start der Mondmission am 27.9.2022 verschoben<\/a><br \/>\n<a href=\"https:\/\/borncity.eu\/senioren\/2022\/10\/13\/nasa-gibt-neue-starttermine-fr-artemis-mondmission-ab-november-2022-bekannt\/\">NASA gibt neue Starttermine f\u00fcr Artemis Mondmission ab November 2022 bekannt<\/a><br \/>\n<a href=\"https:\/\/borncity.eu\/senioren\/2022\/11\/14\/arthemis-1-die-nasa-will-am-mittwoch-16-11-erneut-zum-mond\/\">Artemis 1: Die NASA will am Mittwoch (16.11.) erneut zum Mond<\/a><br \/>\n<a href=\"https:\/\/borncity.eu\/senioren\/2022\/11\/16\/arthemis-1-nasa-mondmission-gestartet\/\">Artemis 1: NASA-Mondmission gestartet<\/a><br \/>\n<a href=\"https:\/\/borncity.eu\/senioren\/2022\/11\/17\/artemis-1-mission-erste-bilder-vom-mondflug\/\">Artemis 1-Mission: Erste Bilder vom Mondflug<\/a><br \/>\n<a href=\"https:\/\/borncity.eu\/senioren\/2022\/11\/22\/artemis-orion-kapsel-in-der-mondumlaufbahn\/\">Artemis: Orion-Kapsel in der \"Mondumlaufbahn\"<\/a><br \/>\n<a href=\"https:\/\/borncity.eu\/senioren\/2022\/11\/29\/artemis-orion-kapsel-erreicht-entfernungsmaximum-in-mondumlaufbahn\/\">Artemis: Orion-Kapsel erreicht Entfernungsmaximum in Mondumlaufbahn<\/a><br \/>\n<a href=\"https:\/\/borncity.eu\/senioren\/2022\/12\/07\/artemis-1-mission-raumschiff-orion-auf-dem-heimweg\/\">Artemis 1-Mission: Raumschiff Orion auf dem Heimweg<\/a><br \/>\n<a href=\"https:\/\/borncity.eu\/senioren\/2022\/12\/12\/artemis-1-orion-raumkapsel-sicher-von-unbemanntem-mond-testflug-auf-der-erde-gelandet\/\" rel=\"bookmark\">Artemis 1: Orion-Raumkapsel sicher von unbemanntem Mond-Testflug auf der Erde gelandet<\/a><br \/>\n<a href=\"https:\/\/borncity.eu\/senioren\/2023\/08\/04\/nasa-stellt-mannschaft-fuer-die-artemis-ii-mondmission-vor\/\" rel=\"bookmark\">NASA stellt Mannschaft f\u00fcr die Artemis II-Mondmission vor<\/a><br \/>\n<a href=\"https:\/\/borncity.eu\/senioren\/2024\/01\/11\/us-raumfahrtplaene-fuer-den-mond-peregrine-fehlschlag-und-verzoegerung-bei-artemis\/\" rel=\"bookmark\">US-Raumfahrtpl\u00e4ne f\u00fcr den Mond: Peregrine-Fehlschlag und Verz\u00f6gerung bei Artemis<\/a><br \/>\n<a href=\"https:\/\/borncity.eu\/senioren\/2024\/05\/05\/artemis-mondmission-diese-probleme-muessen-geloest-werden\/\" rel=\"bookmark\">Artemis Mondmission: Diese Probleme m\u00fcssen gel\u00f6st werden<\/a><br \/>\n<a href=\"https:\/\/borncity.eu\/senioren\/2024\/10\/29\/nasa-identifiziert-9-landestellen-fuer-artemis-iii-mondmission\/\" rel=\"bookmark\">NASA identifiziert 9 Landestellen f\u00fcr Artemis III-Mondmission<\/a><br \/>\n<a href=\"https:\/\/borncity.eu\/senioren\/2024\/12\/07\/mond-wir-kommen-spaeter-nasa-meldet-verzoegerungen-beim-artemis-programm\/\" rel=\"bookmark\">Mond, wir kommen sp\u00e4ter: NASA meldet Verz\u00f6gerungen beim Artemis-Programm<\/a><br \/>\n<a href=\"https:\/\/borncity.eu\/senioren\/2025\/04\/09\/artemis-ii-nasa-zieht-bemannte-mondumrundung-um-2-monate-vor\/\" rel=\"bookmark\">Artemis II: NASA zieht bemannte Mondumrundung um 2 Monate vor<\/a><br \/>\n<a href=\"https:\/\/borncity.eu\/senioren\/2025\/09\/10\/lass-deinen-namen-mit-artemis-ii-2025-zum-mond-fliegen\/\" rel=\"bookmark\">Lass deinen Namen mit Artemis II Anfang 2026 zum Mond fliegen \u2026<\/a><br \/>\n<a href=\"https:\/\/borncity.eu\/senioren\/2026\/01\/16\/artemis-ii-bemannter-flug-um-den-mond-fuer-februar-2026-geplant\/\" rel=\"bookmark\">Artemis II: Bemannter Mond-Flug f\u00fcr Februar 2026 geplant<\/a><\/p>\n","protected":false},"excerpt":{"rendered":"<p>Eigentlich war der Start der amerikanischen Artemis 2-Mission, bei der vier Personen zu einer Mondumrundung aufbrechen sollten, f\u00fcr den 8. Februar 2026 geplant. Das Ganze musste aber, erst wegen K\u00e4lte, und nun wohl wegen weiterer Arbeiten auf die n\u00e4chsten Startfenster &hellip; <a href=\"https:\/\/borncity.eu\/senioren\/2026\/02\/11\/artemis-2-mondflug-der-nasa-auf-maerz-2026-verschoben\/\">Weiterlesen <span class=\"meta-nav\">&rarr;<\/span><\/a><\/p>\n","protected":false},"author":1,"featured_media":0,"comment_status":"open","ping_status":"closed","sticky":false,"template":"","format":"standard","meta":{"footnotes":""},"categories":[655],"tags":[222],"class_list":["post-29404","post","type-post","status-publish","format-standard","hentry","category-technik","tag-raumfahrt"],"_links":{"self":[{"href":"https:\/\/borncity.eu\/senioren\/wp-json\/wp\/v2\/posts\/29404","targetHints":{"allow":["GET"]}}],"collection":[{"href":"https:\/\/borncity.eu\/senioren\/wp-json\/wp\/v2\/posts"}],"about":[{"href":"https:\/\/borncity.eu\/senioren\/wp-json\/wp\/v2\/types\/post"}],"author":[{"embeddable":true,"href":"https:\/\/borncity.eu\/senioren\/wp-json\/wp\/v2\/users\/1"}],"replies":[{"embeddable":true,"href":"https:\/\/borncity.eu\/senioren\/wp-json\/wp\/v2\/comments?post=29404"}],"version-history":[{"count":4,"href":"https:\/\/borncity.eu\/senioren\/wp-json\/wp\/v2\/posts\/29404\/revisions"}],"predecessor-version":[{"id":29408,"href":"https:\/\/borncity.eu\/senioren\/wp-json\/wp\/v2\/posts\/29404\/revisions\/29408"}],"wp:attachment":[{"href":"https:\/\/borncity.eu\/senioren\/wp-json\/wp\/v2\/media?parent=29404"}],"wp:term":[{"taxonomy":"category","embeddable":true,"href":"https:\/\/borncity.eu\/senioren\/wp-json\/wp\/v2\/categories?post=29404"},{"taxonomy":"post_tag","embeddable":true,"href":"https:\/\/borncity.eu\/senioren\/wp-json\/wp\/v2\/tags?post=29404"}],"curies":[{"name":"wp","href":"https:\/\/api.w.org\/{rel}","templated":true}]}}