{"id":29503,"date":"2026-03-10T00:02:27","date_gmt":"2026-03-09T23:02:27","guid":{"rendered":"https:\/\/borncity.eu\/senioren\/?p=29503"},"modified":"2026-03-08T23:12:10","modified_gmt":"2026-03-08T22:12:10","slug":"bmw-tausende-fahrzeuge-von-ruckruf-betroffen","status":"publish","type":"post","link":"https:\/\/borncity.eu\/senioren\/2026\/03\/10\/bmw-tausende-fahrzeuge-von-ruckruf-betroffen\/","title":{"rendered":"BMW: Tausende Fahrzeuge von R\u00fcckruf betroffen"},"content":{"rendered":"<p><img loading=\"lazy\" decoding=\"async\" style=\"float: left; margin: 0px 10px 0px 0px; display: inline;\" title=\"VW-K\u00e4fer\" src=\"https:\/\/borncity.eu\/senioren\/wp-content\/uploads\/2023\/05\/FsKkrZe.jpg\" alt=\"VW-K\u00e4fer\" width=\"278\" height=\"176\" \/>Der PKW-Hersteller BMW muss weltweit wohl knapp 340.000 Fahrzeuge wegen Brandgefahr in die Werkstatt zur\u00fcckrufen. Der Hintergrund ist wohl ein ung\u00fcnstig verlegter Kabelbaum in den Fahrzeugen. Bei Arbeiten in KFZ-Werkst\u00e4tten k\u00f6nnte der Kabelbaum besch\u00e4digt werden, was im ung\u00fcnstigsten Fall einen Kabelbrand zur Folge hat.<\/p>\n<p><!--more--><\/p>\n<p>Ich bin vor einer Woche bereits bei auto motor sport auf <a href=\"https:\/\/www.auto-motor-und-sport.de\/verkehr\/rueckruf-bmw-5er-und-7er-kabelbaum-kann-brand-ausloesen\/\" target=\"_blank\" rel=\"noopener\">diesen Artikel<\/a> mit entsprechenden Informationen gesto\u00dfen. Betroffen sind folgende Modellvarianten:<\/p>\n<ul>\n<li>BMW 5er-Generation (Werkscodes G60, G61, G68)<\/li>\n<li>BMW 7er-Generation\u00a0(Werkscodes G70, G73)<\/li>\n<li>BMW M5\u00a0(Werkscodes G90, G99)<\/li>\n<li>BMW elektrische Modelle i5 und i7<\/li>\n<\/ul>\n<p>Wenn ich es richtig beurteile, handelt es sich um den nachfolgenden R\u00fcckruf unter der KBA-Referenznummer 16187R des Kraftfahrtbundesamts.<\/p>\n<p><img loading=\"lazy\" decoding=\"async\" class=\"alignnone size-medium\" src=\"https:\/\/i.postimg.cc\/65ZxtdQH\/image.png\" alt=\"BMW-R\u00fcckruf\" width=\"640\" height=\"561\" \/><\/p>\n<p>Es sind in Deutschland um die 29.400 Fahrzeuge der Baujahre 6.2022 bis 12.2025 betroffen. Der <a href=\"https:\/\/www.auto-motor-und-sport.de\/verkehr\/rueckruf-bmw-5er-und-7er-kabelbaum-kann-brand-ausloesen\/\" target=\"_blank\" rel=\"noopener\">Artikel von auto motor sport<\/a> enth\u00e4lt noch einige Details, wo es beim Kabelbaum zu Problemen kommen kann.<\/p>\n","protected":false},"excerpt":{"rendered":"<p>Der PKW-Hersteller BMW muss weltweit wohl knapp 340.000 Fahrzeuge wegen Brandgefahr in die Werkstatt zur\u00fcckrufen. Der Hintergrund ist wohl ein ung\u00fcnstig verlegter Kabelbaum in den Fahrzeugen. Bei Arbeiten in KFZ-Werkst\u00e4tten k\u00f6nnte der Kabelbaum besch\u00e4digt werden, was im ung\u00fcnstigsten Fall einen &hellip; <a href=\"https:\/\/borncity.eu\/senioren\/2026\/03\/10\/bmw-tausende-fahrzeuge-von-ruckruf-betroffen\/\">Weiterlesen <span class=\"meta-nav\">&rarr;<\/span><\/a><\/p>\n","protected":false},"author":1,"featured_media":0,"comment_status":"open","ping_status":"closed","sticky":false,"template":"","format":"standard","meta":{"footnotes":""},"categories":[9,655],"tags":[126,11,103],"class_list":["post-29503","post","type-post","status-publish","format-standard","hentry","category-sicherheit","category-technik","tag-auto","tag-sicherheit","tag-technik"],"_links":{"self":[{"href":"https:\/\/borncity.eu\/senioren\/wp-json\/wp\/v2\/posts\/29503","targetHints":{"allow":["GET"]}}],"collection":[{"href":"https:\/\/borncity.eu\/senioren\/wp-json\/wp\/v2\/posts"}],"about":[{"href":"https:\/\/borncity.eu\/senioren\/wp-json\/wp\/v2\/types\/post"}],"author":[{"embeddable":true,"href":"https:\/\/borncity.eu\/senioren\/wp-json\/wp\/v2\/users\/1"}],"replies":[{"embeddable":true,"href":"https:\/\/borncity.eu\/senioren\/wp-json\/wp\/v2\/comments?post=29503"}],"version-history":[{"count":1,"href":"https:\/\/borncity.eu\/senioren\/wp-json\/wp\/v2\/posts\/29503\/revisions"}],"predecessor-version":[{"id":29504,"href":"https:\/\/borncity.eu\/senioren\/wp-json\/wp\/v2\/posts\/29503\/revisions\/29504"}],"wp:attachment":[{"href":"https:\/\/borncity.eu\/senioren\/wp-json\/wp\/v2\/media?parent=29503"}],"wp:term":[{"taxonomy":"category","embeddable":true,"href":"https:\/\/borncity.eu\/senioren\/wp-json\/wp\/v2\/categories?post=29503"},{"taxonomy":"post_tag","embeddable":true,"href":"https:\/\/borncity.eu\/senioren\/wp-json\/wp\/v2\/tags?post=29503"}],"curies":[{"name":"wp","href":"https:\/\/api.w.org\/{rel}","templated":true}]}}