{"id":29559,"date":"2026-03-23T00:01:58","date_gmt":"2026-03-22T23:01:58","guid":{"rendered":"https:\/\/borncity.eu\/senioren\/?p=29559"},"modified":"2026-03-22T23:05:59","modified_gmt":"2026-03-22T22:05:59","slug":"mandelbluete-2026-in-der-pfalz-rosa-fruehling-an-der-weinstrasse-maerz-2026","status":"publish","type":"post","link":"https:\/\/borncity.eu\/senioren\/2026\/03\/23\/mandelbluete-2026-in-der-pfalz-rosa-fruehling-an-der-weinstrasse-maerz-2026\/","title":{"rendered":"Mandelbl\u00fcte in der Pfalz \u2013 Rosa Fr\u00fchling an der Weinstra\u00dfe (M\u00e4rz 2026)"},"content":{"rendered":"<p><img loading=\"lazy\" decoding=\"async\" class=\"alignleft\" src=\"https:\/\/i.postimg.cc\/jdMjTYKf\/image.png\" alt=\"Mandelbl\u00fcte in der Pfalz (M\u00e4rz 2026)\" width=\"265\" height=\"326\" \/>Wir haben Mitte M\u00e4rz 2026, es gab einige Tage Sonnenschein und warmes Wetter. Schon zieht in Deutschland der Fr\u00fchling ein. Und damit kommen wir zu einem ganz besonderen Thema: \"Der rosa Fr\u00fchling an der Weinstra\u00dfe\" &#8211; es ist derzeit Mandelbl\u00fcte in der Pfalz. Was f\u00fcr die Japaner die Kirchbl\u00fcte ist, ist f\u00fcr den Pf\u00e4lzer die Zeit der Mandelbl\u00fcte. Ich hatte mitbekommen, dass der Fr\u00fchling in der Pfalz Einzug gehalten hat. Aber bisher war es mir noch nie gelungen, zur Mandelbl\u00fcte in der Pfalz zu weilen. Das sollte sich \u00e4ndern.\u00a0Am Wochenende (20. &#8211; 23. M\u00e4rz 2026) bin ich in der Pfalz unterwegs gewesen, denn ich wollte mir einmal selbst ein Bild von der Mandelbl\u00fcte machen.<\/p>\n<p><!--more--><\/p>\n<p><img loading=\"lazy\" decoding=\"async\" src=\"https:\/\/vg07.met.vgwort.de\/na\/635c3da4cc8545b193b5cd49ce497a9a\" alt=\"\" width=\"1\" height=\"1\" \/>Das Wetter passte, und bereits bei der Fahrt durch die Landschaft kamen wir an bl\u00fchenden Mandelb\u00e4umen vorbei. Mir war es gar nicht bewusst aufgefallen, da ich mich auf die Stra\u00dfe konzentrierte und nur \"B\u00e4ume am Stra\u00dfenrand\" bemerkt hatte, als meine Frau meinte \"sind das deine Mandelbl\u00fcten?\"<\/p>\n<h2>Auf zur Edenkobener Mandelmeile<\/h2>\n<p>Das Pfalz\u00f6rtchen Edenkoben ist so etwas wie die \"Hochburg\" der Mandelbl\u00fcte. Die Villastra\u00dfe, am Ortsrand gelegen, ist auf ca. 2 km durch Mandelb\u00e4ume ges\u00e4umt und verl\u00e4uft durch die \u00f6rtliche Weinberge. Die \u00f6rtlichen Winzer wussten bereits vor Jahren die Gunst der Stunde zu nutzen, und haben sozusagen die \"Edenkobener Mandelmeile\" ins Leben gerufen.<\/p>\n<p>\u00d6rtliche Winzer und andere Unternehmen haben an den Wochenenden der Mandelbl\u00fcte entlang der Villastra\u00dfe ihre St\u00e4nde aufgeschlagen und bieten Weine, Sekt, aber auch Essen (Flammkuchen, Schupfnudeln, Spie\u00dfbraten etc.) zum Verkauf. \u00dcberall stehen B\u00e4nke und Tische und laden zum Verweilen ein.<\/p>\n<p>Die \"Edenkobener Mandelmeile 2026\" fand an drei Wochenenden im M\u00e4rz statt: 7.\u20138., 14.\u201315. und 21.\u201322. M\u00e4rz, jeweils von 11 bis 18 Uhr, statt. Wir hatten am Samstag, den 21. M\u00e4rz 2026 das letzte Veranstaltungswochenende erwischt. Die Mandelwochen in der Pfalz laufen offiziell vom 21. Februar bis zum 6. April, wobei die Hauptbl\u00fctezeit meist im M\u00e4rz liegt und die Region in rosa T\u00f6ne taucht, hei\u00dft es auf den Tourismusseiten. Obiges Foto zeigt einen Zweig mit Mandelbl\u00fcten.<\/p>\n<p>Nachfolgendes Bild zeigt einen Blick auf die Edenkobener Mandelmeile mit den bl\u00fchenden Mandelb\u00e4umen. Die Villastra\u00dfe f\u00fchrt durch die Weinberge, und an ihr verl\u00e4uft auch der <em>1976<\/em> eingeweihte, fast anderthalb Kilometer lange Weinlehrpfad. Dort kann man auf Infotafeln Informationen zum Weinbau in der Pfalz nachlesen.<\/p>\n<p><img loading=\"lazy\" decoding=\"async\" class=\"alignnone\" title=\"Edenkobener Mandelmeile 2026\" src=\"https:\/\/i.postimg.cc\/ZRN9Y7jh\/image.png\" alt=\"Edenkobener Mandelmeile 2026\" width=\"588\" height=\"800\" \/><br \/>\n<em>Edenkobener Mandelmeile 2026 entlang des Weinlehrpfads<\/em><\/p>\n<p>Nachfolgendes Foto zeigt ein Ausstellungsobjekt (Weinpresse und Reben im Vordergrund) entlang des Weinlehrpfads Edenkoben.<\/p>\n<p><img loading=\"lazy\" decoding=\"async\" class=\"alignnone size-medium\" src=\"https:\/\/i.postimg.cc\/kXCVqPZx\/image.png\" alt=\"Ausstellungsobjekt entlang des Weinlehrpfads Edenkoben\" width=\"602\" height=\"800\" \/><br \/>\n<em>Ausstellungsobjekt entlang des Weinlehrpfads Edenkoben<\/em><\/p>\n<p>Nachfolgendes Foto zeigt ein weiteres Ausstellungsobjekt (Weinf\u00e4sser auf Wagen) entlang des Weinlehrpfads Edenkoben.<\/p>\n<p><img loading=\"lazy\" decoding=\"async\" class=\"alignnone size-medium\" src=\"https:\/\/i.postimg.cc\/dVTgBgsg\/image.png\" alt=\"Ausstellungsobjekt (Weinf\u00e4sser auf Wagen) entlang des Weinlehrpfads Edenkoben\" width=\"602\" height=\"800\" \/><br \/>\n<em>Ausstellungsobjekt (Weinf\u00e4sser auf Wagen) entlang des Weinlehrpfads Edenkoben<\/em><\/p>\n<p>Auch wenn f\u00fcr 2026 das letzte Wochenende der <em>Edenkobener Mandelmeile 2026\u00a0<\/em>vorbei ist, lohnen sich Edenkoben (mit Schloss Ludwigsh\u00f6he), der Weinlehrpfad oder auch die Pfalz zwischen Bad D\u00fcrkheim bis runter nach Schweigen, an der franz\u00f6sischen Grenze (vor Wissembourg), f\u00fcr eine Stippvisite. Und bis Anfang April 2026 d\u00fcrfte es noch die Mandelbl\u00fcte in der Pfalz geben.<\/p>\n<p><img loading=\"lazy\" decoding=\"async\" class=\"alignnone size-medium\" src=\"https:\/\/i.postimg.cc\/sxr5kQ7h\/image.png\" alt=\"Mandelbl\u00fcte M\u00e4rz 2026 vor Weinbergen, Edenkoben, Pfalz\" width=\"602\" height=\"800\" \/><br \/>\n<em>Mandelbl\u00fcte M\u00e4rz 2026 vor Weinbergen, Edenkoben, Pfalz<\/em><\/p>\n<p>Und damit schlie\u00dfe ich den heutige Beitrag, und verabschiede mich mit obigem Foto eines bl\u00fchenden Zweigs eines Mandelbaums vor dem Hintergrund der Weinberge und den H\u00fcgeln des angrenzenden Pf\u00e4lzerwalds, die zum Wandern und Verweilen einladen.<\/p>\n<p><strong>\u00c4hnliche Artikel:<br \/>\n<\/strong><a href=\"https:\/\/borncity.eu\/senioren\/2021\/04\/26\/gru-aus-dem-karbon-oder-wie-ich-huflattich-fr-brlapp-hielt\/\">Gru\u00df aus dem Karbon, oder wie ich Huflattich f\u00fcr B\u00e4rlapp hielt<\/a><br \/>\n<a href=\"https:\/\/borncity.eu\/senioren\/2024\/04\/30\/fruehling-im-palmengarten-frankfurt-alzaleen-und-rododendronbluete-2024\/\" rel=\"bookmark\">Fr\u00fchling im Palmengarten Frankfurt: Alzaleen- und Rododendronbl\u00fcte 2024<\/a><br \/>\n<a href=\"https:\/\/borncity.eu\/senioren\/2022\/03\/21\/ein-frhlingsgru-mrz-2022\/\">Ein Fr\u00fchlingsgru\u00df (M\u00e4rz 2022)<\/a><br \/>\n<a href=\"https:\/\/borncity.eu\/senioren\/2023\/02\/23\/fruehling-2023-im-anmarsch\/\" rel=\"bookmark\">Fr\u00fchling 2023 im Anmarsch<\/a><br \/>\n<a href=\"https:\/\/borncity.eu\/senioren\/2022\/02\/09\/frhlingsboten-feb-2022\/\">Fr\u00fchlingsboten Feb. 2022<\/a><br \/>\n<a href=\"https:\/\/borncity.eu\/senioren\/2022\/02\/14\/am-wasser-und-im-weinberg-februar-2022\/\">Am Wasser und im Weinberg (Februar 2022)<\/a><br \/>\n<a href=\"https:\/\/borncity.eu\/senioren\/2022\/03\/01\/ein-frhlingsgru-der-natur-feb-2021\/\">Ein Fr\u00fchlingsgru\u00df der Natur (Feb. 2021)<\/a><br \/>\n<a href=\"https:\/\/borncity.eu\/senioren\/2022\/03\/21\/ein-frhlingsgru-mrz-2022\/\">Ein Fr\u00fchlingsgru\u00df (M\u00e4rz 2022)<\/a><br \/>\n<a href=\"https:\/\/borncity.eu\/senioren\/2022\/03\/28\/frhlingsimpressionen-ende-mrz-2022\/\" rel=\"bookmark\">Fr\u00fchlingsimpressionen, Ende M\u00e4rz 2022<\/a><a href=\"https:\/\/borncity.eu\/senioren\/2023\/03\/20\/20-maerz-fruehlingsanfang-2023\/\" rel=\"bookmark\"><br \/>\n<\/a><a href=\"https:\/\/borncity.eu\/senioren\/2022\/04\/03\/schlsselblumen-im-schnee-april-2022\/\" rel=\"bookmark\">Schl\u00fcsselblumen im Schnee (April 2022)<\/a><a href=\"https:\/\/borncity.eu\/senioren\/2023\/03\/20\/20-maerz-fruehlingsanfang-2023\/\" rel=\"bookmark\"><br \/>\n<\/a><a href=\"https:\/\/borncity.eu\/senioren\/2022\/04\/19\/impressionen-vom-osterspaziergang-2022\/\" rel=\"bookmark\">Impressionen vom Osterspaziergang 2022<\/a><br \/>\n<a href=\"https:\/\/borncity.eu\/senioren\/2025\/03\/10\/ein-hauch-von-fruehling-2025\/\" rel=\"bookmark\">Ein Hauch von Fr\u00fchling \u2026 2025<\/a><br \/>\n<a href=\"https:\/\/borncity.eu\/senioren\/2024\/04\/30\/fruehling-im-palmengarten-frankfurt-alzaleen-und-rododendronbluete-2024\/\" rel=\"bookmark\">Fr\u00fchling im Palmengarten Frankfurt: Alzaleen- und Rododendronbl\u00fcte 2024<\/a><br \/>\n<a href=\"https:\/\/borncity.eu\/senioren\/2026\/03\/14\/es-wird-fruehling-maerz-2026\/\" rel=\"bookmark\">Es wird Fr\u00fchling (M\u00e4rz 2026)<\/a><\/p>\n","protected":false},"excerpt":{"rendered":"<p>Wir haben Mitte M\u00e4rz 2026, es gab einige Tage Sonnenschein und warmes Wetter. Schon zieht in Deutschland der Fr\u00fchling ein. Und damit kommen wir zu einem ganz besonderen Thema: \"Der rosa Fr\u00fchling an der Weinstra\u00dfe\" &#8211; es ist derzeit Mandelbl\u00fcte &hellip; <a href=\"https:\/\/borncity.eu\/senioren\/2026\/03\/23\/mandelbluete-2026-in-der-pfalz-rosa-fruehling-an-der-weinstrasse-maerz-2026\/\">Weiterlesen <span class=\"meta-nav\">&rarr;<\/span><\/a><\/p>\n","protected":false},"author":1,"featured_media":0,"comment_status":"open","ping_status":"closed","sticky":false,"template":"","format":"standard","meta":{"footnotes":""},"categories":[18,13],"tags":[19,190,119],"class_list":["post-29559","post","type-post","status-publish","format-standard","hentry","category-foto","category-natur","tag-foto","tag-fruehling","tag-natur"],"_links":{"self":[{"href":"https:\/\/borncity.eu\/senioren\/wp-json\/wp\/v2\/posts\/29559","targetHints":{"allow":["GET"]}}],"collection":[{"href":"https:\/\/borncity.eu\/senioren\/wp-json\/wp\/v2\/posts"}],"about":[{"href":"https:\/\/borncity.eu\/senioren\/wp-json\/wp\/v2\/types\/post"}],"author":[{"embeddable":true,"href":"https:\/\/borncity.eu\/senioren\/wp-json\/wp\/v2\/users\/1"}],"replies":[{"embeddable":true,"href":"https:\/\/borncity.eu\/senioren\/wp-json\/wp\/v2\/comments?post=29559"}],"version-history":[{"count":8,"href":"https:\/\/borncity.eu\/senioren\/wp-json\/wp\/v2\/posts\/29559\/revisions"}],"predecessor-version":[{"id":29567,"href":"https:\/\/borncity.eu\/senioren\/wp-json\/wp\/v2\/posts\/29559\/revisions\/29567"}],"wp:attachment":[{"href":"https:\/\/borncity.eu\/senioren\/wp-json\/wp\/v2\/media?parent=29559"}],"wp:term":[{"taxonomy":"category","embeddable":true,"href":"https:\/\/borncity.eu\/senioren\/wp-json\/wp\/v2\/categories?post=29559"},{"taxonomy":"post_tag","embeddable":true,"href":"https:\/\/borncity.eu\/senioren\/wp-json\/wp\/v2\/tags?post=29559"}],"curies":[{"name":"wp","href":"https:\/\/api.w.org\/{rel}","templated":true}]}}