{"id":29622,"date":"2026-03-31T00:04:17","date_gmt":"2026-03-30T22:04:17","guid":{"rendered":"https:\/\/borncity.eu\/senioren\/?p=29622"},"modified":"2026-03-28T11:37:50","modified_gmt":"2026-03-28T10:37:50","slug":"artemis-ii-klappt-dieses-mal-der-bemannte-flug-zum-mond","status":"publish","type":"post","link":"https:\/\/borncity.eu\/senioren\/2026\/03\/31\/artemis-ii-klappt-dieses-mal-der-bemannte-flug-zum-mond\/","title":{"rendered":"Artemis II: Klappt dieses Mal der bemannte Flug zum Mond?"},"content":{"rendered":"<p><img loading=\"lazy\" decoding=\"async\" class=\"alignleft\" title=\"Orion-Raumschiff\" src=\"https:\/\/i.imgur.com\/GxvfOKM.png\" alt=\"Orion-Raumschiff\" width=\"283\" height=\"144\" data-cmp-info=\"10\" \/>Bei Erscheinen dieses Beitrags\u00a0 sollte der Countdown f\u00fcr die Artemis II-Mission der US-Raumfahrtbeh\u00f6rde NASA laufen. Die Agentur bereitet den Start eines bemannten Flug mit drei Astronauten und einer Astronautin zum Mond mit Umrundung samt sicher R\u00fcckkehr zur Erde ab dem 1. April 2026.<\/p>\n<p><!--more--><\/p>\n<h2>Mit Artemis II fliegen Menschen zum Mond<\/h2>\n<p>Ich hatte es im Beitrag\u00a0<a href=\"https:\/\/borncity.eu\/senioren\/2026\/03\/15\/nasa-plant-artemis-ii-mondflug-ab-1-april-2026\/\">NASA plant Artemis II Mondflug ab 1. April 2026<\/a> bereits erw\u00e4hnt. Nachdem die Starttermine der NASA im Februar und M\u00e4rz 2026 f\u00fcr einen bemannten Flug mit drei Astronauten und einer Astronautin zum Mond aus technischen Gr\u00fcnden geplatzt sind, kann der Start erstmals ab dem 1. April 2026 stattfinden.<\/p>\n<p>Die Artemis II-Mission dient als erste Generalprobe f\u00fcr die bemannte Landung von Menschen auf dem Mond. Bei Artemis II sollen vier Astronauten (drei M\u00e4nner und eine Frau) mit der Orion Raumkapsel zum Mond fliegen, diesen umrunden und heil zur Erde zur\u00fcck kehren. Artemis III wird dagegen Komponenten f\u00fcr eine Mondlandung in der Erdumlaufbahn testen (siehe\u00a0<a href=\"https:\/\/borncity.eu\/senioren\/2026\/03\/01\/nasa-plaene-fuer-mondmissionen-artemis-iii-in-2027-ohne-landung\/\" rel=\"bookmark\">NASA-Pl\u00e4ne f\u00fcr Mondmissionen: Artemis III in 2027 ohne Landung<\/a>).<\/p>\n<p><img decoding=\"async\" title=\"Orion-Raumschiff\" src=\"https:\/\/i.imgur.com\/GxvfOKM.png\" alt=\"Orion-Raumschiff\" data-cmp-info=\"10\" \/><br \/>\nOrion-Raumschiff mit Antriebsstufe, Quelle: NASA<\/p>\n<p>Die Artemis-Missionen leiden unter technisch bedingten, gravierenden Verz\u00f6gerungen.\u00a0Mit Artemis I war bereits im November 2022 (nach vielen Verschiebungen) eine unbemannte Mission zum Mond, mit Mondumrundung samt sicherer R\u00fcckkehr zur Erde erfolgreich durchgef\u00fchrt worden. Seit dieser Zeit bereitet sich die US-Raumfahrtbeh\u00f6rde NASA auf die erste bemannte Mission f\u00fcr eine Mondumrundung vor. Nach dem Testflug von Artemis I musste der Hersteller aber zahlreiche \u00c4nderungen am Raumschiff vornehmen, um die Erkenntnisse aus dem Demonstrationsflug zu ber\u00fccksichtigen.<\/p>\n<h2>Klappt der Start im April 2026?<\/h2>\n<p>Der erste m\u00f6gliche Starttermin f\u00fcr die SLS-Rakete mit dem Orion-Raumschiff ist der 1. April 2026 (US-Zeit, in Deutschland ist es dann schon der 2. April 2026). Die m\u00f6glichen zwei Stunden offenen Startfenster im April 2026 (1. bis 6. und 30. April) sind in\u00a0<a href=\"https:\/\/www.nasa.gov\/wp-content\/uploads\/2026\/01\/artemis-ii-mission-availability.pdf\" target=\"_blank\" rel=\"noopener\">diesem PDF-Dokument<\/a>\u00a0der NASA samt Uhrzeiten genannt. Warum man nur an bestimmten Tagen starten kann, hatte ich im Beitrag\u00a0<a href=\"https:\/\/borncity.eu\/senioren\/2026\/02\/19\/warum-gibt-es-so-wenige-startfenster-fuer-die-artemis-2-mondmission\/\" rel=\"bookmark\">Warum gibt es so wenige Startfenster f\u00fcr die Artemis 2-Mondmission?<\/a>\u00a0erl\u00e4utert.<\/p>\n<p>Am heutigen Dienstag, den 31. M\u00e4rz 2026 will die US-Raumfahrtbeh\u00f6rde der NASA mit dem Countdown f\u00fcr den Start beginnen &#8211; wie ich die Tage beim Schreiben dieses Texts bei den Kollegen von heise in <a href=\"https:\/\/www.heise.de\/news\/Mondmission-Artemis-2-Zweitaegiger-Countdown-soll-in-Nacht-zu-Dienstag-starten-11227578.html\" target=\"_blank\" rel=\"noopener\">diesem Beitrag<\/a> gelesen habe. Es k\u00f6nnen hundert Dinge schief gehen, so dass der Countdown angehalten und wieder fortgesetzt werden kann. Wird der Start in den 120 Minuten des jeweiligen Startfensters verpatzt, muss der Vorgang an einem der folgenden Startfenster wiederholt werden.<\/p>\n<p><a href=\"https:\/\/www.golem.de\/news\/tracker-artemis-ii-nach-dem-start-in-echtzeit-mitverfolgen-2603-206571.html\" target=\"_blank\" rel=\"noopener\"><img loading=\"lazy\" decoding=\"async\" class=\"alignnone size-medium\" src=\"https:\/\/borncity.eu\/senioren\/wp-content\/uploads\/2026\/03\/image-2.png\" alt=\"Artemis II-Tracker\" width=\"531\" height=\"423\" \/><\/a><\/p>\n<p>Golem hatte in <a href=\"https:\/\/www.golem.de\/news\/tracker-artemis-ii-nach-dem-start-in-echtzeit-mitverfolgen-2603-206571.html\" target=\"_blank\" rel=\"noopener\">diesem Beitrag<\/a> vor einigen Tagen auf den Artemis II-Tracker hingewiesen. In diesem kann man in Echtzeit den Flug, sofern der Start gegl\u00fcckt ist, verfolgen.\u00a0So ganz ungef\u00e4hrlich ist es (abseits der technischen Risiken f\u00fcr einen Fehlschlag) f\u00fcr die Besatzung \u00fcbrigens nicht. Ein Sonnensturm k\u00f6nnte diese h\u00f6heren Strahlenbelastungen beim Flug aussetzen, so dass es entsprechende Schutzma\u00dfnahmen gibt. Golem geht in <a href=\"https:\/\/www.golem.de\/news\/artemis-ii-wettlauf-gegen-die-launen-der-sonne-2603-206573.html\" target=\"_blank\" rel=\"noopener\">diesem Beitrag<\/a> auf dieses Thema ein.<\/p>\n<p>Es wird f\u00fcr mich auf jeden Fall eine spannende Sache, in den Jahren 1967 bis 1972 habe ich mit gro\u00dfem Interesse als 12 &#8211; 17 j\u00e4hriger die Saturn-Missionen einschlie\u00dflich der\u00a0 Fl\u00fcge der Apollo 7-16 Missionen verfolgt. Apollo 8 ging im Dezember 1968 erstmals zur Mondumrundung von drei Astronauten. Apollo 12 war die Generalprobe der Mondlandung, bei der der Mondlander in der Mondumlaufbahn getestet wurde. Und\u00a0 mit Apollo 11 fand im Sommer 1969 die erste bemannte Mondlandung der Menschheit statt. Jetzt, 57 Jahre sp\u00e4ter k\u00f6nnten meine Enkel Zeitzeugen der n\u00e4chsten Mondfl\u00fcge der Amerikaner werden.<\/p>\n<p><strong>\u00c4hnliche Artikel:<\/strong><br \/>\n<a href=\"https:\/\/borncity.eu\/senioren\/2022\/07\/25\/nasa-artemis-1-mondmission-start-am-29-august-2022\/\">NASA Artemis 1 Mondmission: Start am 29. August 2022?<\/a><br \/>\n<a href=\"https:\/\/borncity.eu\/senioren\/2022\/05\/25\/nasa-verffentlicht-startdaten-fr-artemis-1-mondmission\/\">NASA ver\u00f6ffentlicht Startdaten f\u00fcr Artemis 1 Mondmission<\/a><br \/>\n<a href=\"https:\/\/borncity.eu\/senioren\/2022\/08\/19\/artemis-mondflug-bereits-am-29-august-2022\/\">Artemis Mondflug bereits am 29. August 2022?<\/a><br \/>\n<a href=\"https:\/\/borncity.eu\/senioren\/2022\/08\/25\/nasa-fr-den-artemis-mondflug-am-29-august-2022-bereit\/\">NASA f\u00fcr den Artemis Mondflug am 29. August 2022 bereit<\/a><br \/>\n<a href=\"https:\/\/borncity.eu\/senioren\/2022\/09\/03\/nasa-fr-zweiten-startversuch-fr-den-artemis-mondflug-am-3-september-2022-bereit\/\">NASA f\u00fcr zweiten Startversuch f\u00fcr den Artemis Mondflug am 3. September 2022 bereit<\/a><br \/>\n<a href=\"https:\/\/borncity.eu\/senioren\/2022\/09\/10\/artemis-wann-geht-es-zurck-zum-mond-start-am-23-oder-der-27-september\/\">Artemis: Wann geht es zur\u00fcck zum Mond? Start am 23. oder der 27. September?<\/a><br \/>\n<a href=\"https:\/\/borncity.eu\/senioren\/2022\/09\/15\/nasa-verschiebt-erneut-den-start-der-artemis-1-mondmission-auf-27-9-oder-2-10\/\">NASA verschiebt erneut den Start der Artemis 1 Mondmission auf 27.9 oder 2.10.<\/a><br \/>\n<a href=\"https:\/\/borncity.eu\/senioren\/2022\/09\/26\/artemis-start-der-mondmission-zum-27-9-2022-verschoben\/\">Artemis: Start der Mondmission am 27.9.2022 verschoben<\/a><br \/>\n<a href=\"https:\/\/borncity.eu\/senioren\/2022\/10\/13\/nasa-gibt-neue-starttermine-fr-artemis-mondmission-ab-november-2022-bekannt\/\">NASA gibt neue Starttermine f\u00fcr Artemis Mondmission ab November 2022 bekannt<\/a><br \/>\n<a href=\"https:\/\/borncity.eu\/senioren\/2022\/11\/14\/arthemis-1-die-nasa-will-am-mittwoch-16-11-erneut-zum-mond\/\">Artemis 1: Die NASA will am Mittwoch (16.11.) erneut zum Mond<\/a><br \/>\n<a href=\"https:\/\/borncity.eu\/senioren\/2022\/11\/16\/arthemis-1-nasa-mondmission-gestartet\/\">Artemis 1: NASA-Mondmission gestartet<\/a><br \/>\n<a href=\"https:\/\/borncity.eu\/senioren\/2022\/11\/17\/artemis-1-mission-erste-bilder-vom-mondflug\/\">Artemis 1-Mission: Erste Bilder vom Mondflug<\/a><br \/>\n<a href=\"https:\/\/borncity.eu\/senioren\/2022\/11\/22\/artemis-orion-kapsel-in-der-mondumlaufbahn\/\">Artemis: Orion-Kapsel in der \"Mondumlaufbahn\"<\/a><br \/>\n<a href=\"https:\/\/borncity.eu\/senioren\/2022\/11\/29\/artemis-orion-kapsel-erreicht-entfernungsmaximum-in-mondumlaufbahn\/\">Artemis: Orion-Kapsel erreicht Entfernungsmaximum in Mondumlaufbahn<\/a><br \/>\n<a href=\"https:\/\/borncity.eu\/senioren\/2022\/12\/07\/artemis-1-mission-raumschiff-orion-auf-dem-heimweg\/\">Artemis 1-Mission: Raumschiff Orion auf dem Heimweg<\/a><br \/>\n<a href=\"https:\/\/borncity.eu\/senioren\/2022\/12\/12\/artemis-1-orion-raumkapsel-sicher-von-unbemanntem-mond-testflug-auf-der-erde-gelandet\/\" rel=\"bookmark\">Artemis 1: Orion-Raumkapsel sicher von unbemanntem Mond-Testflug auf der Erde gelandet<\/a><br \/>\n<a href=\"https:\/\/borncity.eu\/senioren\/2023\/08\/04\/nasa-stellt-mannschaft-fuer-die-artemis-ii-mondmission-vor\/\" rel=\"bookmark\">NASA stellt Mannschaft f\u00fcr die Artemis II-Mondmission vor<\/a><br \/>\n<a href=\"https:\/\/borncity.eu\/senioren\/2024\/01\/11\/us-raumfahrtplaene-fuer-den-mond-peregrine-fehlschlag-und-verzoegerung-bei-artemis\/\" rel=\"bookmark\">US-Raumfahrtpl\u00e4ne f\u00fcr den Mond: Peregrine-Fehlschlag und Verz\u00f6gerung bei Artemis<\/a><br \/>\n<a href=\"https:\/\/borncity.eu\/senioren\/2024\/05\/05\/artemis-mondmission-diese-probleme-muessen-geloest-werden\/\" rel=\"bookmark\">Artemis Mondmission: Diese Probleme m\u00fcssen gel\u00f6st werden<\/a><br \/>\n<a href=\"https:\/\/borncity.eu\/senioren\/2024\/10\/29\/nasa-identifiziert-9-landestellen-fuer-artemis-iii-mondmission\/\" rel=\"bookmark\">NASA identifiziert 9 Landestellen f\u00fcr Artemis III-Mondmission<\/a><br \/>\n<a href=\"https:\/\/borncity.eu\/senioren\/2024\/12\/07\/mond-wir-kommen-spaeter-nasa-meldet-verzoegerungen-beim-artemis-programm\/\" rel=\"bookmark\">Mond, wir kommen sp\u00e4ter: NASA meldet Verz\u00f6gerungen beim Artemis-Programm<\/a><br \/>\n<a href=\"https:\/\/borncity.eu\/senioren\/2025\/04\/09\/artemis-ii-nasa-zieht-bemannte-mondumrundung-um-2-monate-vor\/\" rel=\"bookmark\">Artemis II: NASA zieht bemannte Mondumrundung um 2 Monate vor<\/a><br \/>\n<a href=\"https:\/\/borncity.eu\/senioren\/2025\/09\/10\/lass-deinen-namen-mit-artemis-ii-2025-zum-mond-fliegen\/\" rel=\"bookmark\">Lass deinen Namen mit Artemis II Anfang 2026 zum Mond fliegen \u2026<\/a><br \/>\n<a href=\"https:\/\/borncity.eu\/senioren\/2026\/01\/16\/artemis-ii-bemannter-flug-um-den-mond-fuer-februar-2026-geplant\/\" rel=\"bookmark\">Artemis II: Bemannter Mond-Flug f\u00fcr Februar 2026 geplant<\/a><br \/>\n<a href=\"https:\/\/borncity.eu\/senioren\/2026\/02\/11\/artemis-2-mondflug-der-nasa-auf-maerz-2026-verschoben\/\" rel=\"bookmark\">Artemis 2-Mondflug der NASA auf M\u00e4rz 2026 verschoben<\/a><br \/>\n<a href=\"https:\/\/borncity.eu\/senioren\/2026\/02\/19\/warum-gibt-es-so-wenige-startfenster-fuer-die-artemis-2-mondmission\/\" rel=\"bookmark\">Warum gibt es so wenige Startfenster f\u00fcr die Artemis 2-Mondmission?<\/a><br \/>\n<a href=\"https:\/\/borncity.eu\/senioren\/2026\/02\/25\/zurueck-in-den-hangar-kein-artemis-ii-mondflug-im-maerz-2026\/\" rel=\"bookmark\">Zur\u00fcck in den Hangar, kein Artemis II-Mondflug im M\u00e4rz 2026<\/a><br \/>\n<a href=\"https:\/\/borncity.eu\/senioren\/2026\/03\/01\/nasa-plaene-fuer-mondmissionen-artemis-iii-in-2027-ohne-landung\/\" rel=\"bookmark\">NASA-Pl\u00e4ne f\u00fcr Mondmissionen: Artemis III in 2027 ohne Landung<\/a><br \/>\n<a href=\"https:\/\/borncity.eu\/senioren\/2026\/03\/15\/nasa-plant-artemis-ii-mondflug-ab-1-april-2026\/\">NASA plant Artemis II Mondflug ab 1. April 2026<\/a><\/p>\n","protected":false},"excerpt":{"rendered":"<p>Bei Erscheinen dieses Beitrags\u00a0 sollte der Countdown f\u00fcr die Artemis II-Mission der US-Raumfahrtbeh\u00f6rde NASA laufen. Die Agentur bereitet den Start eines bemannten Flug mit drei Astronauten und einer Astronautin zum Mond mit Umrundung samt sicher R\u00fcckkehr zur Erde ab dem &hellip; <a href=\"https:\/\/borncity.eu\/senioren\/2026\/03\/31\/artemis-ii-klappt-dieses-mal-der-bemannte-flug-zum-mond\/\">Weiterlesen <span class=\"meta-nav\">&rarr;<\/span><\/a><\/p>\n","protected":false},"author":1,"featured_media":0,"comment_status":"open","ping_status":"closed","sticky":false,"template":"","format":"standard","meta":{"footnotes":""},"categories":[32,655,690],"tags":[222],"class_list":["post-29622","post","type-post","status-publish","format-standard","hentry","category-gesundheit","category-technik","category-wissenschaft","tag-raumfahrt"],"_links":{"self":[{"href":"https:\/\/borncity.eu\/senioren\/wp-json\/wp\/v2\/posts\/29622","targetHints":{"allow":["GET"]}}],"collection":[{"href":"https:\/\/borncity.eu\/senioren\/wp-json\/wp\/v2\/posts"}],"about":[{"href":"https:\/\/borncity.eu\/senioren\/wp-json\/wp\/v2\/types\/post"}],"author":[{"embeddable":true,"href":"https:\/\/borncity.eu\/senioren\/wp-json\/wp\/v2\/users\/1"}],"replies":[{"embeddable":true,"href":"https:\/\/borncity.eu\/senioren\/wp-json\/wp\/v2\/comments?post=29622"}],"version-history":[{"count":3,"href":"https:\/\/borncity.eu\/senioren\/wp-json\/wp\/v2\/posts\/29622\/revisions"}],"predecessor-version":[{"id":29630,"href":"https:\/\/borncity.eu\/senioren\/wp-json\/wp\/v2\/posts\/29622\/revisions\/29630"}],"wp:attachment":[{"href":"https:\/\/borncity.eu\/senioren\/wp-json\/wp\/v2\/media?parent=29622"}],"wp:term":[{"taxonomy":"category","embeddable":true,"href":"https:\/\/borncity.eu\/senioren\/wp-json\/wp\/v2\/categories?post=29622"},{"taxonomy":"post_tag","embeddable":true,"href":"https:\/\/borncity.eu\/senioren\/wp-json\/wp\/v2\/tags?post=29622"}],"curies":[{"name":"wp","href":"https:\/\/api.w.org\/{rel}","templated":true}]}}