{"id":29722,"date":"2026-04-22T00:01:48","date_gmt":"2026-04-21T22:01:48","guid":{"rendered":"https:\/\/borncity.eu\/senioren\/?p=29722"},"modified":"2026-04-20T11:37:41","modified_gmt":"2026-04-20T09:37:41","slug":"traubenhyazinthe-einfach-cool","status":"publish","type":"post","link":"https:\/\/borncity.eu\/senioren\/2026\/04\/22\/traubenhyazinthe-einfach-cool\/","title":{"rendered":"Traubenhyazinthen (und Primeln), einfach cool"},"content":{"rendered":"<p><img loading=\"lazy\" decoding=\"async\" class=\"alignleft\" title=\"Traubenhyazinthe\" src=\"https:\/\/i.postimg.cc\/FF69tRPb\/image.png\" alt=\"Traubenhyazinthe\" width=\"150\" height=\"224\" \/>Es sind unscheinbar kleine \"Blumen\", die blau bl\u00fchend im Fr\u00fchling bei uns im Garten wachsen, die Traubenhyazinthen. Sieht doch irgendwie schon wie eine kleine Traube aus, der Bl\u00fctenstand? In manchen Gegenden wird die Pflanze auch als \"Bergm\u00e4nnchen\" bezeichnet. Schon gewusst, dass <a href=\"https:\/\/de.wikipedia.org\/wiki\/Traubenhyazinthen\" target=\"_blank\" rel=\"noopener\">Traubenhyazinthen<\/a> eine Pflanzengattung in der Familie der <a id=\"mwDg\" title=\"Spargelgew\u00e4chse\" href=\"https:\/\/de.wikipedia.org\/wiki\/Spargelgew%C3%A4chse\" target=\"_blank\" rel=\"mw:WikiLink noopener\">Spargelgew\u00e4chse<\/a>\u00a0(<i id=\"mwDw\">Asparagaceae<\/i>) sind? Ich wusste es bis zum Schreiben des Beitrags nicht.\u00a0Wenn diese blauen Bl\u00fcten im Garten erscheinen, wei\u00df ich: \"Es ist wirklich Fr\u00fchling\", die sch\u00f6nste Zeit des Jahres f\u00fcr mich.<\/p>\n<p><!--more--><\/p>\n<p>K\u00fcrzlich sa\u00df ich auf unserer Terrasse im Garten und habe die Fr\u00fchlingssonne genossen. Da fiel mein Blick auf diverse bl\u00fchende Traubenhyazinthen in unserem Garten. Ich habe mir das Smartphone geschnappt und dabei ist nachfolgender Schnappschuss entstanden.<\/p>\n<p><img loading=\"lazy\" decoding=\"async\" class=\"alignnone\" title=\"Traubenhyazinthe\" src=\"https:\/\/i.postimg.cc\/zvzH9f01\/image.png\" alt=\"Traubenhyazinthe\" width=\"602\" height=\"800\" \/><br \/>\nTraubenhyazinthe April 2026<\/p>\n<p>Ist das nicht ein wundersch\u00f6nes Gew\u00e4chs, mit den blauen Bl\u00fcten, in sich in den unteren Bl\u00fctenst\u00e4nden bereits etwas ge\u00f6ffnet haben? Im Hintergrund sind noch Primeln zu sehen, die mich ebenfalls im Fr\u00fchling begeistern. Hier noch ein Schnappschuss diverser Primeln aus unserem Garten<\/p>\n<p><img loading=\"lazy\" decoding=\"async\" class=\"alignnone\" title=\"Primeln im Fr\u00fchling 2026\" src=\"https:\/\/i.postimg.cc\/prcQC8RL\/image.png\" alt=\"Primeln im Fr\u00fchling 2026\" width=\"640\" height=\"482\" \/><br \/>\nPrimeln im Fr\u00fchling 2026<\/p>\n<p><strong>\u00c4hnliche Artikel:<br \/>\n<\/strong><a href=\"https:\/\/borncity.eu\/senioren\/2021\/04\/26\/gru-aus-dem-karbon-oder-wie-ich-huflattich-fr-brlapp-hielt\/\">Gru\u00df aus dem Karbon, oder wie ich Huflattich f\u00fcr B\u00e4rlapp hielt<\/a><br \/>\n<a href=\"https:\/\/borncity.eu\/senioren\/2024\/04\/30\/fruehling-im-palmengarten-frankfurt-alzaleen-und-rododendronbluete-2024\/\" rel=\"bookmark\">Fr\u00fchling im Palmengarten Frankfurt: Alzaleen- und Rododendronbl\u00fcte 2024<\/a><br \/>\n<a href=\"https:\/\/borncity.eu\/senioren\/2021\/01\/05\/primeln-blhen-erste-frhlingsboten\/\" rel=\"bookmark\">Primeln bl\u00fchen \u2013 erste Fr\u00fchlingsboten?<\/a><br \/>\n<a href=\"https:\/\/borncity.eu\/senioren\/2022\/03\/21\/ein-frhlingsgru-mrz-2022\/\">Ein Fr\u00fchlingsgru\u00df (M\u00e4rz 2022)<\/a><br \/>\n<a href=\"https:\/\/borncity.eu\/senioren\/2023\/02\/23\/fruehling-2023-im-anmarsch\/\" rel=\"bookmark\">Fr\u00fchling 2023 im Anmarsch<\/a><br \/>\n<a href=\"https:\/\/borncity.eu\/senioren\/2022\/02\/09\/frhlingsboten-feb-2022\/\">Fr\u00fchlingsboten Feb. 2022<\/a><br \/>\n<a href=\"https:\/\/borncity.eu\/senioren\/2022\/02\/14\/am-wasser-und-im-weinberg-februar-2022\/\">Am Wasser und im Weinberg (Februar 2022)<\/a><br \/>\n<a href=\"https:\/\/borncity.eu\/senioren\/2022\/03\/01\/ein-frhlingsgru-der-natur-feb-2021\/\">Ein Fr\u00fchlingsgru\u00df der Natur (Feb. 2021)<\/a><br \/>\n<a href=\"https:\/\/borncity.eu\/senioren\/2022\/03\/21\/ein-frhlingsgru-mrz-2022\/\">Ein Fr\u00fchlingsgru\u00df (M\u00e4rz 2022)<\/a><br \/>\n<a href=\"https:\/\/borncity.eu\/senioren\/2022\/03\/28\/frhlingsimpressionen-ende-mrz-2022\/\" rel=\"bookmark\">Fr\u00fchlingsimpressionen, Ende M\u00e4rz 2022<\/a><a href=\"https:\/\/borncity.eu\/senioren\/2023\/03\/20\/20-maerz-fruehlingsanfang-2023\/\" rel=\"bookmark\"><br \/>\n<\/a><a href=\"https:\/\/borncity.eu\/senioren\/2022\/04\/03\/schlsselblumen-im-schnee-april-2022\/\" rel=\"bookmark\">Schl\u00fcsselblumen im Schnee (April 2022)<\/a><a href=\"https:\/\/borncity.eu\/senioren\/2023\/03\/20\/20-maerz-fruehlingsanfang-2023\/\" rel=\"bookmark\"><br \/>\n<\/a><a href=\"https:\/\/borncity.eu\/senioren\/2022\/04\/19\/impressionen-vom-osterspaziergang-2022\/\" rel=\"bookmark\">Impressionen vom Osterspaziergang 2022<\/a><br \/>\n<a href=\"https:\/\/borncity.eu\/senioren\/2025\/03\/10\/ein-hauch-von-fruehling-2025\/\" rel=\"bookmark\">Ein Hauch von Fr\u00fchling \u2026 2025<\/a><br \/>\n<a href=\"https:\/\/borncity.eu\/senioren\/2024\/04\/30\/fruehling-im-palmengarten-frankfurt-alzaleen-und-rododendronbluete-2024\/\" rel=\"bookmark\">Fr\u00fchling im Palmengarten Frankfurt: Alzaleen- und Rododendronbl\u00fcte 2024<\/a><br \/>\n<a href=\"https:\/\/borncity.eu\/senioren\/2026\/03\/14\/es-wird-fruehling-maerz-2026\/\" rel=\"bookmark\">Es wird Fr\u00fchling (M\u00e4rz 2026)<\/a><br \/>\n<a href=\"https:\/\/borncity.eu\/senioren\/2026\/03\/23\/mandelbluete-2026-in-der-pfalz-rosa-fruehling-an-der-weinstrasse-maerz-2026\/\" rel=\"bookmark\">Mandelbl\u00fcte in der Pfalz \u2013 Rosa Fr\u00fchling an der Weinstra\u00dfe (M\u00e4rz 2026)<\/a><\/p>\n","protected":false},"excerpt":{"rendered":"<p>Es sind unscheinbar kleine \"Blumen\", die blau bl\u00fchend im Fr\u00fchling bei uns im Garten wachsen, die Traubenhyazinthen. Sieht doch irgendwie schon wie eine kleine Traube aus, der Bl\u00fctenstand? In manchen Gegenden wird die Pflanze auch als \"Bergm\u00e4nnchen\" bezeichnet. Schon gewusst, &hellip; <a href=\"https:\/\/borncity.eu\/senioren\/2026\/04\/22\/traubenhyazinthe-einfach-cool\/\">Weiterlesen <span class=\"meta-nav\">&rarr;<\/span><\/a><\/p>\n","protected":false},"author":1,"featured_media":0,"comment_status":"open","ping_status":"closed","sticky":false,"template":"","format":"standard","meta":{"footnotes":""},"categories":[18,13],"tags":[574,19,119],"class_list":["post-29722","post","type-post","status-publish","format-standard","hentry","category-foto","category-natur","tag-blume","tag-foto","tag-natur"],"_links":{"self":[{"href":"https:\/\/borncity.eu\/senioren\/wp-json\/wp\/v2\/posts\/29722","targetHints":{"allow":["GET"]}}],"collection":[{"href":"https:\/\/borncity.eu\/senioren\/wp-json\/wp\/v2\/posts"}],"about":[{"href":"https:\/\/borncity.eu\/senioren\/wp-json\/wp\/v2\/types\/post"}],"author":[{"embeddable":true,"href":"https:\/\/borncity.eu\/senioren\/wp-json\/wp\/v2\/users\/1"}],"replies":[{"embeddable":true,"href":"https:\/\/borncity.eu\/senioren\/wp-json\/wp\/v2\/comments?post=29722"}],"version-history":[{"count":5,"href":"https:\/\/borncity.eu\/senioren\/wp-json\/wp\/v2\/posts\/29722\/revisions"}],"predecessor-version":[{"id":29727,"href":"https:\/\/borncity.eu\/senioren\/wp-json\/wp\/v2\/posts\/29722\/revisions\/29727"}],"wp:attachment":[{"href":"https:\/\/borncity.eu\/senioren\/wp-json\/wp\/v2\/media?parent=29722"}],"wp:term":[{"taxonomy":"category","embeddable":true,"href":"https:\/\/borncity.eu\/senioren\/wp-json\/wp\/v2\/categories?post=29722"},{"taxonomy":"post_tag","embeddable":true,"href":"https:\/\/borncity.eu\/senioren\/wp-json\/wp\/v2\/tags?post=29722"}],"curies":[{"name":"wp","href":"https:\/\/api.w.org\/{rel}","templated":true}]}}